{"id":9158,"date":"2025-06-21T18:02:09","date_gmt":"2025-06-21T18:02:09","guid":{"rendered":"https:\/\/araisemprecultura.cat\/?p=9158"},"modified":"2026-02-11T12:07:37","modified_gmt":"2026-02-11T12:07:37","slug":"trobada-de-ball-de-bastons-a-montserrat","status":"publish","type":"post","link":"https:\/\/araisemprecultura.cat\/index.php\/trobada-de-ball-de-bastons-a-montserrat\/noticies\/araisempre\/","title":{"rendered":"Trobada de Ball de Bastons a Montserrat"},"content":{"rendered":"\t\t<div data-elementor-type=\"wp-post\" data-elementor-id=\"9158\" class=\"elementor elementor-9158\">\n\t\t\t\t\t\t<section class=\"elementor-section elementor-top-section elementor-element elementor-element-4566b714 elementor-section-boxed elementor-section-height-default elementor-section-height-default\" data-id=\"4566b714\" data-element_type=\"section\" data-settings=\"{&quot;_ha_eqh_enable&quot;:false}\">\n\t\t\t\t\t\t<div class=\"elementor-container elementor-column-gap-default\">\n\t\t\t\t\t<div class=\"elementor-column elementor-col-100 elementor-top-column elementor-element elementor-element-4a5f4662\" data-id=\"4a5f4662\" data-element_type=\"column\">\n\t\t\t<div class=\"elementor-widget-wrap elementor-element-populated\">\n\t\t\t\t\t\t<div class=\"elementor-element elementor-element-28aa1c1b elementor-widget elementor-widget-text-editor\" data-id=\"28aa1c1b\" data-element_type=\"widget\" data-widget_type=\"text-editor.default\">\n\t\t\t\t<div class=\"elementor-widget-container\">\n\t\t\t<style>\/*! elementor - v3.21.0 - 18-04-2024 *\/\n.elementor-widget-text-editor.elementor-drop-cap-view-stacked .elementor-drop-cap{background-color:#69727d;color:#fff}.elementor-widget-text-editor.elementor-drop-cap-view-framed .elementor-drop-cap{color:#69727d;border:3px solid;background-color:transparent}.elementor-widget-text-editor:not(.elementor-drop-cap-view-default) .elementor-drop-cap{margin-top:8px}.elementor-widget-text-editor:not(.elementor-drop-cap-view-default) .elementor-drop-cap-letter{width:1em;height:1em}.elementor-widget-text-editor .elementor-drop-cap{float:left;text-align:center;line-height:1;font-size:50px}.elementor-widget-text-editor .elementor-drop-cap-letter{display:inline-block}<\/style>\t\t\t\t<p><em>21 de juny de 2025<\/em><\/p><p style=\"text-align: justify;\">Avui, la Colla Bastonera Les Romanes ha participat en la Trobada de Ball de Bastons impulsada pel comissionat del Mil\u00b7lenari de Montserrat i la Coordinadora de Ball de Bastons de Catalunya. Una jornada m\u00e0gica no nom\u00e9s pel lloc sin\u00f3 pel retrobament amb tantes i tantes amistats i fam\u00edlies bastoneres que tants somriures ens provoquen. Gr\u00e0cies a totes les persones que ho heu fet possible! Nosaltres ENAMORADES de compartir moments amb el m\u00f3n bastoner!<\/p><p>VISCA EL BALL DE BASTONS I VISCA LA CULTURA POPULAR! ARA I SEMPRE!\u00a0<\/p>\t\t\t\t\t\t<\/div>\n\t\t\t\t<\/div>\n\t\t\t\t<div class=\"elementor-element elementor-element-3165c91 elementor-arrows-position-inside elementor-pagination-position-outside elementor-widget elementor-widget-image-carousel\" data-id=\"3165c91\" data-element_type=\"widget\" data-settings=\"{&quot;slides_to_show&quot;:&quot;1&quot;,&quot;navigation&quot;:&quot;both&quot;,&quot;autoplay&quot;:&quot;yes&quot;,&quot;pause_on_hover&quot;:&quot;yes&quot;,&quot;pause_on_interaction&quot;:&quot;yes&quot;,&quot;autoplay_speed&quot;:5000,&quot;infinite&quot;:&quot;yes&quot;,&quot;effect&quot;:&quot;slide&quot;,&quot;speed&quot;:500}\" data-widget_type=\"image-carousel.default\">\n\t\t\t\t<div class=\"elementor-widget-container\">\n\t\t\t<style>\/*! elementor - v3.21.0 - 18-04-2024 *\/\n.elementor-widget-image-carousel .swiper,.elementor-widget-image-carousel .swiper-container{position:static}.elementor-widget-image-carousel .swiper-container .swiper-slide figure,.elementor-widget-image-carousel .swiper .swiper-slide figure{line-height:inherit}.elementor-widget-image-carousel .swiper-slide{text-align:center}.elementor-image-carousel-wrapper:not(.swiper-container-initialized):not(.swiper-initialized) .swiper-slide{max-width:calc(100% \/ var(--e-image-carousel-slides-to-show, 3))}<\/style>\t\t<div class=\"elementor-image-carousel-wrapper swiper\" dir=\"ltr\">\n\t\t\t<div class=\"elementor-image-carousel swiper-wrapper\" aria-live=\"off\">\n\t\t\t\t\t\t\t\t<div class=\"swiper-slide\" role=\"group\" aria-roledescription=\"slide\" aria-label=\"1 de 17\"><figure class=\"swiper-slide-inner\"><img decoding=\"async\" class=\"swiper-slide-image\" src=\"https:\/\/araisemprecultura.cat\/wp-content\/uploads\/2025\/06\/Avui-la-Colla-Bastonera-Les-Romanes-ha-participat-en-la-Trobada-de-Ball-de-Bastons-impulsada-pe.jpg\" alt=\"Avui, la Colla Bastonera Les Romanes ha participat en la Trobada de Ball de Bastons impulsada pe\" \/><\/figure><\/div><div class=\"swiper-slide\" role=\"group\" aria-roledescription=\"slide\" aria-label=\"2 de 17\"><figure class=\"swiper-slide-inner\"><img decoding=\"async\" class=\"swiper-slide-image\" src=\"https:\/\/araisemprecultura.cat\/wp-content\/uploads\/2025\/06\/Avui-la-Colla-Bastonera-Les-Romanes-ha-participat-en-la-Trobada-de-Ball-de-Bastons-impulsada-pe-1.jpg\" alt=\"Avui, la Colla Bastonera Les Romanes ha participat en la Trobada de Ball de Bastons impulsada pe (1)\" \/><\/figure><\/div><div class=\"swiper-slide\" role=\"group\" aria-roledescription=\"slide\" aria-label=\"3 de 17\"><figure class=\"swiper-slide-inner\"><img decoding=\"async\" class=\"swiper-slide-image\" src=\"https:\/\/araisemprecultura.cat\/wp-content\/uploads\/2025\/06\/Avui-la-Colla-Bastonera-Les-Romanes-ha-participat-en-la-Trobada-de-Ball-de-Bastons-impulsada-pe-2.jpg\" alt=\"Avui, la Colla Bastonera Les Romanes ha participat en la Trobada de Ball de Bastons impulsada pe (2)\" \/><\/figure><\/div><div class=\"swiper-slide\" role=\"group\" aria-roledescription=\"slide\" aria-label=\"4 de 17\"><figure class=\"swiper-slide-inner\"><img decoding=\"async\" class=\"swiper-slide-image\" src=\"https:\/\/araisemprecultura.cat\/wp-content\/uploads\/2025\/06\/Avui-la-Colla-Bastonera-Les-Romanes-ha-participat-en-la-Trobada-de-Ball-de-Bastons-impulsada-pe-3.jpg\" alt=\"Avui, la Colla Bastonera Les Romanes ha participat en la Trobada de Ball de Bastons impulsada pe (3)\" \/><\/figure><\/div><div class=\"swiper-slide\" role=\"group\" aria-roledescription=\"slide\" aria-label=\"5 de 17\"><figure class=\"swiper-slide-inner\"><img decoding=\"async\" class=\"swiper-slide-image\" src=\"https:\/\/araisemprecultura.cat\/wp-content\/uploads\/2025\/06\/Avui-la-Colla-Bastonera-Les-Romanes-ha-participat-en-la-Trobada-de-Ball-de-Bastons-impulsada-pe-4.jpg\" alt=\"Avui, la Colla Bastonera Les Romanes ha participat en la Trobada de Ball de Bastons impulsada pe (4)\" \/><\/figure><\/div><div class=\"swiper-slide\" role=\"group\" aria-roledescription=\"slide\" aria-label=\"6 de 17\"><figure class=\"swiper-slide-inner\"><img decoding=\"async\" class=\"swiper-slide-image\" src=\"https:\/\/araisemprecultura.cat\/wp-content\/uploads\/2025\/06\/Avui-la-Colla-Bastonera-Les-Romanes-ha-participat-en-la-Trobada-de-Ball-de-Bastons-impulsada-pe-5.jpg\" alt=\"Avui, la Colla Bastonera Les Romanes ha participat en la Trobada de Ball de Bastons impulsada pe (5)\" \/><\/figure><\/div><div class=\"swiper-slide\" role=\"group\" aria-roledescription=\"slide\" aria-label=\"7 de 17\"><figure class=\"swiper-slide-inner\"><img decoding=\"async\" class=\"swiper-slide-image\" src=\"https:\/\/araisemprecultura.cat\/wp-content\/uploads\/2025\/06\/Avui-la-Colla-Bastonera-Les-Romanes-ha-participat-en-la-Trobada-de-Ball-de-Bastons-impulsada-pe-6.jpg\" alt=\"Avui, la Colla Bastonera Les Romanes ha participat en la Trobada de Ball de Bastons impulsada pe (6)\" \/><\/figure><\/div><div class=\"swiper-slide\" role=\"group\" aria-roledescription=\"slide\" aria-label=\"8 de 17\"><figure class=\"swiper-slide-inner\"><img decoding=\"async\" class=\"swiper-slide-image\" src=\"https:\/\/araisemprecultura.cat\/wp-content\/uploads\/2025\/06\/Avui-la-Colla-Bastonera-Les-Romanes-ha-participat-en-la-Trobada-de-Ball-de-Bastons-impulsada-pe-7.jpg\" alt=\"Avui, la Colla Bastonera Les Romanes ha participat en la Trobada de Ball de Bastons impulsada pe (7)\" \/><\/figure><\/div><div class=\"swiper-slide\" role=\"group\" aria-roledescription=\"slide\" aria-label=\"9 de 17\"><figure class=\"swiper-slide-inner\"><img decoding=\"async\" class=\"swiper-slide-image\" src=\"https:\/\/araisemprecultura.cat\/wp-content\/uploads\/2025\/06\/Avui-la-Colla-Bastonera-Les-Romanes-ha-participat-en-la-Trobada-de-Ball-de-Bastons-impulsada-pe-8.jpg\" alt=\"Avui, la Colla Bastonera Les Romanes ha participat en la Trobada de Ball de Bastons impulsada pe (8)\" \/><\/figure><\/div><div class=\"swiper-slide\" role=\"group\" aria-roledescription=\"slide\" aria-label=\"10 de 17\"><figure class=\"swiper-slide-inner\"><img decoding=\"async\" class=\"swiper-slide-image\" src=\"https:\/\/araisemprecultura.cat\/wp-content\/uploads\/2025\/06\/Avui-la-Colla-Bastonera-Les-Romanes-ha-participat-en-la-Trobada-de-Ball-de-Bastons-impulsada-pe-9.jpg\" alt=\"Avui, la Colla Bastonera Les Romanes ha participat en la Trobada de Ball de Bastons impulsada pe (9)\" \/><\/figure><\/div><div class=\"swiper-slide\" role=\"group\" aria-roledescription=\"slide\" aria-label=\"11 de 17\"><figure class=\"swiper-slide-inner\"><img decoding=\"async\" class=\"swiper-slide-image\" src=\"https:\/\/araisemprecultura.cat\/wp-content\/uploads\/2025\/06\/Avui-la-Colla-Bastonera-Les-Romanes-ha-participat-en-la-Trobada-de-Ball-de-Bastons-impulsada-pe-10.jpg\" alt=\"Avui, la Colla Bastonera Les Romanes ha participat en la Trobada de Ball de Bastons impulsada pe (10)\" \/><\/figure><\/div><div class=\"swiper-slide\" role=\"group\" aria-roledescription=\"slide\" aria-label=\"12 de 17\"><figure class=\"swiper-slide-inner\"><img decoding=\"async\" class=\"swiper-slide-image\" src=\"https:\/\/araisemprecultura.cat\/wp-content\/uploads\/2025\/06\/Avui-la-Colla-Bastonera-Les-Romanes-ha-participat-en-la-Trobada-de-Ball-de-Bastons-impulsada-pe-11.jpg\" alt=\"Avui, la Colla Bastonera Les Romanes ha participat en la Trobada de Ball de Bastons impulsada pe (11)\" \/><\/figure><\/div><div class=\"swiper-slide\" role=\"group\" aria-roledescription=\"slide\" aria-label=\"13 de 17\"><figure class=\"swiper-slide-inner\"><img decoding=\"async\" class=\"swiper-slide-image\" src=\"https:\/\/araisemprecultura.cat\/wp-content\/uploads\/2025\/06\/Avui-la-Colla-Bastonera-Les-Romanes-ha-participat-en-la-Trobada-de-Ball-de-Bastons-impulsada-pe-12.jpg\" alt=\"Avui, la Colla Bastonera Les Romanes ha participat en la Trobada de Ball de Bastons impulsada pe (12)\" \/><\/figure><\/div><div class=\"swiper-slide\" role=\"group\" aria-roledescription=\"slide\" aria-label=\"14 de 17\"><figure class=\"swiper-slide-inner\"><img decoding=\"async\" class=\"swiper-slide-image\" src=\"https:\/\/araisemprecultura.cat\/wp-content\/uploads\/2025\/06\/Avui-la-Colla-Bastonera-Les-Romanes-ha-participat-en-la-Trobada-de-Ball-de-Bastons-impulsada-pe-13.jpg\" alt=\"Avui, la Colla Bastonera Les Romanes ha participat en la Trobada de Ball de Bastons impulsada pe (13)\" \/><\/figure><\/div><div class=\"swiper-slide\" role=\"group\" aria-roledescription=\"slide\" aria-label=\"15 de 17\"><figure class=\"swiper-slide-inner\"><img decoding=\"async\" class=\"swiper-slide-image\" src=\"https:\/\/araisemprecultura.cat\/wp-content\/uploads\/2025\/06\/Avui-la-Colla-Bastonera-Les-Romanes-ha-participat-en-la-Trobada-de-Ball-de-Bastons-impulsada-pe-14.jpg\" alt=\"Avui, la Colla Bastonera Les Romanes ha participat en la Trobada de Ball de Bastons impulsada pe (14)\" \/><\/figure><\/div><div class=\"swiper-slide\" role=\"group\" aria-roledescription=\"slide\" aria-label=\"16 de 17\"><figure class=\"swiper-slide-inner\"><img decoding=\"async\" class=\"swiper-slide-image\" src=\"https:\/\/araisemprecultura.cat\/wp-content\/uploads\/2025\/06\/Avui-la-Colla-Bastonera-Les-Romanes-ha-participat-en-la-Trobada-de-Ball-de-Bastons-impulsada-pe-15.jpg\" alt=\"Avui, la Colla Bastonera Les Romanes ha participat en la Trobada de Ball de Bastons impulsada pe (15)\" \/><\/figure><\/div><div class=\"swiper-slide\" role=\"group\" aria-roledescription=\"slide\" aria-label=\"17 de 17\"><figure class=\"swiper-slide-inner\"><img decoding=\"async\" class=\"swiper-slide-image\" src=\"https:\/\/araisemprecultura.cat\/wp-content\/uploads\/2025\/06\/Avui-la-Colla-Bastonera-Les-Romanes-ha-participat-en-la-Trobada-de-Ball-de-Bastons-impulsada-pe-16.jpg\" alt=\"Avui, la Colla Bastonera Les Romanes ha participat en la Trobada de Ball de Bastons impulsada pe (16)\" \/><\/figure><\/div>\t\t\t<\/div>\n\t\t\t\t\t\t\t\t\t\t\t\t<div class=\"elementor-swiper-button elementor-swiper-button-prev\" role=\"button\" tabindex=\"0\">\n\t\t\t\t\t\t<i aria-hidden=\"true\" class=\"eicon-chevron-left\"><\/i>\t\t\t\t\t<\/div>\n\t\t\t\t\t<div class=\"elementor-swiper-button elementor-swiper-button-next\" role=\"button\" tabindex=\"0\">\n\t\t\t\t\t\t<i aria-hidden=\"true\" class=\"eicon-chevron-right\"><\/i>\t\t\t\t\t<\/div>\n\t\t\t\t\n\t\t\t\t\t\t\t\t\t<div class=\"swiper-pagination\"><\/div>\n\t\t\t\t\t\t\t\t\t<\/div>\n\t\t\t\t<\/div>\n\t\t\t\t<\/div>\n\t\t\t\t\t<\/div>\n\t\t<\/div>\n\t\t\t\t\t<\/div>\n\t\t<\/section>\n\t\t\t\t<\/div>\n\t\t","protected":false},"excerpt":{"rendered":"<p>21 de juny de 2025 Avui, la Colla Bastonera Les Romanes ha participat en la Trobada de Ball de Bastons impulsada pel comissionat del Mil\u00b7lenari de Montserrat i la Coordinadora de Ball de Bastons de Catalunya. Una jornada m\u00e0gica no nom\u00e9s pel lloc sin\u00f3 pel retrobament amb tantes i tantes amistats i fam\u00edlies bastoneres que [&hellip;]<\/p>\n","protected":false},"author":3,"featured_media":9176,"comment_status":"closed","ping_status":"closed","sticky":false,"template":"","format":"standard","meta":{"_acf_changed":false,"footnotes":""},"categories":[7,1],"tags":[],"class_list":["post-9158","post","type-post","status-publish","format-standard","has-post-thumbnail","hentry","category-ball-de-bastons","category-noticies"],"acf":[],"yoast_head":"<!-- This site is optimized with the Yoast SEO plugin v21.8 - https:\/\/yoast.com\/wordpress\/plugins\/seo\/ -->\n<title>Trobada de Ball de Bastons a Montserrat - ARA I SEMPRE<\/title>\n<meta name=\"robots\" content=\"index, follow, max-snippet:-1, max-image-preview:large, max-video-preview:-1\" \/>\n<link rel=\"canonical\" href=\"https:\/\/araisemprecultura.cat\/index.php\/trobada-de-ball-de-bastons-a-montserrat\/noticies\/araisempre\/\" \/>\n<meta property=\"og:locale\" content=\"ca_ES\" \/>\n<meta property=\"og:type\" content=\"article\" \/>\n<meta property=\"og:title\" content=\"Trobada de Ball de Bastons a Montserrat - ARA I SEMPRE\" \/>\n<meta property=\"og:description\" content=\"21 de juny de 2025 Avui, la Colla Bastonera Les Romanes ha participat en la Trobada de Ball de Bastons impulsada pel comissionat del Mil\u00b7lenari de Montserrat i la Coordinadora de Ball de Bastons de Catalunya. Una jornada m\u00e0gica no nom\u00e9s pel lloc sin\u00f3 pel retrobament amb tantes i tantes amistats i fam\u00edlies bastoneres que [&hellip;]\" \/>\n<meta property=\"og:url\" content=\"https:\/\/araisemprecultura.cat\/index.php\/trobada-de-ball-de-bastons-a-montserrat\/noticies\/araisempre\/\" \/>\n<meta property=\"og:site_name\" content=\"ARA I SEMPRE\" \/>\n<meta property=\"article:published_time\" content=\"2025-06-21T18:02:09+00:00\" \/>\n<meta property=\"article:modified_time\" content=\"2026-02-11T12:07:37+00:00\" \/>\n<meta property=\"og:image\" content=\"https:\/\/araisemprecultura.cat\/wp-content\/uploads\/2025\/06\/Avui-la-Colla-Bastonera-Les-Romanes-ha-participat-en-la-Trobada-de-Ball-de-Bastons-impulsada-pe.jpg\" \/>\n\t<meta property=\"og:image:width\" content=\"1080\" \/>\n\t<meta property=\"og:image:height\" content=\"722\" \/>\n\t<meta property=\"og:image:type\" content=\"image\/jpeg\" \/>\n<meta name=\"author\" content=\"Associaci\u00f3 ARA I SEMPRE\" \/>\n<meta name=\"twitter:card\" content=\"summary_large_image\" \/>\n<meta name=\"twitter:label1\" content=\"Escrit per\" \/>\n\t<meta name=\"twitter:data1\" content=\"Associaci\u00f3 ARA I SEMPRE\" \/>\n\t<meta name=\"twitter:label2\" content=\"Temps estimat de lectura\" \/>\n\t<meta name=\"twitter:data2\" content=\"5 minuts\" \/>\n<script type=\"application\/ld+json\" class=\"yoast-schema-graph\">{\"@context\":\"https:\/\/schema.org\",\"@graph\":[{\"@type\":\"Article\",\"@id\":\"https:\/\/araisemprecultura.cat\/index.php\/trobada-de-ball-de-bastons-a-montserrat\/noticies\/araisempre\/#article\",\"isPartOf\":{\"@id\":\"https:\/\/araisemprecultura.cat\/index.php\/trobada-de-ball-de-bastons-a-montserrat\/noticies\/araisempre\/\"},\"author\":{\"name\":\"Associaci\u00f3 ARA I SEMPRE\",\"@id\":\"https:\/\/araisemprecultura.cat\/#\/schema\/person\/63f5d9084c529771425e563e055e9753\"},\"headline\":\"Trobada de Ball de Bastons a Montserrat\",\"datePublished\":\"2025-06-21T18:02:09+00:00\",\"dateModified\":\"2026-02-11T12:07:37+00:00\",\"mainEntityOfPage\":{\"@id\":\"https:\/\/araisemprecultura.cat\/index.php\/trobada-de-ball-de-bastons-a-montserrat\/noticies\/araisempre\/\"},\"wordCount\":102,\"publisher\":{\"@id\":\"https:\/\/araisemprecultura.cat\/#organization\"},\"articleSection\":[\"Ball de Bastons\",\"Not\u00edcies\"],\"inLanguage\":\"ca\"},{\"@type\":\"WebPage\",\"@id\":\"https:\/\/araisemprecultura.cat\/index.php\/trobada-de-ball-de-bastons-a-montserrat\/noticies\/araisempre\/\",\"url\":\"https:\/\/araisemprecultura.cat\/index.php\/trobada-de-ball-de-bastons-a-montserrat\/noticies\/araisempre\/\",\"name\":\"Trobada de Ball de Bastons a Montserrat - ARA I SEMPRE\",\"isPartOf\":{\"@id\":\"https:\/\/araisemprecultura.cat\/#website\"},\"datePublished\":\"2025-06-21T18:02:09+00:00\",\"dateModified\":\"2026-02-11T12:07:37+00:00\",\"breadcrumb\":{\"@id\":\"https:\/\/araisemprecultura.cat\/index.php\/trobada-de-ball-de-bastons-a-montserrat\/noticies\/araisempre\/#breadcrumb\"},\"inLanguage\":\"ca\",\"potentialAction\":[{\"@type\":\"ReadAction\",\"target\":[\"https:\/\/araisemprecultura.cat\/index.php\/trobada-de-ball-de-bastons-a-montserrat\/noticies\/araisempre\/\"]}]},{\"@type\":\"BreadcrumbList\",\"@id\":\"https:\/\/araisemprecultura.cat\/index.php\/trobada-de-ball-de-bastons-a-montserrat\/noticies\/araisempre\/#breadcrumb\",\"itemListElement\":[{\"@type\":\"ListItem\",\"position\":1,\"name\":\"Inici\",\"item\":\"https:\/\/araisemprecultura.cat\/\"},{\"@type\":\"ListItem\",\"position\":2,\"name\":\"Trobada de Ball de Bastons a Montserrat\"}]},{\"@type\":\"WebSite\",\"@id\":\"https:\/\/araisemprecultura.cat\/#website\",\"url\":\"https:\/\/araisemprecultura.cat\/\",\"name\":\"ARA I SEMPRE\",\"description\":\"\",\"publisher\":{\"@id\":\"https:\/\/araisemprecultura.cat\/#organization\"},\"potentialAction\":[{\"@type\":\"SearchAction\",\"target\":{\"@type\":\"EntryPoint\",\"urlTemplate\":\"https:\/\/araisemprecultura.cat\/?s={search_term_string}\"},\"query-input\":\"required name=search_term_string\"}],\"inLanguage\":\"ca\"},{\"@type\":\"Organization\",\"@id\":\"https:\/\/araisemprecultura.cat\/#organization\",\"name\":\"ARA I SEMPRE\",\"url\":\"https:\/\/araisemprecultura.cat\/\",\"logo\":{\"@type\":\"ImageObject\",\"inLanguage\":\"ca\",\"@id\":\"https:\/\/araisemprecultura.cat\/#\/schema\/logo\/image\/\",\"url\":\"https:\/\/araisemprecultura.cat\/wp-content\/uploads\/2022\/02\/Disseny-imatge-ara-i-sempre-161.png\",\"contentUrl\":\"https:\/\/araisemprecultura.cat\/wp-content\/uploads\/2022\/02\/Disseny-imatge-ara-i-sempre-161.png\",\"width\":\"1962\",\"height\":\"713\",\"caption\":\"ARA I SEMPRE\"},\"image\":{\"@id\":\"https:\/\/araisemprecultura.cat\/#\/schema\/logo\/image\/\"}},{\"@type\":\"Person\",\"@id\":\"https:\/\/araisemprecultura.cat\/#\/schema\/person\/63f5d9084c529771425e563e055e9753\",\"name\":\"Associaci\u00f3 ARA I SEMPRE\",\"image\":{\"@type\":\"ImageObject\",\"inLanguage\":\"ca\",\"@id\":\"https:\/\/araisemprecultura.cat\/#\/schema\/person\/image\/\",\"url\":\"https:\/\/secure.gravatar.com\/avatar\/79119cae4235670f2cf10d32f7e31d7e8ddcdc1f4fa0a59abe7d167411092c01?s=96&r=g\",\"contentUrl\":\"https:\/\/secure.gravatar.com\/avatar\/79119cae4235670f2cf10d32f7e31d7e8ddcdc1f4fa0a59abe7d167411092c01?s=96&r=g\",\"caption\":\"Associaci\u00f3 ARA I SEMPRE\"},\"url\":\"https:\/\/araisemprecultura.cat\/index.php\/author\/araisempre\/\"}]}<\/script>\n<!-- \/ Yoast SEO plugin. -->","yoast_head_json":{"title":"Trobada de Ball de Bastons a Montserrat - ARA I SEMPRE","robots":{"index":"index","follow":"follow","max-snippet":"max-snippet:-1","max-image-preview":"max-image-preview:large","max-video-preview":"max-video-preview:-1"},"canonical":"https:\/\/araisemprecultura.cat\/index.php\/trobada-de-ball-de-bastons-a-montserrat\/noticies\/araisempre\/","og_locale":"ca_ES","og_type":"article","og_title":"Trobada de Ball de Bastons a Montserrat - ARA I SEMPRE","og_description":"21 de juny de 2025 Avui, la Colla Bastonera Les Romanes ha participat en la Trobada de Ball de Bastons impulsada pel comissionat del Mil\u00b7lenari de Montserrat i la Coordinadora de Ball de Bastons de Catalunya. Una jornada m\u00e0gica no nom\u00e9s pel lloc sin\u00f3 pel retrobament amb tantes i tantes amistats i fam\u00edlies bastoneres que [&hellip;]","og_url":"https:\/\/araisemprecultura.cat\/index.php\/trobada-de-ball-de-bastons-a-montserrat\/noticies\/araisempre\/","og_site_name":"ARA I SEMPRE","article_published_time":"2025-06-21T18:02:09+00:00","article_modified_time":"2026-02-11T12:07:37+00:00","og_image":[{"width":"1080","height":"722","url":"https:\/\/araisemprecultura.cat\/wp-content\/uploads\/2025\/06\/Avui-la-Colla-Bastonera-Les-Romanes-ha-participat-en-la-Trobada-de-Ball-de-Bastons-impulsada-pe.jpg","type":"image\/jpeg"}],"author":"Associaci\u00f3 ARA I SEMPRE","twitter_card":"summary_large_image","twitter_misc":{"Escrit per":"Associaci\u00f3 ARA I SEMPRE","Temps estimat de lectura":"5 minuts"},"schema":{"@context":"https:\/\/schema.org","@graph":[{"@type":"Article","@id":"https:\/\/araisemprecultura.cat\/index.php\/trobada-de-ball-de-bastons-a-montserrat\/noticies\/araisempre\/#article","isPartOf":{"@id":"https:\/\/araisemprecultura.cat\/index.php\/trobada-de-ball-de-bastons-a-montserrat\/noticies\/araisempre\/"},"author":{"name":"Associaci\u00f3 ARA I SEMPRE","@id":"https:\/\/araisemprecultura.cat\/#\/schema\/person\/63f5d9084c529771425e563e055e9753"},"headline":"Trobada de Ball de Bastons a Montserrat","datePublished":"2025-06-21T18:02:09+00:00","dateModified":"2026-02-11T12:07:37+00:00","mainEntityOfPage":{"@id":"https:\/\/araisemprecultura.cat\/index.php\/trobada-de-ball-de-bastons-a-montserrat\/noticies\/araisempre\/"},"wordCount":102,"publisher":{"@id":"https:\/\/araisemprecultura.cat\/#organization"},"articleSection":["Ball de Bastons","Not\u00edcies"],"inLanguage":"ca"},{"@type":"WebPage","@id":"https:\/\/araisemprecultura.cat\/index.php\/trobada-de-ball-de-bastons-a-montserrat\/noticies\/araisempre\/","url":"https:\/\/araisemprecultura.cat\/index.php\/trobada-de-ball-de-bastons-a-montserrat\/noticies\/araisempre\/","name":"Trobada de Ball de Bastons a Montserrat - ARA I SEMPRE","isPartOf":{"@id":"https:\/\/araisemprecultura.cat\/#website"},"datePublished":"2025-06-21T18:02:09+00:00","dateModified":"2026-02-11T12:07:37+00:00","breadcrumb":{"@id":"https:\/\/araisemprecultura.cat\/index.php\/trobada-de-ball-de-bastons-a-montserrat\/noticies\/araisempre\/#breadcrumb"},"inLanguage":"ca","potentialAction":[{"@type":"ReadAction","target":["https:\/\/araisemprecultura.cat\/index.php\/trobada-de-ball-de-bastons-a-montserrat\/noticies\/araisempre\/"]}]},{"@type":"BreadcrumbList","@id":"https:\/\/araisemprecultura.cat\/index.php\/trobada-de-ball-de-bastons-a-montserrat\/noticies\/araisempre\/#breadcrumb","itemListElement":[{"@type":"ListItem","position":1,"name":"Inici","item":"https:\/\/araisemprecultura.cat\/"},{"@type":"ListItem","position":2,"name":"Trobada de Ball de Bastons a Montserrat"}]},{"@type":"WebSite","@id":"https:\/\/araisemprecultura.cat\/#website","url":"https:\/\/araisemprecultura.cat\/","name":"ARA I SEMPRE","description":"","publisher":{"@id":"https:\/\/araisemprecultura.cat\/#organization"},"potentialAction":[{"@type":"SearchAction","target":{"@type":"EntryPoint","urlTemplate":"https:\/\/araisemprecultura.cat\/?s={search_term_string}"},"query-input":"required name=search_term_string"}],"inLanguage":"ca"},{"@type":"Organization","@id":"https:\/\/araisemprecultura.cat\/#organization","name":"ARA I SEMPRE","url":"https:\/\/araisemprecultura.cat\/","logo":{"@type":"ImageObject","inLanguage":"ca","@id":"https:\/\/araisemprecultura.cat\/#\/schema\/logo\/image\/","url":"https:\/\/araisemprecultura.cat\/wp-content\/uploads\/2022\/02\/Disseny-imatge-ara-i-sempre-161.png","contentUrl":"https:\/\/araisemprecultura.cat\/wp-content\/uploads\/2022\/02\/Disseny-imatge-ara-i-sempre-161.png","width":"1962","height":"713","caption":"ARA I SEMPRE"},"image":{"@id":"https:\/\/araisemprecultura.cat\/#\/schema\/logo\/image\/"}},{"@type":"Person","@id":"https:\/\/araisemprecultura.cat\/#\/schema\/person\/63f5d9084c529771425e563e055e9753","name":"Associaci\u00f3 ARA I SEMPRE","image":{"@type":"ImageObject","inLanguage":"ca","@id":"https:\/\/araisemprecultura.cat\/#\/schema\/person\/image\/","url":"https:\/\/secure.gravatar.com\/avatar\/79119cae4235670f2cf10d32f7e31d7e8ddcdc1f4fa0a59abe7d167411092c01?s=96&r=g","contentUrl":"https:\/\/secure.gravatar.com\/avatar\/79119cae4235670f2cf10d32f7e31d7e8ddcdc1f4fa0a59abe7d167411092c01?s=96&r=g","caption":"Associaci\u00f3 ARA I SEMPRE"},"url":"https:\/\/araisemprecultura.cat\/index.php\/author\/araisempre\/"}]}},"_links":{"self":[{"href":"https:\/\/araisemprecultura.cat\/index.php\/wp-json\/wp\/v2\/posts\/9158","targetHints":{"allow":["GET"]}}],"collection":[{"href":"https:\/\/araisemprecultura.cat\/index.php\/wp-json\/wp\/v2\/posts"}],"about":[{"href":"https:\/\/araisemprecultura.cat\/index.php\/wp-json\/wp\/v2\/types\/post"}],"author":[{"embeddable":true,"href":"https:\/\/araisemprecultura.cat\/index.php\/wp-json\/wp\/v2\/users\/3"}],"replies":[{"embeddable":true,"href":"https:\/\/araisemprecultura.cat\/index.php\/wp-json\/wp\/v2\/comments?post=9158"}],"version-history":[{"count":4,"href":"https:\/\/araisemprecultura.cat\/index.php\/wp-json\/wp\/v2\/posts\/9158\/revisions"}],"predecessor-version":[{"id":9179,"href":"https:\/\/araisemprecultura.cat\/index.php\/wp-json\/wp\/v2\/posts\/9158\/revisions\/9179"}],"wp:featuredmedia":[{"embeddable":true,"href":"https:\/\/araisemprecultura.cat\/index.php\/wp-json\/wp\/v2\/media\/9176"}],"wp:attachment":[{"href":"https:\/\/araisemprecultura.cat\/index.php\/wp-json\/wp\/v2\/media?parent=9158"}],"wp:term":[{"taxonomy":"category","embeddable":true,"href":"https:\/\/araisemprecultura.cat\/index.php\/wp-json\/wp\/v2\/categories?post=9158"},{"taxonomy":"post_tag","embeddable":true,"href":"https:\/\/araisemprecultura.cat\/index.php\/wp-json\/wp\/v2\/tags?post=9158"}],"curies":[{"name":"wp","href":"https:\/\/api.w.org\/{rel}","templated":true}]}}