{"id":8835,"date":"2025-12-30T22:33:08","date_gmt":"2025-12-30T22:33:08","guid":{"rendered":"https:\/\/araisemprecultura.cat\/?p=8835"},"modified":"2025-12-30T22:43:30","modified_gmt":"2025-12-30T22:43:30","slug":"neix-la-festa-dels-2-nassos-a-barbera-del-valles","status":"publish","type":"post","link":"https:\/\/araisemprecultura.cat\/index.php\/neix-la-festa-dels-2-nassos-a-barbera-del-valles\/noticies\/araisempre\/","title":{"rendered":"Neix la Festa dels 2 Nassos a Barber\u00e0 del Vall\u00e8s!"},"content":{"rendered":"\t\t<div data-elementor-type=\"wp-post\" data-elementor-id=\"8835\" class=\"elementor elementor-8835\">\n\t\t\t\t\t\t<section class=\"elementor-section elementor-top-section elementor-element elementor-element-4566b714 elementor-section-boxed elementor-section-height-default elementor-section-height-default\" data-id=\"4566b714\" data-element_type=\"section\" data-settings=\"{&quot;_ha_eqh_enable&quot;:false}\">\n\t\t\t\t\t\t<div class=\"elementor-container elementor-column-gap-default\">\n\t\t\t\t\t<div class=\"elementor-column elementor-col-100 elementor-top-column elementor-element elementor-element-4a5f4662\" data-id=\"4a5f4662\" data-element_type=\"column\">\n\t\t\t<div class=\"elementor-widget-wrap elementor-element-populated\">\n\t\t\t\t\t\t<div class=\"elementor-element elementor-element-28aa1c1b elementor-widget elementor-widget-text-editor\" data-id=\"28aa1c1b\" data-element_type=\"widget\" data-widget_type=\"text-editor.default\">\n\t\t\t\t<div class=\"elementor-widget-container\">\n\t\t\t<style>\/*! elementor - v3.21.0 - 18-04-2024 *\/\n.elementor-widget-text-editor.elementor-drop-cap-view-stacked .elementor-drop-cap{background-color:#69727d;color:#fff}.elementor-widget-text-editor.elementor-drop-cap-view-framed .elementor-drop-cap{color:#69727d;border:3px solid;background-color:transparent}.elementor-widget-text-editor:not(.elementor-drop-cap-view-default) .elementor-drop-cap{margin-top:8px}.elementor-widget-text-editor:not(.elementor-drop-cap-view-default) .elementor-drop-cap-letter{width:1em;height:1em}.elementor-widget-text-editor .elementor-drop-cap{float:left;text-align:center;line-height:1;font-size:50px}.elementor-widget-text-editor .elementor-drop-cap-letter{display:inline-block}<\/style>\t\t\t\t<p style=\"text-align: justify;\">Avui hem encetat la Festa dels 2 Nassos\u2026 i ha estat una passada!<\/p><p style=\"text-align: justify;\">Aquesta tarda de 30 de desembre de 2025, amb les llums de Nadal il\u00b7luminant carrers i places i amb aquell fred d\u2019hivern tan de final d\u2019any, hem sortit a ballar amb els panderos per Barber\u00e0 del Vall\u00e8s tot explicant a tothom que ens trob\u00e0vem -especialment a infants i fam\u00edlies- qu\u00e8 est\u00e0vem celebrant i quina hist\u00f2ria hi ha al darrere de la Festa dels 2 Nassos que avui hem fet n\u00e9ixer.<\/p><p style=\"text-align: justify;\">Ha estat especialment emocionant trobar-nos amb la Sara, de 12 anys -la Neko del conte-, autora del relat que ha inspirat aquesta festa, i poder-li dedicar un dels nostres balls. Un moment preci\u00f3s que ens enduem per sempre.<\/p><p style=\"text-align: justify;\">Acabar ballant pels carrers del voltant del Mercat i a la Pla\u00e7a de la Vila, tot coincidint amb el trenet de Nadal ple de gom a gom, ha estat senzillament brutal. Per\u00f2 si una cosa ens ha enamorat de veritat han estat les cares d\u2019il\u00b7lusi\u00f3, els somriures i les mirades brillants de tantes i tantes persones. Especialment d\u2019aquelles que ja sabien de qu\u00e8 anava tot plegat perqu\u00e8 ho havien escoltat a la r\u00e0dio o ho havien vist a les xarxes\u2026 i que ens esperaven amb ganes.<\/p><p style=\"text-align: justify;\">Anar regalant nassos i veure com la gent se\u2019ls col\u00b7locava en llocs impensables del cos ha estat un joc compartit, tendre i divertit. Un petit gest carregat de complicitat, imaginaci\u00f3 i m\u00e0gia.<\/p><p style=\"text-align: justify;\">Avui no nom\u00e9s hem ballat. Avui hem compartit una hist\u00f2ria, hem creat una festa i hem sembrat una llavor.<\/p><p style=\"text-align: justify;\">Gr\u00e0cies, Barber\u00e0, per acollir-la aix\u00ed. Llarga vida a la Festa dels 2 Nassos i VISCA LA CULTURA POPULAR! ARA I SEMPRE!<\/p>\t\t\t\t\t\t<\/div>\n\t\t\t\t<\/div>\n\t\t\t\t<div class=\"elementor-element elementor-element-3165c91 elementor-arrows-position-inside elementor-pagination-position-outside elementor-widget elementor-widget-image-carousel\" data-id=\"3165c91\" data-element_type=\"widget\" data-settings=\"{&quot;slides_to_show&quot;:&quot;1&quot;,&quot;navigation&quot;:&quot;both&quot;,&quot;autoplay&quot;:&quot;yes&quot;,&quot;pause_on_hover&quot;:&quot;yes&quot;,&quot;pause_on_interaction&quot;:&quot;yes&quot;,&quot;autoplay_speed&quot;:5000,&quot;infinite&quot;:&quot;yes&quot;,&quot;effect&quot;:&quot;slide&quot;,&quot;speed&quot;:500}\" data-widget_type=\"image-carousel.default\">\n\t\t\t\t<div class=\"elementor-widget-container\">\n\t\t\t<style>\/*! elementor - v3.21.0 - 18-04-2024 *\/\n.elementor-widget-image-carousel .swiper,.elementor-widget-image-carousel .swiper-container{position:static}.elementor-widget-image-carousel .swiper-container .swiper-slide figure,.elementor-widget-image-carousel .swiper .swiper-slide figure{line-height:inherit}.elementor-widget-image-carousel .swiper-slide{text-align:center}.elementor-image-carousel-wrapper:not(.swiper-container-initialized):not(.swiper-initialized) .swiper-slide{max-width:calc(100% \/ var(--e-image-carousel-slides-to-show, 3))}<\/style>\t\t<div class=\"elementor-image-carousel-wrapper swiper\" dir=\"ltr\">\n\t\t\t<div class=\"elementor-image-carousel swiper-wrapper\" aria-live=\"off\">\n\t\t\t\t\t\t\t\t<div class=\"swiper-slide\" role=\"group\" aria-roledescription=\"slide\" aria-label=\"1 de 24\"><figure class=\"swiper-slide-inner\"><img decoding=\"async\" class=\"swiper-slide-image\" src=\"https:\/\/araisemprecultura.cat\/wp-content\/uploads\/2025\/12\/950922D7-1F13-4014-AB59-DF8775645DFD.jpeg\" alt=\"950922D7-1F13-4014-AB59-DF8775645DFD\" \/><\/figure><\/div><div class=\"swiper-slide\" role=\"group\" aria-roledescription=\"slide\" aria-label=\"2 de 24\"><figure class=\"swiper-slide-inner\"><img decoding=\"async\" class=\"swiper-slide-image\" src=\"https:\/\/araisemprecultura.cat\/wp-content\/uploads\/2025\/12\/049D6734-9E1D-46D0-82F2-F1D8D653005E.jpeg\" alt=\"049D6734-9E1D-46D0-82F2-F1D8D653005E\" \/><\/figure><\/div><div class=\"swiper-slide\" role=\"group\" aria-roledescription=\"slide\" aria-label=\"3 de 24\"><figure class=\"swiper-slide-inner\"><img decoding=\"async\" class=\"swiper-slide-image\" src=\"https:\/\/araisemprecultura.cat\/wp-content\/uploads\/2025\/12\/9C0C29F0-B4E1-4D79-88AC-58144B6BD61F.jpeg\" alt=\"9C0C29F0-B4E1-4D79-88AC-58144B6BD61F\" \/><\/figure><\/div><div class=\"swiper-slide\" role=\"group\" aria-roledescription=\"slide\" aria-label=\"4 de 24\"><figure class=\"swiper-slide-inner\"><img decoding=\"async\" class=\"swiper-slide-image\" src=\"https:\/\/araisemprecultura.cat\/wp-content\/uploads\/2025\/12\/DEB81734-89D8-405D-9C3D-19097C3D7B4C.jpeg\" alt=\"DEB81734-89D8-405D-9C3D-19097C3D7B4C\" \/><\/figure><\/div><div class=\"swiper-slide\" role=\"group\" aria-roledescription=\"slide\" aria-label=\"5 de 24\"><figure class=\"swiper-slide-inner\"><img decoding=\"async\" class=\"swiper-slide-image\" src=\"https:\/\/araisemprecultura.cat\/wp-content\/uploads\/2025\/12\/7CC80A60-E67F-4C5B-BF9D-54884F63991B.jpeg\" alt=\"7CC80A60-E67F-4C5B-BF9D-54884F63991B\" \/><\/figure><\/div><div class=\"swiper-slide\" role=\"group\" aria-roledescription=\"slide\" aria-label=\"6 de 24\"><figure class=\"swiper-slide-inner\"><img decoding=\"async\" class=\"swiper-slide-image\" src=\"https:\/\/araisemprecultura.cat\/wp-content\/uploads\/2025\/12\/BF45DDB1-886A-41CA-8B6A-CD85AA6653A7.jpeg\" alt=\"BF45DDB1-886A-41CA-8B6A-CD85AA6653A7\" \/><\/figure><\/div><div class=\"swiper-slide\" role=\"group\" aria-roledescription=\"slide\" aria-label=\"7 de 24\"><figure class=\"swiper-slide-inner\"><img decoding=\"async\" class=\"swiper-slide-image\" src=\"https:\/\/araisemprecultura.cat\/wp-content\/uploads\/2025\/12\/C7777B9E-3E62-482D-818E-4596F246F8DE.jpeg\" alt=\"C7777B9E-3E62-482D-818E-4596F246F8DE\" \/><\/figure><\/div><div class=\"swiper-slide\" role=\"group\" aria-roledescription=\"slide\" aria-label=\"8 de 24\"><figure class=\"swiper-slide-inner\"><img decoding=\"async\" class=\"swiper-slide-image\" src=\"https:\/\/araisemprecultura.cat\/wp-content\/uploads\/2025\/12\/571769BD-CD8F-4175-A041-42458349FA17.jpeg\" alt=\"571769BD-CD8F-4175-A041-42458349FA17\" \/><\/figure><\/div><div class=\"swiper-slide\" role=\"group\" aria-roledescription=\"slide\" aria-label=\"9 de 24\"><figure class=\"swiper-slide-inner\"><img decoding=\"async\" class=\"swiper-slide-image\" src=\"https:\/\/araisemprecultura.cat\/wp-content\/uploads\/2025\/12\/D36F23E5-73AC-4E67-81C1-22F6D0792879-scaled.jpeg\" alt=\"D36F23E5-73AC-4E67-81C1-22F6D0792879\" \/><\/figure><\/div><div class=\"swiper-slide\" role=\"group\" aria-roledescription=\"slide\" aria-label=\"10 de 24\"><figure class=\"swiper-slide-inner\"><img decoding=\"async\" class=\"swiper-slide-image\" src=\"https:\/\/araisemprecultura.cat\/wp-content\/uploads\/2025\/12\/EAD581ED-4F53-46A5-BBE2-B348489DE0D0.jpeg\" alt=\"EAD581ED-4F53-46A5-BBE2-B348489DE0D0\" \/><\/figure><\/div><div class=\"swiper-slide\" role=\"group\" aria-roledescription=\"slide\" aria-label=\"11 de 24\"><figure class=\"swiper-slide-inner\"><img decoding=\"async\" class=\"swiper-slide-image\" src=\"https:\/\/araisemprecultura.cat\/wp-content\/uploads\/2025\/12\/9086528C-065A-4EEA-B134-7746E5F94379.jpeg\" alt=\"9086528C-065A-4EEA-B134-7746E5F94379\" \/><\/figure><\/div><div class=\"swiper-slide\" role=\"group\" aria-roledescription=\"slide\" aria-label=\"12 de 24\"><figure class=\"swiper-slide-inner\"><img decoding=\"async\" class=\"swiper-slide-image\" src=\"https:\/\/araisemprecultura.cat\/wp-content\/uploads\/2025\/12\/58C4FEF1-28F1-4F3A-9551-1762D1959154-scaled.jpeg\" alt=\"58C4FEF1-28F1-4F3A-9551-1762D1959154\" \/><\/figure><\/div><div class=\"swiper-slide\" role=\"group\" aria-roledescription=\"slide\" aria-label=\"13 de 24\"><figure class=\"swiper-slide-inner\"><img decoding=\"async\" class=\"swiper-slide-image\" src=\"https:\/\/araisemprecultura.cat\/wp-content\/uploads\/2025\/12\/BC5377B7-E193-4EA4-8210-5F45B9368806.jpeg\" alt=\"BC5377B7-E193-4EA4-8210-5F45B9368806\" \/><\/figure><\/div><div class=\"swiper-slide\" role=\"group\" aria-roledescription=\"slide\" aria-label=\"14 de 24\"><figure class=\"swiper-slide-inner\"><img decoding=\"async\" class=\"swiper-slide-image\" src=\"https:\/\/araisemprecultura.cat\/wp-content\/uploads\/2025\/12\/5B820322-5DB7-47F7-9030-4B2E4F42CB96.jpeg\" alt=\"5B820322-5DB7-47F7-9030-4B2E4F42CB96\" \/><\/figure><\/div><div class=\"swiper-slide\" role=\"group\" aria-roledescription=\"slide\" aria-label=\"15 de 24\"><figure class=\"swiper-slide-inner\"><img decoding=\"async\" class=\"swiper-slide-image\" src=\"https:\/\/araisemprecultura.cat\/wp-content\/uploads\/2025\/12\/F3B0F8BA-6D92-404C-B5A6-017AFF87B515.jpeg\" alt=\"F3B0F8BA-6D92-404C-B5A6-017AFF87B515\" \/><\/figure><\/div><div class=\"swiper-slide\" role=\"group\" aria-roledescription=\"slide\" aria-label=\"16 de 24\"><figure class=\"swiper-slide-inner\"><img decoding=\"async\" class=\"swiper-slide-image\" src=\"https:\/\/araisemprecultura.cat\/wp-content\/uploads\/2025\/12\/0425DF58-96B7-4E98-8F1A-D70F56F43B7A.jpeg\" alt=\"0425DF58-96B7-4E98-8F1A-D70F56F43B7A\" \/><\/figure><\/div><div class=\"swiper-slide\" role=\"group\" aria-roledescription=\"slide\" aria-label=\"17 de 24\"><figure class=\"swiper-slide-inner\"><img decoding=\"async\" class=\"swiper-slide-image\" src=\"https:\/\/araisemprecultura.cat\/wp-content\/uploads\/2025\/12\/A451300B-3A47-4630-BF86-8B261A3C3F0E.jpeg\" alt=\"A451300B-3A47-4630-BF86-8B261A3C3F0E\" \/><\/figure><\/div><div class=\"swiper-slide\" role=\"group\" aria-roledescription=\"slide\" aria-label=\"18 de 24\"><figure class=\"swiper-slide-inner\"><img decoding=\"async\" class=\"swiper-slide-image\" src=\"https:\/\/araisemprecultura.cat\/wp-content\/uploads\/2025\/12\/07668C66-376A-4A87-A441-91ACB115E46C-scaled.jpeg\" alt=\"07668C66-376A-4A87-A441-91ACB115E46C\" \/><\/figure><\/div><div class=\"swiper-slide\" role=\"group\" aria-roledescription=\"slide\" aria-label=\"19 de 24\"><figure class=\"swiper-slide-inner\"><img decoding=\"async\" class=\"swiper-slide-image\" src=\"https:\/\/araisemprecultura.cat\/wp-content\/uploads\/2025\/12\/A53C0AEA-0A91-4687-BF4A-D4C1E2D2AA3A-scaled.jpeg\" alt=\"A53C0AEA-0A91-4687-BF4A-D4C1E2D2AA3A\" \/><\/figure><\/div><div class=\"swiper-slide\" role=\"group\" aria-roledescription=\"slide\" aria-label=\"20 de 24\"><figure class=\"swiper-slide-inner\"><img decoding=\"async\" class=\"swiper-slide-image\" src=\"https:\/\/araisemprecultura.cat\/wp-content\/uploads\/2025\/12\/6B181A66-288F-4875-99EA-8169986DC38B.jpeg\" alt=\"6B181A66-288F-4875-99EA-8169986DC38B\" \/><\/figure><\/div><div class=\"swiper-slide\" role=\"group\" aria-roledescription=\"slide\" aria-label=\"21 de 24\"><figure class=\"swiper-slide-inner\"><img decoding=\"async\" class=\"swiper-slide-image\" src=\"https:\/\/araisemprecultura.cat\/wp-content\/uploads\/2025\/12\/A6529D78-7023-47FC-B873-1B9AC216ABDC.jpeg\" alt=\"A6529D78-7023-47FC-B873-1B9AC216ABDC\" \/><\/figure><\/div><div class=\"swiper-slide\" role=\"group\" aria-roledescription=\"slide\" aria-label=\"22 de 24\"><figure class=\"swiper-slide-inner\"><img decoding=\"async\" class=\"swiper-slide-image\" src=\"https:\/\/araisemprecultura.cat\/wp-content\/uploads\/2025\/12\/04FC1405-2248-4F00-A982-B7E29F062659.jpeg\" alt=\"04FC1405-2248-4F00-A982-B7E29F062659\" \/><\/figure><\/div><div class=\"swiper-slide\" role=\"group\" aria-roledescription=\"slide\" aria-label=\"23 de 24\"><figure class=\"swiper-slide-inner\"><img decoding=\"async\" class=\"swiper-slide-image\" src=\"https:\/\/araisemprecultura.cat\/wp-content\/uploads\/2025\/12\/C0F805BA-6A31-45D7-B56C-15A06B005A52.jpeg\" alt=\"C0F805BA-6A31-45D7-B56C-15A06B005A52\" \/><\/figure><\/div><div class=\"swiper-slide\" role=\"group\" aria-roledescription=\"slide\" aria-label=\"24 de 24\"><figure class=\"swiper-slide-inner\"><img decoding=\"async\" class=\"swiper-slide-image\" src=\"https:\/\/araisemprecultura.cat\/wp-content\/uploads\/2025\/12\/19FE1B43-3AE2-4169-923F-5B3711C78981.jpeg\" alt=\"19FE1B43-3AE2-4169-923F-5B3711C78981\" \/><\/figure><\/div>\t\t\t<\/div>\n\t\t\t\t\t\t\t\t\t\t\t\t<div class=\"elementor-swiper-button elementor-swiper-button-prev\" role=\"button\" tabindex=\"0\">\n\t\t\t\t\t\t<i aria-hidden=\"true\" class=\"eicon-chevron-left\"><\/i>\t\t\t\t\t<\/div>\n\t\t\t\t\t<div class=\"elementor-swiper-button elementor-swiper-button-next\" role=\"button\" tabindex=\"0\">\n\t\t\t\t\t\t<i aria-hidden=\"true\" class=\"eicon-chevron-right\"><\/i>\t\t\t\t\t<\/div>\n\t\t\t\t\n\t\t\t\t\t\t\t\t\t<div class=\"swiper-pagination\"><\/div>\n\t\t\t\t\t\t\t\t\t<\/div>\n\t\t\t\t<\/div>\n\t\t\t\t<\/div>\n\t\t\t\t\t<\/div>\n\t\t<\/div>\n\t\t\t\t\t<\/div>\n\t\t<\/section>\n\t\t\t\t<\/div>\n\t\t","protected":false},"excerpt":{"rendered":"<p>Avui hem encetat la Festa dels 2 Nassos\u2026 i ha estat una passada! Aquesta tarda de 30 de desembre de 2025, amb les llums de Nadal il\u00b7luminant carrers i places i amb aquell fred d\u2019hivern tan de final d\u2019any, hem sortit a ballar amb els panderos per Barber\u00e0 del Vall\u00e8s tot explicant a tothom que [&hellip;]<\/p>\n","protected":false},"author":3,"featured_media":8834,"comment_status":"closed","ping_status":"closed","sticky":false,"template":"","format":"standard","meta":{"_acf_changed":false,"footnotes":""},"categories":[6,17,1],"tags":[],"class_list":["post-8835","post","type-post","status-publish","format-standard","has-post-thumbnail","hentry","category-ball-de-panderos","category-noticia-destacada","category-noticies"],"acf":[],"yoast_head":"<!-- This site is optimized with the Yoast SEO plugin v21.8 - https:\/\/yoast.com\/wordpress\/plugins\/seo\/ -->\n<title>Neix la Festa dels 2 Nassos a Barber\u00e0 del Vall\u00e8s! - ARA I SEMPRE<\/title>\n<meta name=\"robots\" content=\"index, follow, max-snippet:-1, max-image-preview:large, max-video-preview:-1\" \/>\n<link rel=\"canonical\" href=\"https:\/\/araisemprecultura.cat\/index.php\/neix-la-festa-dels-2-nassos-a-barbera-del-valles\/noticies\/araisempre\/\" \/>\n<meta property=\"og:locale\" content=\"ca_ES\" \/>\n<meta property=\"og:type\" content=\"article\" \/>\n<meta property=\"og:title\" content=\"Neix la Festa dels 2 Nassos a Barber\u00e0 del Vall\u00e8s! - ARA I SEMPRE\" \/>\n<meta property=\"og:description\" content=\"Avui hem encetat la Festa dels 2 Nassos\u2026 i ha estat una passada! Aquesta tarda de 30 de desembre de 2025, amb les llums de Nadal il\u00b7luminant carrers i places i amb aquell fred d\u2019hivern tan de final d\u2019any, hem sortit a ballar amb els panderos per Barber\u00e0 del Vall\u00e8s tot explicant a tothom que [&hellip;]\" \/>\n<meta property=\"og:url\" content=\"https:\/\/araisemprecultura.cat\/index.php\/neix-la-festa-dels-2-nassos-a-barbera-del-valles\/noticies\/araisempre\/\" \/>\n<meta property=\"og:site_name\" content=\"ARA I SEMPRE\" \/>\n<meta property=\"article:published_time\" content=\"2025-12-30T22:33:08+00:00\" \/>\n<meta property=\"article:modified_time\" content=\"2025-12-30T22:43:30+00:00\" \/>\n<meta property=\"og:image\" content=\"https:\/\/araisemprecultura.cat\/wp-content\/uploads\/2025\/12\/950922D7-1F13-4014-AB59-DF8775645DFD.jpeg\" \/>\n\t<meta property=\"og:image:width\" content=\"2304\" \/>\n\t<meta property=\"og:image:height\" content=\"1536\" \/>\n\t<meta property=\"og:image:type\" content=\"image\/jpeg\" \/>\n<meta name=\"author\" content=\"Associaci\u00f3 ARA I SEMPRE\" \/>\n<meta name=\"twitter:card\" content=\"summary_large_image\" \/>\n<meta name=\"twitter:label1\" content=\"Escrit per\" \/>\n\t<meta name=\"twitter:data1\" content=\"Associaci\u00f3 ARA I SEMPRE\" \/>\n\t<meta name=\"twitter:label2\" content=\"Temps estimat de lectura\" \/>\n\t<meta name=\"twitter:data2\" content=\"8 minuts\" \/>\n<script type=\"application\/ld+json\" class=\"yoast-schema-graph\">{\"@context\":\"https:\/\/schema.org\",\"@graph\":[{\"@type\":\"Article\",\"@id\":\"https:\/\/araisemprecultura.cat\/index.php\/neix-la-festa-dels-2-nassos-a-barbera-del-valles\/noticies\/araisempre\/#article\",\"isPartOf\":{\"@id\":\"https:\/\/araisemprecultura.cat\/index.php\/neix-la-festa-dels-2-nassos-a-barbera-del-valles\/noticies\/araisempre\/\"},\"author\":{\"name\":\"Associaci\u00f3 ARA I SEMPRE\",\"@id\":\"https:\/\/araisemprecultura.cat\/#\/schema\/person\/63f5d9084c529771425e563e055e9753\"},\"headline\":\"Neix la Festa dels 2 Nassos a Barber\u00e0 del Vall\u00e8s!\",\"datePublished\":\"2025-12-30T22:33:08+00:00\",\"dateModified\":\"2025-12-30T22:43:30+00:00\",\"mainEntityOfPage\":{\"@id\":\"https:\/\/araisemprecultura.cat\/index.php\/neix-la-festa-dels-2-nassos-a-barbera-del-valles\/noticies\/araisempre\/\"},\"wordCount\":304,\"publisher\":{\"@id\":\"https:\/\/araisemprecultura.cat\/#organization\"},\"articleSection\":[\"Ball de Panderos\",\"NOT\u00cdCIA DESTACADA\",\"Not\u00edcies\"],\"inLanguage\":\"ca\"},{\"@type\":\"WebPage\",\"@id\":\"https:\/\/araisemprecultura.cat\/index.php\/neix-la-festa-dels-2-nassos-a-barbera-del-valles\/noticies\/araisempre\/\",\"url\":\"https:\/\/araisemprecultura.cat\/index.php\/neix-la-festa-dels-2-nassos-a-barbera-del-valles\/noticies\/araisempre\/\",\"name\":\"Neix la Festa dels 2 Nassos a Barber\u00e0 del Vall\u00e8s! - ARA I SEMPRE\",\"isPartOf\":{\"@id\":\"https:\/\/araisemprecultura.cat\/#website\"},\"datePublished\":\"2025-12-30T22:33:08+00:00\",\"dateModified\":\"2025-12-30T22:43:30+00:00\",\"breadcrumb\":{\"@id\":\"https:\/\/araisemprecultura.cat\/index.php\/neix-la-festa-dels-2-nassos-a-barbera-del-valles\/noticies\/araisempre\/#breadcrumb\"},\"inLanguage\":\"ca\",\"potentialAction\":[{\"@type\":\"ReadAction\",\"target\":[\"https:\/\/araisemprecultura.cat\/index.php\/neix-la-festa-dels-2-nassos-a-barbera-del-valles\/noticies\/araisempre\/\"]}]},{\"@type\":\"BreadcrumbList\",\"@id\":\"https:\/\/araisemprecultura.cat\/index.php\/neix-la-festa-dels-2-nassos-a-barbera-del-valles\/noticies\/araisempre\/#breadcrumb\",\"itemListElement\":[{\"@type\":\"ListItem\",\"position\":1,\"name\":\"Inici\",\"item\":\"https:\/\/araisemprecultura.cat\/\"},{\"@type\":\"ListItem\",\"position\":2,\"name\":\"Neix la Festa dels 2 Nassos a Barber\u00e0 del Vall\u00e8s!\"}]},{\"@type\":\"WebSite\",\"@id\":\"https:\/\/araisemprecultura.cat\/#website\",\"url\":\"https:\/\/araisemprecultura.cat\/\",\"name\":\"ARA I SEMPRE\",\"description\":\"\",\"publisher\":{\"@id\":\"https:\/\/araisemprecultura.cat\/#organization\"},\"potentialAction\":[{\"@type\":\"SearchAction\",\"target\":{\"@type\":\"EntryPoint\",\"urlTemplate\":\"https:\/\/araisemprecultura.cat\/?s={search_term_string}\"},\"query-input\":\"required name=search_term_string\"}],\"inLanguage\":\"ca\"},{\"@type\":\"Organization\",\"@id\":\"https:\/\/araisemprecultura.cat\/#organization\",\"name\":\"ARA I SEMPRE\",\"url\":\"https:\/\/araisemprecultura.cat\/\",\"logo\":{\"@type\":\"ImageObject\",\"inLanguage\":\"ca\",\"@id\":\"https:\/\/araisemprecultura.cat\/#\/schema\/logo\/image\/\",\"url\":\"https:\/\/araisemprecultura.cat\/wp-content\/uploads\/2022\/02\/Disseny-imatge-ara-i-sempre-161.png\",\"contentUrl\":\"https:\/\/araisemprecultura.cat\/wp-content\/uploads\/2022\/02\/Disseny-imatge-ara-i-sempre-161.png\",\"width\":\"1962\",\"height\":\"713\",\"caption\":\"ARA I SEMPRE\"},\"image\":{\"@id\":\"https:\/\/araisemprecultura.cat\/#\/schema\/logo\/image\/\"}},{\"@type\":\"Person\",\"@id\":\"https:\/\/araisemprecultura.cat\/#\/schema\/person\/63f5d9084c529771425e563e055e9753\",\"name\":\"Associaci\u00f3 ARA I SEMPRE\",\"image\":{\"@type\":\"ImageObject\",\"inLanguage\":\"ca\",\"@id\":\"https:\/\/araisemprecultura.cat\/#\/schema\/person\/image\/\",\"url\":\"https:\/\/secure.gravatar.com\/avatar\/79119cae4235670f2cf10d32f7e31d7e8ddcdc1f4fa0a59abe7d167411092c01?s=96&r=g\",\"contentUrl\":\"https:\/\/secure.gravatar.com\/avatar\/79119cae4235670f2cf10d32f7e31d7e8ddcdc1f4fa0a59abe7d167411092c01?s=96&r=g\",\"caption\":\"Associaci\u00f3 ARA I SEMPRE\"},\"url\":\"https:\/\/araisemprecultura.cat\/index.php\/author\/araisempre\/\"}]}<\/script>\n<!-- \/ Yoast SEO plugin. -->","yoast_head_json":{"title":"Neix la Festa dels 2 Nassos a Barber\u00e0 del Vall\u00e8s! - ARA I SEMPRE","robots":{"index":"index","follow":"follow","max-snippet":"max-snippet:-1","max-image-preview":"max-image-preview:large","max-video-preview":"max-video-preview:-1"},"canonical":"https:\/\/araisemprecultura.cat\/index.php\/neix-la-festa-dels-2-nassos-a-barbera-del-valles\/noticies\/araisempre\/","og_locale":"ca_ES","og_type":"article","og_title":"Neix la Festa dels 2 Nassos a Barber\u00e0 del Vall\u00e8s! - ARA I SEMPRE","og_description":"Avui hem encetat la Festa dels 2 Nassos\u2026 i ha estat una passada! Aquesta tarda de 30 de desembre de 2025, amb les llums de Nadal il\u00b7luminant carrers i places i amb aquell fred d\u2019hivern tan de final d\u2019any, hem sortit a ballar amb els panderos per Barber\u00e0 del Vall\u00e8s tot explicant a tothom que [&hellip;]","og_url":"https:\/\/araisemprecultura.cat\/index.php\/neix-la-festa-dels-2-nassos-a-barbera-del-valles\/noticies\/araisempre\/","og_site_name":"ARA I SEMPRE","article_published_time":"2025-12-30T22:33:08+00:00","article_modified_time":"2025-12-30T22:43:30+00:00","og_image":[{"width":"2304","height":"1536","url":"https:\/\/araisemprecultura.cat\/wp-content\/uploads\/2025\/12\/950922D7-1F13-4014-AB59-DF8775645DFD.jpeg","type":"image\/jpeg"}],"author":"Associaci\u00f3 ARA I SEMPRE","twitter_card":"summary_large_image","twitter_misc":{"Escrit per":"Associaci\u00f3 ARA I SEMPRE","Temps estimat de lectura":"8 minuts"},"schema":{"@context":"https:\/\/schema.org","@graph":[{"@type":"Article","@id":"https:\/\/araisemprecultura.cat\/index.php\/neix-la-festa-dels-2-nassos-a-barbera-del-valles\/noticies\/araisempre\/#article","isPartOf":{"@id":"https:\/\/araisemprecultura.cat\/index.php\/neix-la-festa-dels-2-nassos-a-barbera-del-valles\/noticies\/araisempre\/"},"author":{"name":"Associaci\u00f3 ARA I SEMPRE","@id":"https:\/\/araisemprecultura.cat\/#\/schema\/person\/63f5d9084c529771425e563e055e9753"},"headline":"Neix la Festa dels 2 Nassos a Barber\u00e0 del Vall\u00e8s!","datePublished":"2025-12-30T22:33:08+00:00","dateModified":"2025-12-30T22:43:30+00:00","mainEntityOfPage":{"@id":"https:\/\/araisemprecultura.cat\/index.php\/neix-la-festa-dels-2-nassos-a-barbera-del-valles\/noticies\/araisempre\/"},"wordCount":304,"publisher":{"@id":"https:\/\/araisemprecultura.cat\/#organization"},"articleSection":["Ball de Panderos","NOT\u00cdCIA DESTACADA","Not\u00edcies"],"inLanguage":"ca"},{"@type":"WebPage","@id":"https:\/\/araisemprecultura.cat\/index.php\/neix-la-festa-dels-2-nassos-a-barbera-del-valles\/noticies\/araisempre\/","url":"https:\/\/araisemprecultura.cat\/index.php\/neix-la-festa-dels-2-nassos-a-barbera-del-valles\/noticies\/araisempre\/","name":"Neix la Festa dels 2 Nassos a Barber\u00e0 del Vall\u00e8s! - ARA I SEMPRE","isPartOf":{"@id":"https:\/\/araisemprecultura.cat\/#website"},"datePublished":"2025-12-30T22:33:08+00:00","dateModified":"2025-12-30T22:43:30+00:00","breadcrumb":{"@id":"https:\/\/araisemprecultura.cat\/index.php\/neix-la-festa-dels-2-nassos-a-barbera-del-valles\/noticies\/araisempre\/#breadcrumb"},"inLanguage":"ca","potentialAction":[{"@type":"ReadAction","target":["https:\/\/araisemprecultura.cat\/index.php\/neix-la-festa-dels-2-nassos-a-barbera-del-valles\/noticies\/araisempre\/"]}]},{"@type":"BreadcrumbList","@id":"https:\/\/araisemprecultura.cat\/index.php\/neix-la-festa-dels-2-nassos-a-barbera-del-valles\/noticies\/araisempre\/#breadcrumb","itemListElement":[{"@type":"ListItem","position":1,"name":"Inici","item":"https:\/\/araisemprecultura.cat\/"},{"@type":"ListItem","position":2,"name":"Neix la Festa dels 2 Nassos a Barber\u00e0 del Vall\u00e8s!"}]},{"@type":"WebSite","@id":"https:\/\/araisemprecultura.cat\/#website","url":"https:\/\/araisemprecultura.cat\/","name":"ARA I SEMPRE","description":"","publisher":{"@id":"https:\/\/araisemprecultura.cat\/#organization"},"potentialAction":[{"@type":"SearchAction","target":{"@type":"EntryPoint","urlTemplate":"https:\/\/araisemprecultura.cat\/?s={search_term_string}"},"query-input":"required name=search_term_string"}],"inLanguage":"ca"},{"@type":"Organization","@id":"https:\/\/araisemprecultura.cat\/#organization","name":"ARA I SEMPRE","url":"https:\/\/araisemprecultura.cat\/","logo":{"@type":"ImageObject","inLanguage":"ca","@id":"https:\/\/araisemprecultura.cat\/#\/schema\/logo\/image\/","url":"https:\/\/araisemprecultura.cat\/wp-content\/uploads\/2022\/02\/Disseny-imatge-ara-i-sempre-161.png","contentUrl":"https:\/\/araisemprecultura.cat\/wp-content\/uploads\/2022\/02\/Disseny-imatge-ara-i-sempre-161.png","width":"1962","height":"713","caption":"ARA I SEMPRE"},"image":{"@id":"https:\/\/araisemprecultura.cat\/#\/schema\/logo\/image\/"}},{"@type":"Person","@id":"https:\/\/araisemprecultura.cat\/#\/schema\/person\/63f5d9084c529771425e563e055e9753","name":"Associaci\u00f3 ARA I SEMPRE","image":{"@type":"ImageObject","inLanguage":"ca","@id":"https:\/\/araisemprecultura.cat\/#\/schema\/person\/image\/","url":"https:\/\/secure.gravatar.com\/avatar\/79119cae4235670f2cf10d32f7e31d7e8ddcdc1f4fa0a59abe7d167411092c01?s=96&r=g","contentUrl":"https:\/\/secure.gravatar.com\/avatar\/79119cae4235670f2cf10d32f7e31d7e8ddcdc1f4fa0a59abe7d167411092c01?s=96&r=g","caption":"Associaci\u00f3 ARA I SEMPRE"},"url":"https:\/\/araisemprecultura.cat\/index.php\/author\/araisempre\/"}]}},"_links":{"self":[{"href":"https:\/\/araisemprecultura.cat\/index.php\/wp-json\/wp\/v2\/posts\/8835","targetHints":{"allow":["GET"]}}],"collection":[{"href":"https:\/\/araisemprecultura.cat\/index.php\/wp-json\/wp\/v2\/posts"}],"about":[{"href":"https:\/\/araisemprecultura.cat\/index.php\/wp-json\/wp\/v2\/types\/post"}],"author":[{"embeddable":true,"href":"https:\/\/araisemprecultura.cat\/index.php\/wp-json\/wp\/v2\/users\/3"}],"replies":[{"embeddable":true,"href":"https:\/\/araisemprecultura.cat\/index.php\/wp-json\/wp\/v2\/comments?post=8835"}],"version-history":[{"count":4,"href":"https:\/\/araisemprecultura.cat\/index.php\/wp-json\/wp\/v2\/posts\/8835\/revisions"}],"predecessor-version":[{"id":8840,"href":"https:\/\/araisemprecultura.cat\/index.php\/wp-json\/wp\/v2\/posts\/8835\/revisions\/8840"}],"wp:featuredmedia":[{"embeddable":true,"href":"https:\/\/araisemprecultura.cat\/index.php\/wp-json\/wp\/v2\/media\/8834"}],"wp:attachment":[{"href":"https:\/\/araisemprecultura.cat\/index.php\/wp-json\/wp\/v2\/media?parent=8835"}],"wp:term":[{"taxonomy":"category","embeddable":true,"href":"https:\/\/araisemprecultura.cat\/index.php\/wp-json\/wp\/v2\/categories?post=8835"},{"taxonomy":"post_tag","embeddable":true,"href":"https:\/\/araisemprecultura.cat\/index.php\/wp-json\/wp\/v2\/tags?post=8835"}],"curies":[{"name":"wp","href":"https:\/\/api.w.org\/{rel}","templated":true}]}}