{"id":8713,"date":"2025-12-29T21:31:25","date_gmt":"2025-12-29T21:31:25","guid":{"rendered":"https:\/\/araisemprecultura.cat\/?p=8713"},"modified":"2025-12-29T21:33:37","modified_gmt":"2025-12-29T21:33:37","slug":"cartell-la-festa-dels-2-nassos-de-barbera-del-valles","status":"publish","type":"post","link":"https:\/\/araisemprecultura.cat\/index.php\/cartell-la-festa-dels-2-nassos-de-barbera-del-valles\/noticies\/araisempre\/","title":{"rendered":"[CARTELL] La Festa dels 2 Nassos de Barber\u00e0 del Vall\u00e8s"},"content":{"rendered":"\t\t<div data-elementor-type=\"wp-post\" data-elementor-id=\"8713\" class=\"elementor elementor-8713\">\n\t\t\t\t\t\t<section class=\"elementor-section elementor-top-section elementor-element elementor-element-4566b714 elementor-section-boxed elementor-section-height-default elementor-section-height-default\" data-id=\"4566b714\" data-element_type=\"section\" data-settings=\"{&quot;_ha_eqh_enable&quot;:false}\">\n\t\t\t\t\t\t<div class=\"elementor-container elementor-column-gap-default\">\n\t\t\t\t\t<div class=\"elementor-column elementor-col-100 elementor-top-column elementor-element elementor-element-4a5f4662\" data-id=\"4a5f4662\" data-element_type=\"column\">\n\t\t\t<div class=\"elementor-widget-wrap elementor-element-populated\">\n\t\t\t\t\t\t<div class=\"elementor-element elementor-element-28aa1c1b elementor-widget elementor-widget-text-editor\" data-id=\"28aa1c1b\" data-element_type=\"widget\" data-widget_type=\"text-editor.default\">\n\t\t\t\t<div class=\"elementor-widget-container\">\n\t\t\t<style>\/*! elementor - v3.21.0 - 18-04-2024 *\/\n.elementor-widget-text-editor.elementor-drop-cap-view-stacked .elementor-drop-cap{background-color:#69727d;color:#fff}.elementor-widget-text-editor.elementor-drop-cap-view-framed .elementor-drop-cap{color:#69727d;border:3px solid;background-color:transparent}.elementor-widget-text-editor:not(.elementor-drop-cap-view-default) .elementor-drop-cap{margin-top:8px}.elementor-widget-text-editor:not(.elementor-drop-cap-view-default) .elementor-drop-cap-letter{width:1em;height:1em}.elementor-widget-text-editor .elementor-drop-cap{float:left;text-align:center;line-height:1;font-size:50px}.elementor-widget-text-editor .elementor-drop-cap-letter{display:inline-block}<\/style>\t\t\t\t<p style=\"text-align: justify;\"><strong>Qu\u00e8 \u00e9s la Festa dels Dos Nassos?<\/strong> <em>[Una festa nascuda a trav\u00e9s del concurs de contes \u201cD\u2019on ve l\u2019Home dels Nassos a Barber\u00e0 del Vall\u00e8s\u201d]<\/em><\/p><p style=\"text-align: justify;\">A Barber\u00e0 del Vall\u00e8s tenim una llegenda molt especial: la de l\u2019Home dels Nassos.<\/p><p style=\"text-align: justify;\">Diu la gent gran del poble que l\u20191 de gener hi ha un home amb tants nassos com dies t\u00e9 l\u2019any\u2026 per\u00f2 que cada dia en va perdent un. I que la nit del 30 de desembre, quan nom\u00e9s li queden dos nassos, baixa del bosc de Santiga i s\u2019amaga al campanar de l\u2019esgl\u00e9sia Rom\u00e0nica, abans de barrejar-se amb la gent l\u2019endem\u00e0, quan ja nom\u00e9s en t\u00e9 un.<\/p><p style=\"text-align: justify;\">Segons un dels contes guanyadors del concurs \u201cD\u2019on ve l\u2019Home dels Nassos a Barber\u00e0 del Vall\u00e8s\u201d, fa anys que aquell vespre l\u2019Home dels Nassos es troba amb la Neko, una nena, ara ja adulta, que no s\u2019espanta del fet que tingui dos nassos, sin\u00f3 que s\u2019hi interessa, l\u2019escolta, l\u2019acompanya i en t\u00e9 cura. Des d\u2019aleshores, cada 30 de desembre es retroben, s\u2019expliquen les hist\u00f2ries viscudes durant l\u2019any\u2026 i ballen.<\/p><p style=\"text-align: justify;\">A partir d\u2019aquesta hist\u00f2ria neix la Festa dels Dos Nassos: una petita celebraci\u00f3 la vig\u00edlia de la vig\u00edlia de Cap d\u2019Any, per recordar que abans que s\u2019acabi l\u2019any encara hi ha temps per trobar-nos, explicar-nos coses, compartir, cuidar-nos i ballar plegades.<\/p><p style=\"text-align: justify;\">I qu\u00e8 farem aquest any? Enguany comencem la festa d\u2019una manera senzilla per\u00f2 molt simb\u00f2lica:<\/p><ul style=\"text-align: justify;\"><li>Amb una actuaci\u00f3 del Ball de Panderos de Barber\u00e0 del Vall\u00e8s, ben nadalenca i m\u00e0gica.<\/li><li>I amb un petit gest de joc i complicitat: repartirem nassos a la gent del carrer.<\/li><\/ul><p style=\"text-align: justify;\">Per\u00f2 atenci\u00f3! Com que som a 30 de desembre i no pas a 31, l\u2019Home dels Nassos encara en t\u00e9 dos\u2026 aix\u00ed que aquest nas no \u00e9s per posar-lo al nas, sin\u00f3 en altres parts del cos: al front, al colze, a la sabata, als cabells\u2026 all\u00e0 on la imaginaci\u00f3 us porti.<\/p><p style=\"text-align: justify;\">\u00c9s una festa petita, nova, que neix aquest any gaireb\u00e9 d\u2019improv\u00eds perqu\u00e8 la pluja ens va impedir ballar els dies 20 i 27\u2026 per\u00f2, que qui sap si a partir d\u2019ara es repetir\u00e0 cada any.<\/p><p style=\"text-align: justify;\">Una festa per ballar, per somriure, per explicar-nos hist\u00f2ries i per recordar que la cultura popular tamb\u00e9 neix aix\u00ed: d\u2019un conte, d\u2019una trobada, d\u2019una idea compartida i d\u2019un gest bonic que alg\u00fa decideix fer possible.<\/p><p style=\"text-align: justify;\">Benvingudes i benvinguts a la primera Festa dels Dos Nassos de Barber\u00e0 del Vall\u00e8s. Ens veiem dem\u00e0 a les 18h pels carrers i places del municipi! <strong>VISCA LA CULTURA POPULAR! ARA I SEMPRE!<\/strong><\/p>\t\t\t\t\t\t<\/div>\n\t\t\t\t<\/div>\n\t\t\t\t\t<\/div>\n\t\t<\/div>\n\t\t\t\t\t<\/div>\n\t\t<\/section>\n\t\t\t\t<\/div>\n\t\t","protected":false},"excerpt":{"rendered":"<p>Qu\u00e8 \u00e9s la Festa dels Dos Nassos? [Una festa nascuda a trav\u00e9s del concurs de contes \u201cD\u2019on ve l\u2019Home dels Nassos a Barber\u00e0 del Vall\u00e8s\u201d] A Barber\u00e0 del Vall\u00e8s tenim una llegenda molt especial: la de l\u2019Home dels Nassos. Diu la gent gran del poble que l\u20191 de gener hi ha un home amb tants [&hellip;]<\/p>\n","protected":false},"author":3,"featured_media":8715,"comment_status":"closed","ping_status":"closed","sticky":false,"template":"","format":"standard","meta":{"_acf_changed":false,"footnotes":""},"categories":[6,1],"tags":[],"class_list":["post-8713","post","type-post","status-publish","format-standard","has-post-thumbnail","hentry","category-ball-de-panderos","category-noticies"],"acf":[],"yoast_head":"<!-- This site is optimized with the Yoast SEO plugin v21.8 - https:\/\/yoast.com\/wordpress\/plugins\/seo\/ -->\n<title>[CARTELL] La Festa dels 2 Nassos de Barber\u00e0 del Vall\u00e8s - ARA I SEMPRE<\/title>\n<meta name=\"robots\" content=\"index, follow, max-snippet:-1, max-image-preview:large, max-video-preview:-1\" \/>\n<link rel=\"canonical\" href=\"https:\/\/araisemprecultura.cat\/index.php\/cartell-la-festa-dels-2-nassos-de-barbera-del-valles\/noticies\/araisempre\/\" \/>\n<meta property=\"og:locale\" content=\"ca_ES\" \/>\n<meta property=\"og:type\" content=\"article\" \/>\n<meta property=\"og:title\" content=\"[CARTELL] La Festa dels 2 Nassos de Barber\u00e0 del Vall\u00e8s - ARA I SEMPRE\" \/>\n<meta property=\"og:description\" content=\"Qu\u00e8 \u00e9s la Festa dels Dos Nassos? [Una festa nascuda a trav\u00e9s del concurs de contes \u201cD\u2019on ve l\u2019Home dels Nassos a Barber\u00e0 del Vall\u00e8s\u201d] A Barber\u00e0 del Vall\u00e8s tenim una llegenda molt especial: la de l\u2019Home dels Nassos. Diu la gent gran del poble que l\u20191 de gener hi ha un home amb tants [&hellip;]\" \/>\n<meta property=\"og:url\" content=\"https:\/\/araisemprecultura.cat\/index.php\/cartell-la-festa-dels-2-nassos-de-barbera-del-valles\/noticies\/araisempre\/\" \/>\n<meta property=\"og:site_name\" content=\"ARA I SEMPRE\" \/>\n<meta property=\"article:published_time\" content=\"2025-12-29T21:31:25+00:00\" \/>\n<meta property=\"article:modified_time\" content=\"2025-12-29T21:33:37+00:00\" \/>\n<meta property=\"og:image\" content=\"https:\/\/araisemprecultura.cat\/wp-content\/uploads\/2025\/12\/La-Festa-dels-2-Nassos-a-Barbera-del-Valles-724x1024.png\" \/>\n\t<meta property=\"og:image:width\" content=\"724\" \/>\n\t<meta property=\"og:image:height\" content=\"1024\" \/>\n\t<meta property=\"og:image:type\" content=\"image\/png\" \/>\n<meta name=\"author\" content=\"Associaci\u00f3 ARA I SEMPRE\" \/>\n<meta name=\"twitter:card\" content=\"summary_large_image\" \/>\n<meta name=\"twitter:label1\" content=\"Escrit per\" \/>\n\t<meta name=\"twitter:data1\" content=\"Associaci\u00f3 ARA I SEMPRE\" \/>\n\t<meta name=\"twitter:label2\" content=\"Temps estimat de lectura\" \/>\n\t<meta name=\"twitter:data2\" content=\"3 minuts\" \/>\n<script type=\"application\/ld+json\" class=\"yoast-schema-graph\">{\"@context\":\"https:\/\/schema.org\",\"@graph\":[{\"@type\":\"Article\",\"@id\":\"https:\/\/araisemprecultura.cat\/index.php\/cartell-la-festa-dels-2-nassos-de-barbera-del-valles\/noticies\/araisempre\/#article\",\"isPartOf\":{\"@id\":\"https:\/\/araisemprecultura.cat\/index.php\/cartell-la-festa-dels-2-nassos-de-barbera-del-valles\/noticies\/araisempre\/\"},\"author\":{\"name\":\"Associaci\u00f3 ARA I SEMPRE\",\"@id\":\"https:\/\/araisemprecultura.cat\/#\/schema\/person\/63f5d9084c529771425e563e055e9753\"},\"headline\":\"[CARTELL] La Festa dels 2 Nassos de Barber\u00e0 del Vall\u00e8s\",\"datePublished\":\"2025-12-29T21:31:25+00:00\",\"dateModified\":\"2025-12-29T21:33:37+00:00\",\"mainEntityOfPage\":{\"@id\":\"https:\/\/araisemprecultura.cat\/index.php\/cartell-la-festa-dels-2-nassos-de-barbera-del-valles\/noticies\/araisempre\/\"},\"wordCount\":469,\"publisher\":{\"@id\":\"https:\/\/araisemprecultura.cat\/#organization\"},\"articleSection\":[\"Ball de Panderos\",\"Not\u00edcies\"],\"inLanguage\":\"ca\"},{\"@type\":\"WebPage\",\"@id\":\"https:\/\/araisemprecultura.cat\/index.php\/cartell-la-festa-dels-2-nassos-de-barbera-del-valles\/noticies\/araisempre\/\",\"url\":\"https:\/\/araisemprecultura.cat\/index.php\/cartell-la-festa-dels-2-nassos-de-barbera-del-valles\/noticies\/araisempre\/\",\"name\":\"[CARTELL] La Festa dels 2 Nassos de Barber\u00e0 del Vall\u00e8s - ARA I SEMPRE\",\"isPartOf\":{\"@id\":\"https:\/\/araisemprecultura.cat\/#website\"},\"datePublished\":\"2025-12-29T21:31:25+00:00\",\"dateModified\":\"2025-12-29T21:33:37+00:00\",\"breadcrumb\":{\"@id\":\"https:\/\/araisemprecultura.cat\/index.php\/cartell-la-festa-dels-2-nassos-de-barbera-del-valles\/noticies\/araisempre\/#breadcrumb\"},\"inLanguage\":\"ca\",\"potentialAction\":[{\"@type\":\"ReadAction\",\"target\":[\"https:\/\/araisemprecultura.cat\/index.php\/cartell-la-festa-dels-2-nassos-de-barbera-del-valles\/noticies\/araisempre\/\"]}]},{\"@type\":\"BreadcrumbList\",\"@id\":\"https:\/\/araisemprecultura.cat\/index.php\/cartell-la-festa-dels-2-nassos-de-barbera-del-valles\/noticies\/araisempre\/#breadcrumb\",\"itemListElement\":[{\"@type\":\"ListItem\",\"position\":1,\"name\":\"Inici\",\"item\":\"https:\/\/araisemprecultura.cat\/\"},{\"@type\":\"ListItem\",\"position\":2,\"name\":\"[CARTELL] La Festa dels 2 Nassos de Barber\u00e0 del Vall\u00e8s\"}]},{\"@type\":\"WebSite\",\"@id\":\"https:\/\/araisemprecultura.cat\/#website\",\"url\":\"https:\/\/araisemprecultura.cat\/\",\"name\":\"ARA I SEMPRE\",\"description\":\"\",\"publisher\":{\"@id\":\"https:\/\/araisemprecultura.cat\/#organization\"},\"potentialAction\":[{\"@type\":\"SearchAction\",\"target\":{\"@type\":\"EntryPoint\",\"urlTemplate\":\"https:\/\/araisemprecultura.cat\/?s={search_term_string}\"},\"query-input\":\"required name=search_term_string\"}],\"inLanguage\":\"ca\"},{\"@type\":\"Organization\",\"@id\":\"https:\/\/araisemprecultura.cat\/#organization\",\"name\":\"ARA I SEMPRE\",\"url\":\"https:\/\/araisemprecultura.cat\/\",\"logo\":{\"@type\":\"ImageObject\",\"inLanguage\":\"ca\",\"@id\":\"https:\/\/araisemprecultura.cat\/#\/schema\/logo\/image\/\",\"url\":\"https:\/\/araisemprecultura.cat\/wp-content\/uploads\/2022\/02\/Disseny-imatge-ara-i-sempre-161.png\",\"contentUrl\":\"https:\/\/araisemprecultura.cat\/wp-content\/uploads\/2022\/02\/Disseny-imatge-ara-i-sempre-161.png\",\"width\":\"1962\",\"height\":\"713\",\"caption\":\"ARA I SEMPRE\"},\"image\":{\"@id\":\"https:\/\/araisemprecultura.cat\/#\/schema\/logo\/image\/\"}},{\"@type\":\"Person\",\"@id\":\"https:\/\/araisemprecultura.cat\/#\/schema\/person\/63f5d9084c529771425e563e055e9753\",\"name\":\"Associaci\u00f3 ARA I SEMPRE\",\"image\":{\"@type\":\"ImageObject\",\"inLanguage\":\"ca\",\"@id\":\"https:\/\/araisemprecultura.cat\/#\/schema\/person\/image\/\",\"url\":\"https:\/\/secure.gravatar.com\/avatar\/79119cae4235670f2cf10d32f7e31d7e8ddcdc1f4fa0a59abe7d167411092c01?s=96&r=g\",\"contentUrl\":\"https:\/\/secure.gravatar.com\/avatar\/79119cae4235670f2cf10d32f7e31d7e8ddcdc1f4fa0a59abe7d167411092c01?s=96&r=g\",\"caption\":\"Associaci\u00f3 ARA I SEMPRE\"},\"url\":\"https:\/\/araisemprecultura.cat\/index.php\/author\/araisempre\/\"}]}<\/script>\n<!-- \/ Yoast SEO plugin. -->","yoast_head_json":{"title":"[CARTELL] La Festa dels 2 Nassos de Barber\u00e0 del Vall\u00e8s - ARA I SEMPRE","robots":{"index":"index","follow":"follow","max-snippet":"max-snippet:-1","max-image-preview":"max-image-preview:large","max-video-preview":"max-video-preview:-1"},"canonical":"https:\/\/araisemprecultura.cat\/index.php\/cartell-la-festa-dels-2-nassos-de-barbera-del-valles\/noticies\/araisempre\/","og_locale":"ca_ES","og_type":"article","og_title":"[CARTELL] La Festa dels 2 Nassos de Barber\u00e0 del Vall\u00e8s - ARA I SEMPRE","og_description":"Qu\u00e8 \u00e9s la Festa dels Dos Nassos? [Una festa nascuda a trav\u00e9s del concurs de contes \u201cD\u2019on ve l\u2019Home dels Nassos a Barber\u00e0 del Vall\u00e8s\u201d] A Barber\u00e0 del Vall\u00e8s tenim una llegenda molt especial: la de l\u2019Home dels Nassos. Diu la gent gran del poble que l\u20191 de gener hi ha un home amb tants [&hellip;]","og_url":"https:\/\/araisemprecultura.cat\/index.php\/cartell-la-festa-dels-2-nassos-de-barbera-del-valles\/noticies\/araisempre\/","og_site_name":"ARA I SEMPRE","article_published_time":"2025-12-29T21:31:25+00:00","article_modified_time":"2025-12-29T21:33:37+00:00","og_image":[{"width":"724","height":"1024","url":"https:\/\/araisemprecultura.cat\/wp-content\/uploads\/2025\/12\/La-Festa-dels-2-Nassos-a-Barbera-del-Valles-724x1024.png","type":"image\/png"}],"author":"Associaci\u00f3 ARA I SEMPRE","twitter_card":"summary_large_image","twitter_misc":{"Escrit per":"Associaci\u00f3 ARA I SEMPRE","Temps estimat de lectura":"3 minuts"},"schema":{"@context":"https:\/\/schema.org","@graph":[{"@type":"Article","@id":"https:\/\/araisemprecultura.cat\/index.php\/cartell-la-festa-dels-2-nassos-de-barbera-del-valles\/noticies\/araisempre\/#article","isPartOf":{"@id":"https:\/\/araisemprecultura.cat\/index.php\/cartell-la-festa-dels-2-nassos-de-barbera-del-valles\/noticies\/araisempre\/"},"author":{"name":"Associaci\u00f3 ARA I SEMPRE","@id":"https:\/\/araisemprecultura.cat\/#\/schema\/person\/63f5d9084c529771425e563e055e9753"},"headline":"[CARTELL] La Festa dels 2 Nassos de Barber\u00e0 del Vall\u00e8s","datePublished":"2025-12-29T21:31:25+00:00","dateModified":"2025-12-29T21:33:37+00:00","mainEntityOfPage":{"@id":"https:\/\/araisemprecultura.cat\/index.php\/cartell-la-festa-dels-2-nassos-de-barbera-del-valles\/noticies\/araisempre\/"},"wordCount":469,"publisher":{"@id":"https:\/\/araisemprecultura.cat\/#organization"},"articleSection":["Ball de Panderos","Not\u00edcies"],"inLanguage":"ca"},{"@type":"WebPage","@id":"https:\/\/araisemprecultura.cat\/index.php\/cartell-la-festa-dels-2-nassos-de-barbera-del-valles\/noticies\/araisempre\/","url":"https:\/\/araisemprecultura.cat\/index.php\/cartell-la-festa-dels-2-nassos-de-barbera-del-valles\/noticies\/araisempre\/","name":"[CARTELL] La Festa dels 2 Nassos de Barber\u00e0 del Vall\u00e8s - ARA I SEMPRE","isPartOf":{"@id":"https:\/\/araisemprecultura.cat\/#website"},"datePublished":"2025-12-29T21:31:25+00:00","dateModified":"2025-12-29T21:33:37+00:00","breadcrumb":{"@id":"https:\/\/araisemprecultura.cat\/index.php\/cartell-la-festa-dels-2-nassos-de-barbera-del-valles\/noticies\/araisempre\/#breadcrumb"},"inLanguage":"ca","potentialAction":[{"@type":"ReadAction","target":["https:\/\/araisemprecultura.cat\/index.php\/cartell-la-festa-dels-2-nassos-de-barbera-del-valles\/noticies\/araisempre\/"]}]},{"@type":"BreadcrumbList","@id":"https:\/\/araisemprecultura.cat\/index.php\/cartell-la-festa-dels-2-nassos-de-barbera-del-valles\/noticies\/araisempre\/#breadcrumb","itemListElement":[{"@type":"ListItem","position":1,"name":"Inici","item":"https:\/\/araisemprecultura.cat\/"},{"@type":"ListItem","position":2,"name":"[CARTELL] La Festa dels 2 Nassos de Barber\u00e0 del Vall\u00e8s"}]},{"@type":"WebSite","@id":"https:\/\/araisemprecultura.cat\/#website","url":"https:\/\/araisemprecultura.cat\/","name":"ARA I SEMPRE","description":"","publisher":{"@id":"https:\/\/araisemprecultura.cat\/#organization"},"potentialAction":[{"@type":"SearchAction","target":{"@type":"EntryPoint","urlTemplate":"https:\/\/araisemprecultura.cat\/?s={search_term_string}"},"query-input":"required name=search_term_string"}],"inLanguage":"ca"},{"@type":"Organization","@id":"https:\/\/araisemprecultura.cat\/#organization","name":"ARA I SEMPRE","url":"https:\/\/araisemprecultura.cat\/","logo":{"@type":"ImageObject","inLanguage":"ca","@id":"https:\/\/araisemprecultura.cat\/#\/schema\/logo\/image\/","url":"https:\/\/araisemprecultura.cat\/wp-content\/uploads\/2022\/02\/Disseny-imatge-ara-i-sempre-161.png","contentUrl":"https:\/\/araisemprecultura.cat\/wp-content\/uploads\/2022\/02\/Disseny-imatge-ara-i-sempre-161.png","width":"1962","height":"713","caption":"ARA I SEMPRE"},"image":{"@id":"https:\/\/araisemprecultura.cat\/#\/schema\/logo\/image\/"}},{"@type":"Person","@id":"https:\/\/araisemprecultura.cat\/#\/schema\/person\/63f5d9084c529771425e563e055e9753","name":"Associaci\u00f3 ARA I SEMPRE","image":{"@type":"ImageObject","inLanguage":"ca","@id":"https:\/\/araisemprecultura.cat\/#\/schema\/person\/image\/","url":"https:\/\/secure.gravatar.com\/avatar\/79119cae4235670f2cf10d32f7e31d7e8ddcdc1f4fa0a59abe7d167411092c01?s=96&r=g","contentUrl":"https:\/\/secure.gravatar.com\/avatar\/79119cae4235670f2cf10d32f7e31d7e8ddcdc1f4fa0a59abe7d167411092c01?s=96&r=g","caption":"Associaci\u00f3 ARA I SEMPRE"},"url":"https:\/\/araisemprecultura.cat\/index.php\/author\/araisempre\/"}]}},"_links":{"self":[{"href":"https:\/\/araisemprecultura.cat\/index.php\/wp-json\/wp\/v2\/posts\/8713","targetHints":{"allow":["GET"]}}],"collection":[{"href":"https:\/\/araisemprecultura.cat\/index.php\/wp-json\/wp\/v2\/posts"}],"about":[{"href":"https:\/\/araisemprecultura.cat\/index.php\/wp-json\/wp\/v2\/types\/post"}],"author":[{"embeddable":true,"href":"https:\/\/araisemprecultura.cat\/index.php\/wp-json\/wp\/v2\/users\/3"}],"replies":[{"embeddable":true,"href":"https:\/\/araisemprecultura.cat\/index.php\/wp-json\/wp\/v2\/comments?post=8713"}],"version-history":[{"count":4,"href":"https:\/\/araisemprecultura.cat\/index.php\/wp-json\/wp\/v2\/posts\/8713\/revisions"}],"predecessor-version":[{"id":8718,"href":"https:\/\/araisemprecultura.cat\/index.php\/wp-json\/wp\/v2\/posts\/8713\/revisions\/8718"}],"wp:featuredmedia":[{"embeddable":true,"href":"https:\/\/araisemprecultura.cat\/index.php\/wp-json\/wp\/v2\/media\/8715"}],"wp:attachment":[{"href":"https:\/\/araisemprecultura.cat\/index.php\/wp-json\/wp\/v2\/media?parent=8713"}],"wp:term":[{"taxonomy":"category","embeddable":true,"href":"https:\/\/araisemprecultura.cat\/index.php\/wp-json\/wp\/v2\/categories?post=8713"},{"taxonomy":"post_tag","embeddable":true,"href":"https:\/\/araisemprecultura.cat\/index.php\/wp-json\/wp\/v2\/tags?post=8713"}],"curies":[{"name":"wp","href":"https:\/\/api.w.org\/{rel}","templated":true}]}}