{"id":8357,"date":"2025-11-15T15:02:15","date_gmt":"2025-11-15T15:02:15","guid":{"rendered":"https:\/\/araisemprecultura.cat\/?p=8357"},"modified":"2025-12-27T11:26:30","modified_gmt":"2025-12-27T11:26:30","slug":"dia-internacional-de-la-infancia","status":"publish","type":"post","link":"https:\/\/araisemprecultura.cat\/index.php\/dia-internacional-de-la-infancia\/noticies\/araisempre\/","title":{"rendered":"Dia Internacional de la Inf\u00e0ncia"},"content":{"rendered":"\t\t<div data-elementor-type=\"wp-post\" data-elementor-id=\"8357\" class=\"elementor elementor-8357\">\n\t\t\t\t\t\t<section class=\"elementor-section elementor-top-section elementor-element elementor-element-4566b714 elementor-section-boxed elementor-section-height-default elementor-section-height-default\" data-id=\"4566b714\" data-element_type=\"section\" data-settings=\"{&quot;_ha_eqh_enable&quot;:false}\">\n\t\t\t\t\t\t<div class=\"elementor-container elementor-column-gap-default\">\n\t\t\t\t\t<div class=\"elementor-column elementor-col-100 elementor-top-column elementor-element elementor-element-4a5f4662\" data-id=\"4a5f4662\" data-element_type=\"column\">\n\t\t\t<div class=\"elementor-widget-wrap elementor-element-populated\">\n\t\t\t\t\t\t<div class=\"elementor-element elementor-element-28aa1c1b elementor-widget elementor-widget-text-editor\" data-id=\"28aa1c1b\" data-element_type=\"widget\" data-widget_type=\"text-editor.default\">\n\t\t\t\t<div class=\"elementor-widget-container\">\n\t\t\t<style>\/*! elementor - v3.21.0 - 18-04-2024 *\/\n.elementor-widget-text-editor.elementor-drop-cap-view-stacked .elementor-drop-cap{background-color:#69727d;color:#fff}.elementor-widget-text-editor.elementor-drop-cap-view-framed .elementor-drop-cap{color:#69727d;border:3px solid;background-color:transparent}.elementor-widget-text-editor:not(.elementor-drop-cap-view-default) .elementor-drop-cap{margin-top:8px}.elementor-widget-text-editor:not(.elementor-drop-cap-view-default) .elementor-drop-cap-letter{width:1em;height:1em}.elementor-widget-text-editor .elementor-drop-cap{float:left;text-align:center;line-height:1;font-size:50px}.elementor-widget-text-editor .elementor-drop-cap-letter{display:inline-block}<\/style>\t\t\t\t<p style=\"text-align: justify;\" data-start=\"216\" data-end=\"673\">Aquest mat\u00ed el\u00a0<a class=\"x1i10hfl xjbqb8w x1ejq31n x18oe1m7 x1sy0etr xstzfhl x972fbf x10w94by x1qhh985 x14e42zd x9f619 x1ypdohk xt0psk2 x3ct3a4 xdj266r x14z9mp xat24cr x1lziwak xexx8yu xyri2b x18d9i69 x1c1uobl x16tdsg8 x1hl2dhg xggy1nq x1a2a7pz notranslate _a6hd\" tabindex=\"0\" role=\"link\" href=\"https:\/\/www.instagram.com\/balldebastonslagarriga\/\">@balldebastonslagarriga<\/a>\u00a0hem estat a Les Franqueses del Vall\u00e8s, convidades pel seu ajuntament, per participar en la XIII Festa de la Inf\u00e0ncia. All\u00e0 hem anat una part de la colla per fer una petita mostra seguida d\u2019un taller on qui ha volgut ha pogut provar d\u2019agafar bastons i aprendre un parell de coreografies amb nosaltres. Avui han apr\u00e8s, gr\u00e0cies a la veu de la Leia qui ho ha compartit amb la resta d\u2019infants, que la part m\u00e9s important del Ball de Bastons ARA I SEMPRE \u00e9s fer-ho amb un somriure m\u00e0gic i sincer!<br \/><br \/>Aquesta mateixa m\u00e0gia s\u2019ha respirat una mica m\u00e9s tard, tamb\u00e9 aquest mat\u00ed, a la Festa Major de la Verneda i Sant Mart\u00ed, a Barcelona, on les colles de <a class=\"x1i10hfl xjbqb8w x1ejq31n x18oe1m7 x1sy0etr xstzfhl x972fbf x10w94by x1qhh985 x14e42zd x9f619 x1ypdohk xt0psk2 x3ct3a4 xdj266r x14z9mp xat24cr x1lziwak xexx8yu xyri2b x18d9i69 x1c1uobl x16tdsg8 x1hl2dhg xggy1nq x1a2a7pz notranslate _a6hd\" tabindex=\"0\" role=\"link\" href=\"https:\/\/www.instagram.com\/balldebastonsdesantandreu\/\">@balldebastonsdesantandreu<\/a>\u00a0i\u00a0<a class=\"x1i10hfl xjbqb8w x1ejq31n x18oe1m7 x1sy0etr xstzfhl x972fbf x10w94by x1qhh985 x14e42zd x9f619 x1ypdohk xt0psk2 x3ct3a4 xdj266r x14z9mp xat24cr x1lziwak xexx8yu xyri2b x18d9i69 x1c1uobl x16tdsg8 x1hl2dhg xggy1nq x1a2a7pz notranslate _a6hd\" tabindex=\"0\" role=\"link\" href=\"https:\/\/www.instagram.com\/collabastoneradelaverneda\/\">@collabastoneradelaverneda<\/a>\u00a0han fet una bona mostra de danses, algunes d\u2019elles compartides, a la Pla\u00e7a de la Inf\u00e0ncia, donant pas a un taller amb persones de totes les edats que s\u2019han apropat per provar qu\u00e8 \u00e9s fer Ball de Bastons. Una actuaci\u00f3 on dues colles han tornat a mostrar que la cultura popular ARA I SEMPRE \u00e9s una gran fam\u00edlia!<br \/><br \/>Gr\u00e0cies a totes les persones implicades per fer-ho possible i gr\u00e0cies a les Franqueses i a la Verneda per comptar amb nosaltres!<\/p><p style=\"text-align: justify;\" data-start=\"216\" data-end=\"673\">VISCA EL BALL DE BASTONS I VISCA LA CULTURA POPULAR! ARA I SEMPRE!<\/p>\t\t\t\t\t\t<\/div>\n\t\t\t\t<\/div>\n\t\t\t\t<div class=\"elementor-element elementor-element-3165c91 elementor-arrows-position-inside elementor-pagination-position-outside elementor-widget elementor-widget-image-carousel\" data-id=\"3165c91\" data-element_type=\"widget\" data-settings=\"{&quot;slides_to_show&quot;:&quot;1&quot;,&quot;navigation&quot;:&quot;both&quot;,&quot;autoplay&quot;:&quot;yes&quot;,&quot;pause_on_hover&quot;:&quot;yes&quot;,&quot;pause_on_interaction&quot;:&quot;yes&quot;,&quot;autoplay_speed&quot;:5000,&quot;infinite&quot;:&quot;yes&quot;,&quot;effect&quot;:&quot;slide&quot;,&quot;speed&quot;:500}\" data-widget_type=\"image-carousel.default\">\n\t\t\t\t<div class=\"elementor-widget-container\">\n\t\t\t<style>\/*! elementor - v3.21.0 - 18-04-2024 *\/\n.elementor-widget-image-carousel .swiper,.elementor-widget-image-carousel .swiper-container{position:static}.elementor-widget-image-carousel .swiper-container .swiper-slide figure,.elementor-widget-image-carousel .swiper .swiper-slide figure{line-height:inherit}.elementor-widget-image-carousel .swiper-slide{text-align:center}.elementor-image-carousel-wrapper:not(.swiper-container-initialized):not(.swiper-initialized) .swiper-slide{max-width:calc(100% \/ var(--e-image-carousel-slides-to-show, 3))}<\/style>\t\t<div class=\"elementor-image-carousel-wrapper swiper\" dir=\"ltr\">\n\t\t\t<div class=\"elementor-image-carousel swiper-wrapper\" aria-live=\"off\">\n\t\t\t\t\t\t\t\t<div class=\"swiper-slide\" role=\"group\" aria-roledescription=\"slide\" aria-label=\"1 de 20\"><figure class=\"swiper-slide-inner\"><img decoding=\"async\" class=\"swiper-slide-image\" src=\"https:\/\/araisemprecultura.cat\/wp-content\/uploads\/2025\/11\/??-Aquest-mati-el-@balldebastonslagarriga-hem-estat-a-Les-Franqueses-del-Valles-convidades-pe.jpg\" alt=\"?? Aquest mat\u00ed el @balldebastonslagarriga hem estat a Les Franqueses del Vall\u00e8s, convidades pe\" \/><\/figure><\/div><div class=\"swiper-slide\" role=\"group\" aria-roledescription=\"slide\" aria-label=\"2 de 20\"><figure class=\"swiper-slide-inner\"><img decoding=\"async\" class=\"swiper-slide-image\" src=\"https:\/\/araisemprecultura.cat\/wp-content\/uploads\/2025\/11\/??-Aquest-mati-el-@balldebastonslagarriga-hem-estat-a-Les-Franqueses-del-Valles-convidades-pe-1.jpg\" alt=\"?? Aquest mat\u00ed el @balldebastonslagarriga hem estat a Les Franqueses del Vall\u00e8s, convidades pe (1)\" \/><\/figure><\/div><div class=\"swiper-slide\" role=\"group\" aria-roledescription=\"slide\" aria-label=\"3 de 20\"><figure class=\"swiper-slide-inner\"><img decoding=\"async\" class=\"swiper-slide-image\" src=\"https:\/\/araisemprecultura.cat\/wp-content\/uploads\/2025\/11\/??-Aquest-mati-el-@balldebastonslagarriga-hem-estat-a-Les-Franqueses-del-Valles-convidades-pe-2.jpg\" alt=\"?? Aquest mat\u00ed el @balldebastonslagarriga hem estat a Les Franqueses del Vall\u00e8s, convidades pe (2)\" \/><\/figure><\/div><div class=\"swiper-slide\" role=\"group\" aria-roledescription=\"slide\" aria-label=\"4 de 20\"><figure class=\"swiper-slide-inner\"><img decoding=\"async\" class=\"swiper-slide-image\" src=\"https:\/\/araisemprecultura.cat\/wp-content\/uploads\/2025\/11\/??-Aquest-mati-el-@balldebastonslagarriga-hem-estat-a-Les-Franqueses-del-Valles-convidades-pe-3.jpg\" alt=\"?? Aquest mat\u00ed el @balldebastonslagarriga hem estat a Les Franqueses del Vall\u00e8s, convidades pe (3)\" \/><\/figure><\/div><div class=\"swiper-slide\" role=\"group\" aria-roledescription=\"slide\" aria-label=\"5 de 20\"><figure class=\"swiper-slide-inner\"><img decoding=\"async\" class=\"swiper-slide-image\" src=\"https:\/\/araisemprecultura.cat\/wp-content\/uploads\/2025\/11\/??-Aquest-mati-el-@balldebastonslagarriga-hem-estat-a-Les-Franqueses-del-Valles-convidades-pe-4.jpg\" alt=\"?? Aquest mat\u00ed el @balldebastonslagarriga hem estat a Les Franqueses del Vall\u00e8s, convidades pe (4)\" \/><\/figure><\/div><div class=\"swiper-slide\" role=\"group\" aria-roledescription=\"slide\" aria-label=\"6 de 20\"><figure class=\"swiper-slide-inner\"><img decoding=\"async\" class=\"swiper-slide-image\" src=\"https:\/\/araisemprecultura.cat\/wp-content\/uploads\/2025\/11\/??-Aquest-mati-el-@balldebastonslagarriga-hem-estat-a-Les-Franqueses-del-Valles-convidades-pe-5.jpg\" alt=\"?? Aquest mat\u00ed el @balldebastonslagarriga hem estat a Les Franqueses del Vall\u00e8s, convidades pe (5)\" \/><\/figure><\/div><div class=\"swiper-slide\" role=\"group\" aria-roledescription=\"slide\" aria-label=\"7 de 20\"><figure class=\"swiper-slide-inner\"><img decoding=\"async\" class=\"swiper-slide-image\" src=\"https:\/\/araisemprecultura.cat\/wp-content\/uploads\/2025\/11\/??-Aquest-mati-el-@balldebastonslagarriga-hem-estat-a-Les-Franqueses-del-Valles-convidades-pe-6.jpg\" alt=\"?? Aquest mat\u00ed el @balldebastonslagarriga hem estat a Les Franqueses del Vall\u00e8s, convidades pe (6)\" \/><\/figure><\/div><div class=\"swiper-slide\" role=\"group\" aria-roledescription=\"slide\" aria-label=\"8 de 20\"><figure class=\"swiper-slide-inner\"><img decoding=\"async\" class=\"swiper-slide-image\" src=\"https:\/\/araisemprecultura.cat\/wp-content\/uploads\/2025\/11\/??-Aquest-mati-el-@balldebastonslagarriga-hem-estat-a-Les-Franqueses-del-Valles-convidades-pe-7.jpg\" alt=\"?? Aquest mat\u00ed el @balldebastonslagarriga hem estat a Les Franqueses del Vall\u00e8s, convidades pe (7)\" \/><\/figure><\/div><div class=\"swiper-slide\" role=\"group\" aria-roledescription=\"slide\" aria-label=\"9 de 20\"><figure class=\"swiper-slide-inner\"><img decoding=\"async\" class=\"swiper-slide-image\" src=\"https:\/\/araisemprecultura.cat\/wp-content\/uploads\/2025\/11\/??-Aquest-mati-el-@balldebastonslagarriga-hem-estat-a-Les-Franqueses-del-Valles-convidades-pe-8.jpg\" alt=\"?? Aquest mat\u00ed el @balldebastonslagarriga hem estat a Les Franqueses del Vall\u00e8s, convidades pe (8)\" \/><\/figure><\/div><div class=\"swiper-slide\" role=\"group\" aria-roledescription=\"slide\" aria-label=\"10 de 20\"><figure class=\"swiper-slide-inner\"><img decoding=\"async\" class=\"swiper-slide-image\" src=\"https:\/\/araisemprecultura.cat\/wp-content\/uploads\/2025\/11\/??-Aquest-mati-el-@balldebastonslagarriga-hem-estat-a-Les-Franqueses-del-Valles-convidades-pe-9.jpg\" alt=\"?? Aquest mat\u00ed el @balldebastonslagarriga hem estat a Les Franqueses del Vall\u00e8s, convidades pe (9)\" \/><\/figure><\/div><div class=\"swiper-slide\" role=\"group\" aria-roledescription=\"slide\" aria-label=\"11 de 20\"><figure class=\"swiper-slide-inner\"><img decoding=\"async\" class=\"swiper-slide-image\" src=\"https:\/\/araisemprecultura.cat\/wp-content\/uploads\/2025\/11\/??-Aquest-mati-el-@balldebastonslagarriga-hem-estat-a-Les-Franqueses-del-Valles-convidades-pe-10.jpg\" alt=\"?? Aquest mat\u00ed el @balldebastonslagarriga hem estat a Les Franqueses del Vall\u00e8s, convidades pe (10)\" \/><\/figure><\/div><div class=\"swiper-slide\" role=\"group\" aria-roledescription=\"slide\" aria-label=\"12 de 20\"><figure class=\"swiper-slide-inner\"><img decoding=\"async\" class=\"swiper-slide-image\" src=\"https:\/\/araisemprecultura.cat\/wp-content\/uploads\/2025\/11\/??-Aquest-mati-el-@balldebastonslagarriga-hem-estat-a-Les-Franqueses-del-Valles-convidades-pe-11.jpg\" alt=\"?? Aquest mat\u00ed el @balldebastonslagarriga hem estat a Les Franqueses del Vall\u00e8s, convidades pe (11)\" \/><\/figure><\/div><div class=\"swiper-slide\" role=\"group\" aria-roledescription=\"slide\" aria-label=\"13 de 20\"><figure class=\"swiper-slide-inner\"><img decoding=\"async\" class=\"swiper-slide-image\" src=\"https:\/\/araisemprecultura.cat\/wp-content\/uploads\/2025\/11\/??-Aquest-mati-el-@balldebastonslagarriga-hem-estat-a-Les-Franqueses-del-Valles-convidades-pe-12.jpg\" alt=\"?? Aquest mat\u00ed el @balldebastonslagarriga hem estat a Les Franqueses del Vall\u00e8s, convidades pe (12)\" \/><\/figure><\/div><div class=\"swiper-slide\" role=\"group\" aria-roledescription=\"slide\" aria-label=\"14 de 20\"><figure class=\"swiper-slide-inner\"><img decoding=\"async\" class=\"swiper-slide-image\" src=\"https:\/\/araisemprecultura.cat\/wp-content\/uploads\/2025\/11\/??-Aquest-mati-el-@balldebastonslagarriga-hem-estat-a-Les-Franqueses-del-Valles-convidades-pe-13.jpg\" alt=\"?? Aquest mat\u00ed el @balldebastonslagarriga hem estat a Les Franqueses del Vall\u00e8s, convidades pe (13)\" \/><\/figure><\/div><div class=\"swiper-slide\" role=\"group\" aria-roledescription=\"slide\" aria-label=\"15 de 20\"><figure class=\"swiper-slide-inner\"><img decoding=\"async\" class=\"swiper-slide-image\" src=\"https:\/\/araisemprecultura.cat\/wp-content\/uploads\/2025\/11\/??-Aquest-mati-el-@balldebastonslagarriga-hem-estat-a-Les-Franqueses-del-Valles-convidades-pe-14.jpg\" alt=\"?? Aquest mat\u00ed el @balldebastonslagarriga hem estat a Les Franqueses del Vall\u00e8s, convidades pe (14)\" \/><\/figure><\/div><div class=\"swiper-slide\" role=\"group\" aria-roledescription=\"slide\" aria-label=\"16 de 20\"><figure class=\"swiper-slide-inner\"><img decoding=\"async\" class=\"swiper-slide-image\" src=\"https:\/\/araisemprecultura.cat\/wp-content\/uploads\/2025\/11\/??-Aquest-mati-el-@balldebastonslagarriga-hem-estat-a-Les-Franqueses-del-Valles-convidades-pe-15.jpg\" alt=\"?? Aquest mat\u00ed el @balldebastonslagarriga hem estat a Les Franqueses del Vall\u00e8s, convidades pe (15)\" \/><\/figure><\/div><div class=\"swiper-slide\" role=\"group\" aria-roledescription=\"slide\" aria-label=\"17 de 20\"><figure class=\"swiper-slide-inner\"><img decoding=\"async\" class=\"swiper-slide-image\" src=\"https:\/\/araisemprecultura.cat\/wp-content\/uploads\/2025\/11\/??-Aquest-mati-el-@balldebastonslagarriga-hem-estat-a-Les-Franqueses-del-Valles-convidades-pe-16.jpg\" alt=\"?? Aquest mat\u00ed el @balldebastonslagarriga hem estat a Les Franqueses del Vall\u00e8s, convidades pe (16)\" \/><\/figure><\/div><div class=\"swiper-slide\" role=\"group\" aria-roledescription=\"slide\" aria-label=\"18 de 20\"><figure class=\"swiper-slide-inner\"><img decoding=\"async\" class=\"swiper-slide-image\" src=\"https:\/\/araisemprecultura.cat\/wp-content\/uploads\/2025\/11\/??-Aquest-mati-el-@balldebastonslagarriga-hem-estat-a-Les-Franqueses-del-Valles-convidades-pe-17.jpg\" alt=\"?? Aquest mat\u00ed el @balldebastonslagarriga hem estat a Les Franqueses del Vall\u00e8s, convidades pe (17)\" \/><\/figure><\/div><div class=\"swiper-slide\" role=\"group\" aria-roledescription=\"slide\" aria-label=\"19 de 20\"><figure class=\"swiper-slide-inner\"><img decoding=\"async\" class=\"swiper-slide-image\" src=\"https:\/\/araisemprecultura.cat\/wp-content\/uploads\/2025\/11\/??-Aquest-mati-el-@balldebastonslagarriga-hem-estat-a-Les-Franqueses-del-Valles-convidades-pe-18.jpg\" alt=\"?? Aquest mat\u00ed el @balldebastonslagarriga hem estat a Les Franqueses del Vall\u00e8s, convidades pe (18)\" \/><\/figure><\/div><div class=\"swiper-slide\" role=\"group\" aria-roledescription=\"slide\" aria-label=\"20 de 20\"><figure class=\"swiper-slide-inner\"><img decoding=\"async\" class=\"swiper-slide-image\" src=\"https:\/\/araisemprecultura.cat\/wp-content\/uploads\/2025\/11\/??-Aquest-mati-el-@balldebastonslagarriga-hem-estat-a-Les-Franqueses-del-Valles-convidades-pe-19.jpg\" alt=\"?? Aquest mat\u00ed el @balldebastonslagarriga hem estat a Les Franqueses del Vall\u00e8s, convidades pe (19)\" \/><\/figure><\/div>\t\t\t<\/div>\n\t\t\t\t\t\t\t\t\t\t\t\t<div class=\"elementor-swiper-button elementor-swiper-button-prev\" role=\"button\" tabindex=\"0\">\n\t\t\t\t\t\t<i aria-hidden=\"true\" class=\"eicon-chevron-left\"><\/i>\t\t\t\t\t<\/div>\n\t\t\t\t\t<div class=\"elementor-swiper-button elementor-swiper-button-next\" role=\"button\" tabindex=\"0\">\n\t\t\t\t\t\t<i aria-hidden=\"true\" class=\"eicon-chevron-right\"><\/i>\t\t\t\t\t<\/div>\n\t\t\t\t\n\t\t\t\t\t\t\t\t\t<div class=\"swiper-pagination\"><\/div>\n\t\t\t\t\t\t\t\t\t<\/div>\n\t\t\t\t<\/div>\n\t\t\t\t<\/div>\n\t\t\t\t\t<\/div>\n\t\t<\/div>\n\t\t\t\t\t<\/div>\n\t\t<\/section>\n\t\t\t\t<\/div>\n\t\t","protected":false},"excerpt":{"rendered":"<p>Aquest mat\u00ed el\u00a0@balldebastonslagarriga\u00a0hem estat a Les Franqueses del Vall\u00e8s, convidades pel seu ajuntament, per participar en la XIII Festa de la Inf\u00e0ncia. All\u00e0 hem anat una part de la colla per fer una petita mostra seguida d\u2019un taller on qui ha volgut ha pogut provar d\u2019agafar bastons i aprendre un parell de coreografies amb nosaltres. [&hellip;]<\/p>\n","protected":false},"author":3,"featured_media":8379,"comment_status":"closed","ping_status":"closed","sticky":false,"template":"","format":"standard","meta":{"_acf_changed":false,"footnotes":""},"categories":[7,1],"tags":[],"class_list":["post-8357","post","type-post","status-publish","format-standard","has-post-thumbnail","hentry","category-ball-de-bastons","category-noticies"],"acf":[],"yoast_head":"<!-- This site is optimized with the Yoast SEO plugin v21.8 - https:\/\/yoast.com\/wordpress\/plugins\/seo\/ -->\n<title>Dia Internacional de la Inf\u00e0ncia - ARA I SEMPRE<\/title>\n<meta name=\"robots\" content=\"index, follow, max-snippet:-1, max-image-preview:large, max-video-preview:-1\" \/>\n<link rel=\"canonical\" href=\"https:\/\/araisemprecultura.cat\/index.php\/dia-internacional-de-la-infancia\/noticies\/araisempre\/\" \/>\n<meta property=\"og:locale\" content=\"ca_ES\" \/>\n<meta property=\"og:type\" content=\"article\" \/>\n<meta property=\"og:title\" content=\"Dia Internacional de la Inf\u00e0ncia - ARA I SEMPRE\" \/>\n<meta property=\"og:description\" content=\"Aquest mat\u00ed el\u00a0@balldebastonslagarriga\u00a0hem estat a Les Franqueses del Vall\u00e8s, convidades pel seu ajuntament, per participar en la XIII Festa de la Inf\u00e0ncia. All\u00e0 hem anat una part de la colla per fer una petita mostra seguida d\u2019un taller on qui ha volgut ha pogut provar d\u2019agafar bastons i aprendre un parell de coreografies amb nosaltres. [&hellip;]\" \/>\n<meta property=\"og:url\" content=\"https:\/\/araisemprecultura.cat\/index.php\/dia-internacional-de-la-infancia\/noticies\/araisempre\/\" \/>\n<meta property=\"og:site_name\" content=\"ARA I SEMPRE\" \/>\n<meta property=\"article:published_time\" content=\"2025-11-15T15:02:15+00:00\" \/>\n<meta property=\"article:modified_time\" content=\"2025-12-27T11:26:30+00:00\" \/>\n<meta property=\"og:image\" content=\"https:\/\/araisemprecultura.cat\/wp-content\/uploads\/2025\/11\/??-Aquest-mati-el-@balldebastonslagarriga-hem-estat-a-Les-Franqueses-del-Valles-convidades-pe.jpg\" \/>\n\t<meta property=\"og:image:width\" content=\"1080\" \/>\n\t<meta property=\"og:image:height\" content=\"1080\" \/>\n\t<meta property=\"og:image:type\" content=\"image\/jpeg\" \/>\n<meta name=\"author\" content=\"Associaci\u00f3 ARA I SEMPRE\" \/>\n<meta name=\"twitter:card\" content=\"summary_large_image\" \/>\n<meta name=\"twitter:label1\" content=\"Escrit per\" \/>\n\t<meta name=\"twitter:data1\" content=\"Associaci\u00f3 ARA I SEMPRE\" \/>\n\t<meta name=\"twitter:label2\" content=\"Temps estimat de lectura\" \/>\n\t<meta name=\"twitter:data2\" content=\"2 minuts\" \/>\n<script type=\"application\/ld+json\" class=\"yoast-schema-graph\">{\"@context\":\"https:\/\/schema.org\",\"@graph\":[{\"@type\":\"Article\",\"@id\":\"https:\/\/araisemprecultura.cat\/index.php\/dia-internacional-de-la-infancia\/noticies\/araisempre\/#article\",\"isPartOf\":{\"@id\":\"https:\/\/araisemprecultura.cat\/index.php\/dia-internacional-de-la-infancia\/noticies\/araisempre\/\"},\"author\":{\"name\":\"Associaci\u00f3 ARA I SEMPRE\",\"@id\":\"https:\/\/araisemprecultura.cat\/#\/schema\/person\/63f5d9084c529771425e563e055e9753\"},\"headline\":\"Dia Internacional de la Inf\u00e0ncia\",\"datePublished\":\"2025-11-15T15:02:15+00:00\",\"dateModified\":\"2025-12-27T11:26:30+00:00\",\"mainEntityOfPage\":{\"@id\":\"https:\/\/araisemprecultura.cat\/index.php\/dia-internacional-de-la-infancia\/noticies\/araisempre\/\"},\"wordCount\":244,\"publisher\":{\"@id\":\"https:\/\/araisemprecultura.cat\/#organization\"},\"articleSection\":[\"Ball de Bastons\",\"Not\u00edcies\"],\"inLanguage\":\"ca\"},{\"@type\":\"WebPage\",\"@id\":\"https:\/\/araisemprecultura.cat\/index.php\/dia-internacional-de-la-infancia\/noticies\/araisempre\/\",\"url\":\"https:\/\/araisemprecultura.cat\/index.php\/dia-internacional-de-la-infancia\/noticies\/araisempre\/\",\"name\":\"Dia Internacional de la Inf\u00e0ncia - ARA I SEMPRE\",\"isPartOf\":{\"@id\":\"https:\/\/araisemprecultura.cat\/#website\"},\"datePublished\":\"2025-11-15T15:02:15+00:00\",\"dateModified\":\"2025-12-27T11:26:30+00:00\",\"breadcrumb\":{\"@id\":\"https:\/\/araisemprecultura.cat\/index.php\/dia-internacional-de-la-infancia\/noticies\/araisempre\/#breadcrumb\"},\"inLanguage\":\"ca\",\"potentialAction\":[{\"@type\":\"ReadAction\",\"target\":[\"https:\/\/araisemprecultura.cat\/index.php\/dia-internacional-de-la-infancia\/noticies\/araisempre\/\"]}]},{\"@type\":\"BreadcrumbList\",\"@id\":\"https:\/\/araisemprecultura.cat\/index.php\/dia-internacional-de-la-infancia\/noticies\/araisempre\/#breadcrumb\",\"itemListElement\":[{\"@type\":\"ListItem\",\"position\":1,\"name\":\"Inici\",\"item\":\"https:\/\/araisemprecultura.cat\/\"},{\"@type\":\"ListItem\",\"position\":2,\"name\":\"Dia Internacional de la Inf\u00e0ncia\"}]},{\"@type\":\"WebSite\",\"@id\":\"https:\/\/araisemprecultura.cat\/#website\",\"url\":\"https:\/\/araisemprecultura.cat\/\",\"name\":\"ARA I SEMPRE\",\"description\":\"\",\"publisher\":{\"@id\":\"https:\/\/araisemprecultura.cat\/#organization\"},\"potentialAction\":[{\"@type\":\"SearchAction\",\"target\":{\"@type\":\"EntryPoint\",\"urlTemplate\":\"https:\/\/araisemprecultura.cat\/?s={search_term_string}\"},\"query-input\":\"required name=search_term_string\"}],\"inLanguage\":\"ca\"},{\"@type\":\"Organization\",\"@id\":\"https:\/\/araisemprecultura.cat\/#organization\",\"name\":\"ARA I SEMPRE\",\"url\":\"https:\/\/araisemprecultura.cat\/\",\"logo\":{\"@type\":\"ImageObject\",\"inLanguage\":\"ca\",\"@id\":\"https:\/\/araisemprecultura.cat\/#\/schema\/logo\/image\/\",\"url\":\"https:\/\/araisemprecultura.cat\/wp-content\/uploads\/2022\/02\/Disseny-imatge-ara-i-sempre-161.png\",\"contentUrl\":\"https:\/\/araisemprecultura.cat\/wp-content\/uploads\/2022\/02\/Disseny-imatge-ara-i-sempre-161.png\",\"width\":\"1962\",\"height\":\"713\",\"caption\":\"ARA I SEMPRE\"},\"image\":{\"@id\":\"https:\/\/araisemprecultura.cat\/#\/schema\/logo\/image\/\"}},{\"@type\":\"Person\",\"@id\":\"https:\/\/araisemprecultura.cat\/#\/schema\/person\/63f5d9084c529771425e563e055e9753\",\"name\":\"Associaci\u00f3 ARA I SEMPRE\",\"image\":{\"@type\":\"ImageObject\",\"inLanguage\":\"ca\",\"@id\":\"https:\/\/araisemprecultura.cat\/#\/schema\/person\/image\/\",\"url\":\"https:\/\/secure.gravatar.com\/avatar\/79119cae4235670f2cf10d32f7e31d7e8ddcdc1f4fa0a59abe7d167411092c01?s=96&r=g\",\"contentUrl\":\"https:\/\/secure.gravatar.com\/avatar\/79119cae4235670f2cf10d32f7e31d7e8ddcdc1f4fa0a59abe7d167411092c01?s=96&r=g\",\"caption\":\"Associaci\u00f3 ARA I SEMPRE\"},\"url\":\"https:\/\/araisemprecultura.cat\/index.php\/author\/araisempre\/\"}]}<\/script>\n<!-- \/ Yoast SEO plugin. -->","yoast_head_json":{"title":"Dia Internacional de la Inf\u00e0ncia - ARA I SEMPRE","robots":{"index":"index","follow":"follow","max-snippet":"max-snippet:-1","max-image-preview":"max-image-preview:large","max-video-preview":"max-video-preview:-1"},"canonical":"https:\/\/araisemprecultura.cat\/index.php\/dia-internacional-de-la-infancia\/noticies\/araisempre\/","og_locale":"ca_ES","og_type":"article","og_title":"Dia Internacional de la Inf\u00e0ncia - ARA I SEMPRE","og_description":"Aquest mat\u00ed el\u00a0@balldebastonslagarriga\u00a0hem estat a Les Franqueses del Vall\u00e8s, convidades pel seu ajuntament, per participar en la XIII Festa de la Inf\u00e0ncia. All\u00e0 hem anat una part de la colla per fer una petita mostra seguida d\u2019un taller on qui ha volgut ha pogut provar d\u2019agafar bastons i aprendre un parell de coreografies amb nosaltres. [&hellip;]","og_url":"https:\/\/araisemprecultura.cat\/index.php\/dia-internacional-de-la-infancia\/noticies\/araisempre\/","og_site_name":"ARA I SEMPRE","article_published_time":"2025-11-15T15:02:15+00:00","article_modified_time":"2025-12-27T11:26:30+00:00","og_image":[{"width":"1080","height":"1080","url":"https:\/\/araisemprecultura.cat\/wp-content\/uploads\/2025\/11\/??-Aquest-mati-el-@balldebastonslagarriga-hem-estat-a-Les-Franqueses-del-Valles-convidades-pe.jpg","type":"image\/jpeg"}],"author":"Associaci\u00f3 ARA I SEMPRE","twitter_card":"summary_large_image","twitter_misc":{"Escrit per":"Associaci\u00f3 ARA I SEMPRE","Temps estimat de lectura":"2 minuts"},"schema":{"@context":"https:\/\/schema.org","@graph":[{"@type":"Article","@id":"https:\/\/araisemprecultura.cat\/index.php\/dia-internacional-de-la-infancia\/noticies\/araisempre\/#article","isPartOf":{"@id":"https:\/\/araisemprecultura.cat\/index.php\/dia-internacional-de-la-infancia\/noticies\/araisempre\/"},"author":{"name":"Associaci\u00f3 ARA I SEMPRE","@id":"https:\/\/araisemprecultura.cat\/#\/schema\/person\/63f5d9084c529771425e563e055e9753"},"headline":"Dia Internacional de la Inf\u00e0ncia","datePublished":"2025-11-15T15:02:15+00:00","dateModified":"2025-12-27T11:26:30+00:00","mainEntityOfPage":{"@id":"https:\/\/araisemprecultura.cat\/index.php\/dia-internacional-de-la-infancia\/noticies\/araisempre\/"},"wordCount":244,"publisher":{"@id":"https:\/\/araisemprecultura.cat\/#organization"},"articleSection":["Ball de Bastons","Not\u00edcies"],"inLanguage":"ca"},{"@type":"WebPage","@id":"https:\/\/araisemprecultura.cat\/index.php\/dia-internacional-de-la-infancia\/noticies\/araisempre\/","url":"https:\/\/araisemprecultura.cat\/index.php\/dia-internacional-de-la-infancia\/noticies\/araisempre\/","name":"Dia Internacional de la Inf\u00e0ncia - ARA I SEMPRE","isPartOf":{"@id":"https:\/\/araisemprecultura.cat\/#website"},"datePublished":"2025-11-15T15:02:15+00:00","dateModified":"2025-12-27T11:26:30+00:00","breadcrumb":{"@id":"https:\/\/araisemprecultura.cat\/index.php\/dia-internacional-de-la-infancia\/noticies\/araisempre\/#breadcrumb"},"inLanguage":"ca","potentialAction":[{"@type":"ReadAction","target":["https:\/\/araisemprecultura.cat\/index.php\/dia-internacional-de-la-infancia\/noticies\/araisempre\/"]}]},{"@type":"BreadcrumbList","@id":"https:\/\/araisemprecultura.cat\/index.php\/dia-internacional-de-la-infancia\/noticies\/araisempre\/#breadcrumb","itemListElement":[{"@type":"ListItem","position":1,"name":"Inici","item":"https:\/\/araisemprecultura.cat\/"},{"@type":"ListItem","position":2,"name":"Dia Internacional de la Inf\u00e0ncia"}]},{"@type":"WebSite","@id":"https:\/\/araisemprecultura.cat\/#website","url":"https:\/\/araisemprecultura.cat\/","name":"ARA I SEMPRE","description":"","publisher":{"@id":"https:\/\/araisemprecultura.cat\/#organization"},"potentialAction":[{"@type":"SearchAction","target":{"@type":"EntryPoint","urlTemplate":"https:\/\/araisemprecultura.cat\/?s={search_term_string}"},"query-input":"required name=search_term_string"}],"inLanguage":"ca"},{"@type":"Organization","@id":"https:\/\/araisemprecultura.cat\/#organization","name":"ARA I SEMPRE","url":"https:\/\/araisemprecultura.cat\/","logo":{"@type":"ImageObject","inLanguage":"ca","@id":"https:\/\/araisemprecultura.cat\/#\/schema\/logo\/image\/","url":"https:\/\/araisemprecultura.cat\/wp-content\/uploads\/2022\/02\/Disseny-imatge-ara-i-sempre-161.png","contentUrl":"https:\/\/araisemprecultura.cat\/wp-content\/uploads\/2022\/02\/Disseny-imatge-ara-i-sempre-161.png","width":"1962","height":"713","caption":"ARA I SEMPRE"},"image":{"@id":"https:\/\/araisemprecultura.cat\/#\/schema\/logo\/image\/"}},{"@type":"Person","@id":"https:\/\/araisemprecultura.cat\/#\/schema\/person\/63f5d9084c529771425e563e055e9753","name":"Associaci\u00f3 ARA I SEMPRE","image":{"@type":"ImageObject","inLanguage":"ca","@id":"https:\/\/araisemprecultura.cat\/#\/schema\/person\/image\/","url":"https:\/\/secure.gravatar.com\/avatar\/79119cae4235670f2cf10d32f7e31d7e8ddcdc1f4fa0a59abe7d167411092c01?s=96&r=g","contentUrl":"https:\/\/secure.gravatar.com\/avatar\/79119cae4235670f2cf10d32f7e31d7e8ddcdc1f4fa0a59abe7d167411092c01?s=96&r=g","caption":"Associaci\u00f3 ARA I SEMPRE"},"url":"https:\/\/araisemprecultura.cat\/index.php\/author\/araisempre\/"}]}},"_links":{"self":[{"href":"https:\/\/araisemprecultura.cat\/index.php\/wp-json\/wp\/v2\/posts\/8357","targetHints":{"allow":["GET"]}}],"collection":[{"href":"https:\/\/araisemprecultura.cat\/index.php\/wp-json\/wp\/v2\/posts"}],"about":[{"href":"https:\/\/araisemprecultura.cat\/index.php\/wp-json\/wp\/v2\/types\/post"}],"author":[{"embeddable":true,"href":"https:\/\/araisemprecultura.cat\/index.php\/wp-json\/wp\/v2\/users\/3"}],"replies":[{"embeddable":true,"href":"https:\/\/araisemprecultura.cat\/index.php\/wp-json\/wp\/v2\/comments?post=8357"}],"version-history":[{"count":5,"href":"https:\/\/araisemprecultura.cat\/index.php\/wp-json\/wp\/v2\/posts\/8357\/revisions"}],"predecessor-version":[{"id":8383,"href":"https:\/\/araisemprecultura.cat\/index.php\/wp-json\/wp\/v2\/posts\/8357\/revisions\/8383"}],"wp:featuredmedia":[{"embeddable":true,"href":"https:\/\/araisemprecultura.cat\/index.php\/wp-json\/wp\/v2\/media\/8379"}],"wp:attachment":[{"href":"https:\/\/araisemprecultura.cat\/index.php\/wp-json\/wp\/v2\/media?parent=8357"}],"wp:term":[{"taxonomy":"category","embeddable":true,"href":"https:\/\/araisemprecultura.cat\/index.php\/wp-json\/wp\/v2\/categories?post=8357"},{"taxonomy":"post_tag","embeddable":true,"href":"https:\/\/araisemprecultura.cat\/index.php\/wp-json\/wp\/v2\/tags?post=8357"}],"curies":[{"name":"wp","href":"https:\/\/api.w.org\/{rel}","templated":true}]}}