{"id":7990,"date":"2025-12-14T19:31:42","date_gmt":"2025-12-14T19:31:42","guid":{"rendered":"https:\/\/araisemprecultura.cat\/?p=7990"},"modified":"2025-12-14T19:40:28","modified_gmt":"2025-12-14T19:40:28","slug":"imatges-gravacio-del-video-de-la-marato-de-3cat-2025","status":"publish","type":"post","link":"https:\/\/araisemprecultura.cat\/index.php\/imatges-gravacio-del-video-de-la-marato-de-3cat-2025\/noticies\/araisempre\/","title":{"rendered":"[IMATGES] Gravaci\u00f3 del v\u00eddeo de La Marat\u00f3 de 3Cat 2025!"},"content":{"rendered":"\t\t<div data-elementor-type=\"wp-post\" data-elementor-id=\"7990\" class=\"elementor elementor-7990\">\n\t\t\t\t\t\t<section class=\"elementor-section elementor-top-section elementor-element elementor-element-4566b714 elementor-section-boxed elementor-section-height-default elementor-section-height-default\" data-id=\"4566b714\" data-element_type=\"section\" data-settings=\"{&quot;_ha_eqh_enable&quot;:false}\">\n\t\t\t\t\t\t<div class=\"elementor-container elementor-column-gap-default\">\n\t\t\t\t\t<div class=\"elementor-column elementor-col-100 elementor-top-column elementor-element elementor-element-4a5f4662\" data-id=\"4a5f4662\" data-element_type=\"column\">\n\t\t\t<div class=\"elementor-widget-wrap elementor-element-populated\">\n\t\t\t\t\t\t<div class=\"elementor-element elementor-element-28aa1c1b elementor-widget elementor-widget-text-editor\" data-id=\"28aa1c1b\" data-element_type=\"widget\" data-widget_type=\"text-editor.default\">\n\t\t\t\t<div class=\"elementor-widget-container\">\n\t\t\t<style>\/*! elementor - v3.21.0 - 18-04-2024 *\/\n.elementor-widget-text-editor.elementor-drop-cap-view-stacked .elementor-drop-cap{background-color:#69727d;color:#fff}.elementor-widget-text-editor.elementor-drop-cap-view-framed .elementor-drop-cap{color:#69727d;border:3px solid;background-color:transparent}.elementor-widget-text-editor:not(.elementor-drop-cap-view-default) .elementor-drop-cap{margin-top:8px}.elementor-widget-text-editor:not(.elementor-drop-cap-view-default) .elementor-drop-cap-letter{width:1em;height:1em}.elementor-widget-text-editor .elementor-drop-cap{float:left;text-align:center;line-height:1;font-size:50px}.elementor-widget-text-editor .elementor-drop-cap-letter{display:inline-block}<\/style>\t\t\t\t<p style=\"text-align: justify;\" data-start=\"216\" data-end=\"673\">Avui est\u00e0 en marxa la jornada maratoniana de <strong data-start=\"261\" data-end=\"282\">La Marat\u00f3 de 3Cat<\/strong>, que enguany es dedica a la lluita contra el <strong data-start=\"328\" data-end=\"338\">c\u00e0ncer<\/strong>. Tant al llarg d\u2019aquest diumenge com durant els propers dies, es poden fer donacions a trav\u00e9s d\u2019internet, per Bizum o mitjan\u00e7ant transfer\u00e8ncia banc\u00e0ria. Tamb\u00e9 es pot col\u00b7laborar presencialment amb la compra, en efectiu, dels <strong data-start=\"564\" data-end=\"628\">tiquets solidaris per al sorteig de les paneres de La Marat\u00f3<\/strong>, previst per al dimecres <strong data-start=\"654\" data-end=\"672\">17 de desembre<\/strong>.<\/p><p style=\"text-align: justify;\" data-start=\"675\" data-end=\"938\">Des d\u2019ARA I SEMPRE volem recordar que, en la mesura de les possibilitats de cadasc\u00fa, <strong data-start=\"760\" data-end=\"784\">cada petit gest suma<\/strong>. La implicaci\u00f3 col\u00b7lectiva \u00e9s clau per continuar avan\u00e7ant en la investigaci\u00f3, en el diagn\u00f2stic preco\u00e7 i en la millora dels tractaments davant del c\u00e0ncer.<\/p><p style=\"text-align: justify;\" data-start=\"940\" data-end=\"1486\">En aquest cam\u00ed, hem tingut el privilegi de sumar el nostre granet de sorra col\u00b7laborant amb l\u2019<strong data-start=\"1034\" data-end=\"1058\">Institut La Rom\u00e0nica<\/strong>, un centre comprom\u00e8s amb la transformaci\u00f3 social i amb la cultura com a eina educativa i comunit\u00e0ria. Us compartim aquesta publicaci\u00f3 amb imatges de la <strong data-start=\"1211\" data-end=\"1257\">gravaci\u00f3 del v\u00eddeo per a La Marat\u00f3 de 3Cat<\/strong>, realitzada el passat <strong data-start=\"1280\" data-end=\"1305\">dilluns 1 de desembre<\/strong>. S\u00f3n imatges que omplen el cor de joia i que fan cr\u00e9ixer una m\u00e0gia dif\u00edcil d\u2019expressar amb paraules: la <strong data-start=\"1410\" data-end=\"1485\">cultura popular explicada i viscuda a trav\u00e9s de la m\u00e0gia dels somriures<\/strong>.<\/p><p style=\"text-align: justify;\" data-start=\"1488\" data-end=\"1721\">Volem agrair especialment a tot aquest <strong data-start=\"1527\" data-end=\"1562\">jovent capa\u00e7 de moure muntanyes<\/strong> la seva implicaci\u00f3, energia i comprom\u00eds. S\u00f3n una mostra clara que la cultura popular, quan es viu des de l\u2019educaci\u00f3 i la comunitat, pot transformar realitats.<\/p><p style=\"text-align: justify;\" data-start=\"1723\" data-end=\"1814\"><strong data-start=\"1723\" data-end=\"1812\">VISCA L\u2019INSTITUT LA ROM\u00c0NICA, VISCA LA CULTURA POPULAR I VISCA LA MARAT\u00d3 DE 3CAT! <\/strong><strong data-start=\"1816\" data-end=\"1833\">ARA I SEMPRE!<\/strong><\/p>\t\t\t\t\t\t<\/div>\n\t\t\t\t<\/div>\n\t\t\t\t<div class=\"elementor-element elementor-element-3165c91 elementor-arrows-position-inside elementor-pagination-position-outside elementor-widget elementor-widget-image-carousel\" data-id=\"3165c91\" data-element_type=\"widget\" data-settings=\"{&quot;slides_to_show&quot;:&quot;1&quot;,&quot;navigation&quot;:&quot;both&quot;,&quot;autoplay&quot;:&quot;yes&quot;,&quot;pause_on_hover&quot;:&quot;yes&quot;,&quot;pause_on_interaction&quot;:&quot;yes&quot;,&quot;autoplay_speed&quot;:5000,&quot;infinite&quot;:&quot;yes&quot;,&quot;effect&quot;:&quot;slide&quot;,&quot;speed&quot;:500}\" data-widget_type=\"image-carousel.default\">\n\t\t\t\t<div class=\"elementor-widget-container\">\n\t\t\t<style>\/*! elementor - v3.21.0 - 18-04-2024 *\/\n.elementor-widget-image-carousel .swiper,.elementor-widget-image-carousel .swiper-container{position:static}.elementor-widget-image-carousel .swiper-container .swiper-slide figure,.elementor-widget-image-carousel .swiper .swiper-slide figure{line-height:inherit}.elementor-widget-image-carousel .swiper-slide{text-align:center}.elementor-image-carousel-wrapper:not(.swiper-container-initialized):not(.swiper-initialized) .swiper-slide{max-width:calc(100% \/ var(--e-image-carousel-slides-to-show, 3))}<\/style>\t\t<div class=\"elementor-image-carousel-wrapper swiper\" dir=\"ltr\">\n\t\t\t<div class=\"elementor-image-carousel swiper-wrapper\" aria-live=\"off\">\n\t\t\t\t\t\t\t\t<div class=\"swiper-slide\" role=\"group\" aria-roledescription=\"slide\" aria-label=\"1 de 21\"><figure class=\"swiper-slide-inner\"><img decoding=\"async\" class=\"swiper-slide-image\" src=\"https:\/\/araisemprecultura.cat\/wp-content\/uploads\/2025\/12\/DSC04416-scaled.jpg\" alt=\"DSC04416\" \/><\/figure><\/div><div class=\"swiper-slide\" role=\"group\" aria-roledescription=\"slide\" aria-label=\"2 de 21\"><figure class=\"swiper-slide-inner\"><img decoding=\"async\" class=\"swiper-slide-image\" src=\"https:\/\/araisemprecultura.cat\/wp-content\/uploads\/2025\/12\/DSC04408-scaled.jpg\" alt=\"DSC04408\" \/><\/figure><\/div><div class=\"swiper-slide\" role=\"group\" aria-roledescription=\"slide\" aria-label=\"3 de 21\"><figure class=\"swiper-slide-inner\"><img decoding=\"async\" class=\"swiper-slide-image\" src=\"https:\/\/araisemprecultura.cat\/wp-content\/uploads\/2025\/12\/DSC04395-scaled.jpg\" alt=\"DSC04395\" \/><\/figure><\/div><div class=\"swiper-slide\" role=\"group\" aria-roledescription=\"slide\" aria-label=\"4 de 21\"><figure class=\"swiper-slide-inner\"><img decoding=\"async\" class=\"swiper-slide-image\" src=\"https:\/\/araisemprecultura.cat\/wp-content\/uploads\/2025\/12\/DSC04366-scaled.jpg\" alt=\"DSC04366\" \/><\/figure><\/div><div class=\"swiper-slide\" role=\"group\" aria-roledescription=\"slide\" aria-label=\"5 de 21\"><figure class=\"swiper-slide-inner\"><img decoding=\"async\" class=\"swiper-slide-image\" src=\"https:\/\/araisemprecultura.cat\/wp-content\/uploads\/2025\/12\/DSC04281-scaled.jpg\" alt=\"DSC04281\" \/><\/figure><\/div><div class=\"swiper-slide\" role=\"group\" aria-roledescription=\"slide\" aria-label=\"6 de 21\"><figure class=\"swiper-slide-inner\"><img decoding=\"async\" class=\"swiper-slide-image\" src=\"https:\/\/araisemprecultura.cat\/wp-content\/uploads\/2025\/12\/DSC04269-scaled.jpg\" alt=\"DSC04269\" \/><\/figure><\/div><div class=\"swiper-slide\" role=\"group\" aria-roledescription=\"slide\" aria-label=\"7 de 21\"><figure class=\"swiper-slide-inner\"><img decoding=\"async\" class=\"swiper-slide-image\" src=\"https:\/\/araisemprecultura.cat\/wp-content\/uploads\/2025\/12\/DSC04249-scaled.jpg\" alt=\"DSC04249\" \/><\/figure><\/div><div class=\"swiper-slide\" role=\"group\" aria-roledescription=\"slide\" aria-label=\"8 de 21\"><figure class=\"swiper-slide-inner\"><img decoding=\"async\" class=\"swiper-slide-image\" src=\"https:\/\/araisemprecultura.cat\/wp-content\/uploads\/2025\/12\/DSC04239.jpg\" alt=\"DSC04239\" \/><\/figure><\/div><div class=\"swiper-slide\" role=\"group\" aria-roledescription=\"slide\" aria-label=\"9 de 21\"><figure class=\"swiper-slide-inner\"><img decoding=\"async\" class=\"swiper-slide-image\" src=\"https:\/\/araisemprecultura.cat\/wp-content\/uploads\/2025\/12\/DSC04164-scaled.jpg\" alt=\"DSC04164\" \/><\/figure><\/div><div class=\"swiper-slide\" role=\"group\" aria-roledescription=\"slide\" aria-label=\"10 de 21\"><figure class=\"swiper-slide-inner\"><img decoding=\"async\" class=\"swiper-slide-image\" src=\"https:\/\/araisemprecultura.cat\/wp-content\/uploads\/2025\/12\/DSC04159-scaled.jpg\" alt=\"DSC04159\" \/><\/figure><\/div><div class=\"swiper-slide\" role=\"group\" aria-roledescription=\"slide\" aria-label=\"11 de 21\"><figure class=\"swiper-slide-inner\"><img decoding=\"async\" class=\"swiper-slide-image\" src=\"https:\/\/araisemprecultura.cat\/wp-content\/uploads\/2025\/12\/DSC04356-scaled.jpg\" alt=\"DSC04356\" \/><\/figure><\/div><div class=\"swiper-slide\" role=\"group\" aria-roledescription=\"slide\" aria-label=\"12 de 21\"><figure class=\"swiper-slide-inner\"><img decoding=\"async\" class=\"swiper-slide-image\" src=\"https:\/\/araisemprecultura.cat\/wp-content\/uploads\/2025\/12\/DSC04341-scaled.jpg\" alt=\"DSC04341\" \/><\/figure><\/div><div class=\"swiper-slide\" role=\"group\" aria-roledescription=\"slide\" aria-label=\"13 de 21\"><figure class=\"swiper-slide-inner\"><img decoding=\"async\" class=\"swiper-slide-image\" src=\"https:\/\/araisemprecultura.cat\/wp-content\/uploads\/2025\/12\/DSC04339-scaled.jpg\" alt=\"DSC04339\" \/><\/figure><\/div><div class=\"swiper-slide\" role=\"group\" aria-roledescription=\"slide\" aria-label=\"14 de 21\"><figure class=\"swiper-slide-inner\"><img decoding=\"async\" class=\"swiper-slide-image\" src=\"https:\/\/araisemprecultura.cat\/wp-content\/uploads\/2025\/12\/DSC04230-scaled.jpg\" alt=\"DSC04230\" \/><\/figure><\/div><div class=\"swiper-slide\" role=\"group\" aria-roledescription=\"slide\" aria-label=\"15 de 21\"><figure class=\"swiper-slide-inner\"><img decoding=\"async\" class=\"swiper-slide-image\" src=\"https:\/\/araisemprecultura.cat\/wp-content\/uploads\/2025\/12\/DSC04217-scaled.jpg\" alt=\"DSC04217\" \/><\/figure><\/div><div class=\"swiper-slide\" role=\"group\" aria-roledescription=\"slide\" aria-label=\"16 de 21\"><figure class=\"swiper-slide-inner\"><img decoding=\"async\" class=\"swiper-slide-image\" src=\"https:\/\/araisemprecultura.cat\/wp-content\/uploads\/2025\/12\/DSC04212-scaled.jpg\" alt=\"DSC04212\" \/><\/figure><\/div><div class=\"swiper-slide\" role=\"group\" aria-roledescription=\"slide\" aria-label=\"17 de 21\"><figure class=\"swiper-slide-inner\"><img decoding=\"async\" class=\"swiper-slide-image\" src=\"https:\/\/araisemprecultura.cat\/wp-content\/uploads\/2025\/12\/DSC04209-scaled.jpg\" alt=\"DSC04209\" \/><\/figure><\/div><div class=\"swiper-slide\" role=\"group\" aria-roledescription=\"slide\" aria-label=\"18 de 21\"><figure class=\"swiper-slide-inner\"><img decoding=\"async\" class=\"swiper-slide-image\" src=\"https:\/\/araisemprecultura.cat\/wp-content\/uploads\/2025\/12\/DSC04199-scaled.jpg\" alt=\"DSC04199\" \/><\/figure><\/div><div class=\"swiper-slide\" role=\"group\" aria-roledescription=\"slide\" aria-label=\"19 de 21\"><figure class=\"swiper-slide-inner\"><img decoding=\"async\" class=\"swiper-slide-image\" src=\"https:\/\/araisemprecultura.cat\/wp-content\/uploads\/2025\/12\/DSC04182-scaled.jpg\" alt=\"DSC04182\" \/><\/figure><\/div><div class=\"swiper-slide\" role=\"group\" aria-roledescription=\"slide\" aria-label=\"20 de 21\"><figure class=\"swiper-slide-inner\"><img decoding=\"async\" class=\"swiper-slide-image\" src=\"https:\/\/araisemprecultura.cat\/wp-content\/uploads\/2025\/12\/DSC04144-scaled.jpg\" alt=\"DSC04144\" \/><\/figure><\/div><div class=\"swiper-slide\" role=\"group\" aria-roledescription=\"slide\" aria-label=\"21 de 21\"><figure class=\"swiper-slide-inner\"><img decoding=\"async\" class=\"swiper-slide-image\" src=\"https:\/\/araisemprecultura.cat\/wp-content\/uploads\/2025\/12\/DSC04125-scaled.jpg\" alt=\"DSC04125\" \/><\/figure><\/div>\t\t\t<\/div>\n\t\t\t\t\t\t\t\t\t\t\t\t<div class=\"elementor-swiper-button elementor-swiper-button-prev\" role=\"button\" tabindex=\"0\">\n\t\t\t\t\t\t<i aria-hidden=\"true\" class=\"eicon-chevron-left\"><\/i>\t\t\t\t\t<\/div>\n\t\t\t\t\t<div class=\"elementor-swiper-button elementor-swiper-button-next\" role=\"button\" tabindex=\"0\">\n\t\t\t\t\t\t<i aria-hidden=\"true\" class=\"eicon-chevron-right\"><\/i>\t\t\t\t\t<\/div>\n\t\t\t\t\n\t\t\t\t\t\t\t\t\t<div class=\"swiper-pagination\"><\/div>\n\t\t\t\t\t\t\t\t\t<\/div>\n\t\t\t\t<\/div>\n\t\t\t\t<\/div>\n\t\t\t\t\t<\/div>\n\t\t<\/div>\n\t\t\t\t\t<\/div>\n\t\t<\/section>\n\t\t\t\t<\/div>\n\t\t","protected":false},"excerpt":{"rendered":"<p>Avui est\u00e0 en marxa la jornada maratoniana de La Marat\u00f3 de 3Cat, que enguany es dedica a la lluita contra el c\u00e0ncer. Tant al llarg d\u2019aquest diumenge com durant els propers dies, es poden fer donacions a trav\u00e9s d\u2019internet, per Bizum o mitjan\u00e7ant transfer\u00e8ncia banc\u00e0ria. Tamb\u00e9 es pot col\u00b7laborar presencialment amb la compra, en efectiu, [&hellip;]<\/p>\n","protected":false},"author":3,"featured_media":7979,"comment_status":"closed","ping_status":"closed","sticky":false,"template":"","format":"standard","meta":{"_acf_changed":false,"footnotes":""},"categories":[21,7,1],"tags":[],"class_list":["post-7990","post","type-post","status-publish","format-standard","has-post-thumbnail","hentry","category-altres-projectes-mes-enlla-de-lara-i-sempre","category-ball-de-bastons","category-noticies"],"acf":[],"yoast_head":"<!-- This site is optimized with the Yoast SEO plugin v21.8 - https:\/\/yoast.com\/wordpress\/plugins\/seo\/ -->\n<title>[IMATGES] Gravaci\u00f3 del v\u00eddeo de La Marat\u00f3 de 3Cat 2025! - ARA I SEMPRE<\/title>\n<meta name=\"robots\" content=\"index, follow, max-snippet:-1, max-image-preview:large, max-video-preview:-1\" \/>\n<link rel=\"canonical\" href=\"https:\/\/araisemprecultura.cat\/index.php\/imatges-gravacio-del-video-de-la-marato-de-3cat-2025\/noticies\/araisempre\/\" \/>\n<meta property=\"og:locale\" content=\"ca_ES\" \/>\n<meta property=\"og:type\" content=\"article\" \/>\n<meta property=\"og:title\" content=\"[IMATGES] Gravaci\u00f3 del v\u00eddeo de La Marat\u00f3 de 3Cat 2025! - ARA I SEMPRE\" \/>\n<meta property=\"og:description\" content=\"Avui est\u00e0 en marxa la jornada maratoniana de La Marat\u00f3 de 3Cat, que enguany es dedica a la lluita contra el c\u00e0ncer. Tant al llarg d\u2019aquest diumenge com durant els propers dies, es poden fer donacions a trav\u00e9s d\u2019internet, per Bizum o mitjan\u00e7ant transfer\u00e8ncia banc\u00e0ria. Tamb\u00e9 es pot col\u00b7laborar presencialment amb la compra, en efectiu, [&hellip;]\" \/>\n<meta property=\"og:url\" content=\"https:\/\/araisemprecultura.cat\/index.php\/imatges-gravacio-del-video-de-la-marato-de-3cat-2025\/noticies\/araisempre\/\" \/>\n<meta property=\"og:site_name\" content=\"ARA I SEMPRE\" \/>\n<meta property=\"article:published_time\" content=\"2025-12-14T19:31:42+00:00\" \/>\n<meta property=\"article:modified_time\" content=\"2025-12-14T19:40:28+00:00\" \/>\n<meta property=\"og:image\" content=\"https:\/\/araisemprecultura.cat\/wp-content\/uploads\/2025\/12\/DSC04159-scaled.jpg\" \/>\n\t<meta property=\"og:image:width\" content=\"2560\" \/>\n\t<meta property=\"og:image:height\" content=\"1707\" \/>\n\t<meta property=\"og:image:type\" content=\"image\/jpeg\" \/>\n<meta name=\"author\" content=\"Associaci\u00f3 ARA I SEMPRE\" \/>\n<meta name=\"twitter:card\" content=\"summary_large_image\" \/>\n<meta name=\"twitter:label1\" content=\"Escrit per\" \/>\n\t<meta name=\"twitter:data1\" content=\"Associaci\u00f3 ARA I SEMPRE\" \/>\n\t<meta name=\"twitter:label2\" content=\"Temps estimat de lectura\" \/>\n\t<meta name=\"twitter:data2\" content=\"7 minuts\" \/>\n<script type=\"application\/ld+json\" class=\"yoast-schema-graph\">{\"@context\":\"https:\/\/schema.org\",\"@graph\":[{\"@type\":\"Article\",\"@id\":\"https:\/\/araisemprecultura.cat\/index.php\/imatges-gravacio-del-video-de-la-marato-de-3cat-2025\/noticies\/araisempre\/#article\",\"isPartOf\":{\"@id\":\"https:\/\/araisemprecultura.cat\/index.php\/imatges-gravacio-del-video-de-la-marato-de-3cat-2025\/noticies\/araisempre\/\"},\"author\":{\"name\":\"Associaci\u00f3 ARA I SEMPRE\",\"@id\":\"https:\/\/araisemprecultura.cat\/#\/schema\/person\/63f5d9084c529771425e563e055e9753\"},\"headline\":\"[IMATGES] Gravaci\u00f3 del v\u00eddeo de La Marat\u00f3 de 3Cat 2025!\",\"datePublished\":\"2025-12-14T19:31:42+00:00\",\"dateModified\":\"2025-12-14T19:40:28+00:00\",\"mainEntityOfPage\":{\"@id\":\"https:\/\/araisemprecultura.cat\/index.php\/imatges-gravacio-del-video-de-la-marato-de-3cat-2025\/noticies\/araisempre\/\"},\"wordCount\":301,\"publisher\":{\"@id\":\"https:\/\/araisemprecultura.cat\/#organization\"},\"articleSection\":[\"Altres projectes m\u00e9s enll\u00e0 de l'ARA I SEMPRE\",\"Ball de Bastons\",\"Not\u00edcies\"],\"inLanguage\":\"ca\"},{\"@type\":\"WebPage\",\"@id\":\"https:\/\/araisemprecultura.cat\/index.php\/imatges-gravacio-del-video-de-la-marato-de-3cat-2025\/noticies\/araisempre\/\",\"url\":\"https:\/\/araisemprecultura.cat\/index.php\/imatges-gravacio-del-video-de-la-marato-de-3cat-2025\/noticies\/araisempre\/\",\"name\":\"[IMATGES] Gravaci\u00f3 del v\u00eddeo de La Marat\u00f3 de 3Cat 2025! - ARA I SEMPRE\",\"isPartOf\":{\"@id\":\"https:\/\/araisemprecultura.cat\/#website\"},\"datePublished\":\"2025-12-14T19:31:42+00:00\",\"dateModified\":\"2025-12-14T19:40:28+00:00\",\"breadcrumb\":{\"@id\":\"https:\/\/araisemprecultura.cat\/index.php\/imatges-gravacio-del-video-de-la-marato-de-3cat-2025\/noticies\/araisempre\/#breadcrumb\"},\"inLanguage\":\"ca\",\"potentialAction\":[{\"@type\":\"ReadAction\",\"target\":[\"https:\/\/araisemprecultura.cat\/index.php\/imatges-gravacio-del-video-de-la-marato-de-3cat-2025\/noticies\/araisempre\/\"]}]},{\"@type\":\"BreadcrumbList\",\"@id\":\"https:\/\/araisemprecultura.cat\/index.php\/imatges-gravacio-del-video-de-la-marato-de-3cat-2025\/noticies\/araisempre\/#breadcrumb\",\"itemListElement\":[{\"@type\":\"ListItem\",\"position\":1,\"name\":\"Inici\",\"item\":\"https:\/\/araisemprecultura.cat\/\"},{\"@type\":\"ListItem\",\"position\":2,\"name\":\"[IMATGES] Gravaci\u00f3 del v\u00eddeo de La Marat\u00f3 de 3Cat 2025!\"}]},{\"@type\":\"WebSite\",\"@id\":\"https:\/\/araisemprecultura.cat\/#website\",\"url\":\"https:\/\/araisemprecultura.cat\/\",\"name\":\"ARA I SEMPRE\",\"description\":\"\",\"publisher\":{\"@id\":\"https:\/\/araisemprecultura.cat\/#organization\"},\"potentialAction\":[{\"@type\":\"SearchAction\",\"target\":{\"@type\":\"EntryPoint\",\"urlTemplate\":\"https:\/\/araisemprecultura.cat\/?s={search_term_string}\"},\"query-input\":\"required name=search_term_string\"}],\"inLanguage\":\"ca\"},{\"@type\":\"Organization\",\"@id\":\"https:\/\/araisemprecultura.cat\/#organization\",\"name\":\"ARA I SEMPRE\",\"url\":\"https:\/\/araisemprecultura.cat\/\",\"logo\":{\"@type\":\"ImageObject\",\"inLanguage\":\"ca\",\"@id\":\"https:\/\/araisemprecultura.cat\/#\/schema\/logo\/image\/\",\"url\":\"https:\/\/araisemprecultura.cat\/wp-content\/uploads\/2022\/02\/Disseny-imatge-ara-i-sempre-161.png\",\"contentUrl\":\"https:\/\/araisemprecultura.cat\/wp-content\/uploads\/2022\/02\/Disseny-imatge-ara-i-sempre-161.png\",\"width\":\"1962\",\"height\":\"713\",\"caption\":\"ARA I SEMPRE\"},\"image\":{\"@id\":\"https:\/\/araisemprecultura.cat\/#\/schema\/logo\/image\/\"}},{\"@type\":\"Person\",\"@id\":\"https:\/\/araisemprecultura.cat\/#\/schema\/person\/63f5d9084c529771425e563e055e9753\",\"name\":\"Associaci\u00f3 ARA I SEMPRE\",\"image\":{\"@type\":\"ImageObject\",\"inLanguage\":\"ca\",\"@id\":\"https:\/\/araisemprecultura.cat\/#\/schema\/person\/image\/\",\"url\":\"https:\/\/secure.gravatar.com\/avatar\/79119cae4235670f2cf10d32f7e31d7e8ddcdc1f4fa0a59abe7d167411092c01?s=96&r=g\",\"contentUrl\":\"https:\/\/secure.gravatar.com\/avatar\/79119cae4235670f2cf10d32f7e31d7e8ddcdc1f4fa0a59abe7d167411092c01?s=96&r=g\",\"caption\":\"Associaci\u00f3 ARA I SEMPRE\"},\"url\":\"https:\/\/araisemprecultura.cat\/index.php\/author\/araisempre\/\"}]}<\/script>\n<!-- \/ Yoast SEO plugin. -->","yoast_head_json":{"title":"[IMATGES] Gravaci\u00f3 del v\u00eddeo de La Marat\u00f3 de 3Cat 2025! - ARA I SEMPRE","robots":{"index":"index","follow":"follow","max-snippet":"max-snippet:-1","max-image-preview":"max-image-preview:large","max-video-preview":"max-video-preview:-1"},"canonical":"https:\/\/araisemprecultura.cat\/index.php\/imatges-gravacio-del-video-de-la-marato-de-3cat-2025\/noticies\/araisempre\/","og_locale":"ca_ES","og_type":"article","og_title":"[IMATGES] Gravaci\u00f3 del v\u00eddeo de La Marat\u00f3 de 3Cat 2025! - ARA I SEMPRE","og_description":"Avui est\u00e0 en marxa la jornada maratoniana de La Marat\u00f3 de 3Cat, que enguany es dedica a la lluita contra el c\u00e0ncer. Tant al llarg d\u2019aquest diumenge com durant els propers dies, es poden fer donacions a trav\u00e9s d\u2019internet, per Bizum o mitjan\u00e7ant transfer\u00e8ncia banc\u00e0ria. Tamb\u00e9 es pot col\u00b7laborar presencialment amb la compra, en efectiu, [&hellip;]","og_url":"https:\/\/araisemprecultura.cat\/index.php\/imatges-gravacio-del-video-de-la-marato-de-3cat-2025\/noticies\/araisempre\/","og_site_name":"ARA I SEMPRE","article_published_time":"2025-12-14T19:31:42+00:00","article_modified_time":"2025-12-14T19:40:28+00:00","og_image":[{"width":2560,"height":1707,"url":"https:\/\/araisemprecultura.cat\/wp-content\/uploads\/2025\/12\/DSC04159-scaled.jpg","type":"image\/jpeg"}],"author":"Associaci\u00f3 ARA I SEMPRE","twitter_card":"summary_large_image","twitter_misc":{"Escrit per":"Associaci\u00f3 ARA I SEMPRE","Temps estimat de lectura":"7 minuts"},"schema":{"@context":"https:\/\/schema.org","@graph":[{"@type":"Article","@id":"https:\/\/araisemprecultura.cat\/index.php\/imatges-gravacio-del-video-de-la-marato-de-3cat-2025\/noticies\/araisempre\/#article","isPartOf":{"@id":"https:\/\/araisemprecultura.cat\/index.php\/imatges-gravacio-del-video-de-la-marato-de-3cat-2025\/noticies\/araisempre\/"},"author":{"name":"Associaci\u00f3 ARA I SEMPRE","@id":"https:\/\/araisemprecultura.cat\/#\/schema\/person\/63f5d9084c529771425e563e055e9753"},"headline":"[IMATGES] Gravaci\u00f3 del v\u00eddeo de La Marat\u00f3 de 3Cat 2025!","datePublished":"2025-12-14T19:31:42+00:00","dateModified":"2025-12-14T19:40:28+00:00","mainEntityOfPage":{"@id":"https:\/\/araisemprecultura.cat\/index.php\/imatges-gravacio-del-video-de-la-marato-de-3cat-2025\/noticies\/araisempre\/"},"wordCount":301,"publisher":{"@id":"https:\/\/araisemprecultura.cat\/#organization"},"articleSection":["Altres projectes m\u00e9s enll\u00e0 de l'ARA I SEMPRE","Ball de Bastons","Not\u00edcies"],"inLanguage":"ca"},{"@type":"WebPage","@id":"https:\/\/araisemprecultura.cat\/index.php\/imatges-gravacio-del-video-de-la-marato-de-3cat-2025\/noticies\/araisempre\/","url":"https:\/\/araisemprecultura.cat\/index.php\/imatges-gravacio-del-video-de-la-marato-de-3cat-2025\/noticies\/araisempre\/","name":"[IMATGES] Gravaci\u00f3 del v\u00eddeo de La Marat\u00f3 de 3Cat 2025! - ARA I SEMPRE","isPartOf":{"@id":"https:\/\/araisemprecultura.cat\/#website"},"datePublished":"2025-12-14T19:31:42+00:00","dateModified":"2025-12-14T19:40:28+00:00","breadcrumb":{"@id":"https:\/\/araisemprecultura.cat\/index.php\/imatges-gravacio-del-video-de-la-marato-de-3cat-2025\/noticies\/araisempre\/#breadcrumb"},"inLanguage":"ca","potentialAction":[{"@type":"ReadAction","target":["https:\/\/araisemprecultura.cat\/index.php\/imatges-gravacio-del-video-de-la-marato-de-3cat-2025\/noticies\/araisempre\/"]}]},{"@type":"BreadcrumbList","@id":"https:\/\/araisemprecultura.cat\/index.php\/imatges-gravacio-del-video-de-la-marato-de-3cat-2025\/noticies\/araisempre\/#breadcrumb","itemListElement":[{"@type":"ListItem","position":1,"name":"Inici","item":"https:\/\/araisemprecultura.cat\/"},{"@type":"ListItem","position":2,"name":"[IMATGES] Gravaci\u00f3 del v\u00eddeo de La Marat\u00f3 de 3Cat 2025!"}]},{"@type":"WebSite","@id":"https:\/\/araisemprecultura.cat\/#website","url":"https:\/\/araisemprecultura.cat\/","name":"ARA I SEMPRE","description":"","publisher":{"@id":"https:\/\/araisemprecultura.cat\/#organization"},"potentialAction":[{"@type":"SearchAction","target":{"@type":"EntryPoint","urlTemplate":"https:\/\/araisemprecultura.cat\/?s={search_term_string}"},"query-input":"required name=search_term_string"}],"inLanguage":"ca"},{"@type":"Organization","@id":"https:\/\/araisemprecultura.cat\/#organization","name":"ARA I SEMPRE","url":"https:\/\/araisemprecultura.cat\/","logo":{"@type":"ImageObject","inLanguage":"ca","@id":"https:\/\/araisemprecultura.cat\/#\/schema\/logo\/image\/","url":"https:\/\/araisemprecultura.cat\/wp-content\/uploads\/2022\/02\/Disseny-imatge-ara-i-sempre-161.png","contentUrl":"https:\/\/araisemprecultura.cat\/wp-content\/uploads\/2022\/02\/Disseny-imatge-ara-i-sempre-161.png","width":"1962","height":"713","caption":"ARA I SEMPRE"},"image":{"@id":"https:\/\/araisemprecultura.cat\/#\/schema\/logo\/image\/"}},{"@type":"Person","@id":"https:\/\/araisemprecultura.cat\/#\/schema\/person\/63f5d9084c529771425e563e055e9753","name":"Associaci\u00f3 ARA I SEMPRE","image":{"@type":"ImageObject","inLanguage":"ca","@id":"https:\/\/araisemprecultura.cat\/#\/schema\/person\/image\/","url":"https:\/\/secure.gravatar.com\/avatar\/79119cae4235670f2cf10d32f7e31d7e8ddcdc1f4fa0a59abe7d167411092c01?s=96&r=g","contentUrl":"https:\/\/secure.gravatar.com\/avatar\/79119cae4235670f2cf10d32f7e31d7e8ddcdc1f4fa0a59abe7d167411092c01?s=96&r=g","caption":"Associaci\u00f3 ARA I SEMPRE"},"url":"https:\/\/araisemprecultura.cat\/index.php\/author\/araisempre\/"}]}},"_links":{"self":[{"href":"https:\/\/araisemprecultura.cat\/index.php\/wp-json\/wp\/v2\/posts\/7990","targetHints":{"allow":["GET"]}}],"collection":[{"href":"https:\/\/araisemprecultura.cat\/index.php\/wp-json\/wp\/v2\/posts"}],"about":[{"href":"https:\/\/araisemprecultura.cat\/index.php\/wp-json\/wp\/v2\/types\/post"}],"author":[{"embeddable":true,"href":"https:\/\/araisemprecultura.cat\/index.php\/wp-json\/wp\/v2\/users\/3"}],"replies":[{"embeddable":true,"href":"https:\/\/araisemprecultura.cat\/index.php\/wp-json\/wp\/v2\/comments?post=7990"}],"version-history":[{"count":4,"href":"https:\/\/araisemprecultura.cat\/index.php\/wp-json\/wp\/v2\/posts\/7990\/revisions"}],"predecessor-version":[{"id":7995,"href":"https:\/\/araisemprecultura.cat\/index.php\/wp-json\/wp\/v2\/posts\/7990\/revisions\/7995"}],"wp:featuredmedia":[{"embeddable":true,"href":"https:\/\/araisemprecultura.cat\/index.php\/wp-json\/wp\/v2\/media\/7979"}],"wp:attachment":[{"href":"https:\/\/araisemprecultura.cat\/index.php\/wp-json\/wp\/v2\/media?parent=7990"}],"wp:term":[{"taxonomy":"category","embeddable":true,"href":"https:\/\/araisemprecultura.cat\/index.php\/wp-json\/wp\/v2\/categories?post=7990"},{"taxonomy":"post_tag","embeddable":true,"href":"https:\/\/araisemprecultura.cat\/index.php\/wp-json\/wp\/v2\/tags?post=7990"}],"curies":[{"name":"wp","href":"https:\/\/api.w.org\/{rel}","templated":true}]}}