{"id":7935,"date":"2025-12-13T20:52:35","date_gmt":"2025-12-13T20:52:35","guid":{"rendered":"https:\/\/araisemprecultura.cat\/?p=7935"},"modified":"2025-12-13T21:04:09","modified_gmt":"2025-12-13T21:04:09","slug":"la-cultura-popular-i-leducacio-es-donen-la-ma-a-la-romanica-per-la-marato-de-3cat","status":"publish","type":"post","link":"https:\/\/araisemprecultura.cat\/index.php\/la-cultura-popular-i-leducacio-es-donen-la-ma-a-la-romanica-per-la-marato-de-3cat\/noticies\/araisempre\/","title":{"rendered":"La cultura popular i l\u2019educaci\u00f3 es donen la m\u00e0 a La Rom\u00e0nica per La Marat\u00f3 de 3Cat"},"content":{"rendered":"\t\t<div data-elementor-type=\"wp-post\" data-elementor-id=\"7935\" class=\"elementor elementor-7935\">\n\t\t\t\t\t\t<section class=\"elementor-section elementor-top-section elementor-element elementor-element-4566b714 elementor-section-boxed elementor-section-height-default elementor-section-height-default\" data-id=\"4566b714\" data-element_type=\"section\" data-settings=\"{&quot;_ha_eqh_enable&quot;:false}\">\n\t\t\t\t\t\t<div class=\"elementor-container elementor-column-gap-default\">\n\t\t\t\t\t<div class=\"elementor-column elementor-col-100 elementor-top-column elementor-element elementor-element-4a5f4662\" data-id=\"4a5f4662\" data-element_type=\"column\">\n\t\t\t<div class=\"elementor-widget-wrap elementor-element-populated\">\n\t\t\t\t\t\t<div class=\"elementor-element elementor-element-28aa1c1b elementor-widget elementor-widget-text-editor\" data-id=\"28aa1c1b\" data-element_type=\"widget\" data-widget_type=\"text-editor.default\">\n\t\t\t\t<div class=\"elementor-widget-container\">\n\t\t\t<style>\/*! elementor - v3.21.0 - 18-04-2024 *\/\n.elementor-widget-text-editor.elementor-drop-cap-view-stacked .elementor-drop-cap{background-color:#69727d;color:#fff}.elementor-widget-text-editor.elementor-drop-cap-view-framed .elementor-drop-cap{color:#69727d;border:3px solid;background-color:transparent}.elementor-widget-text-editor:not(.elementor-drop-cap-view-default) .elementor-drop-cap{margin-top:8px}.elementor-widget-text-editor:not(.elementor-drop-cap-view-default) .elementor-drop-cap-letter{width:1em;height:1em}.elementor-widget-text-editor .elementor-drop-cap{float:left;text-align:center;line-height:1;font-size:50px}.elementor-widget-text-editor .elementor-drop-cap-letter{display:inline-block}<\/style>\t\t\t\t<p style=\"text-align: justify;\" data-start=\"428\" data-end=\"880\">Aquest dissabte al mat\u00ed, l\u2019Institut La Rom\u00e0nica ha acollit una jornada solid\u00e0ria plena d\u2019il\u00b7lusi\u00f3, emoci\u00f3 i comprom\u00eds comunitari en el marc de <strong data-start=\"622\" data-end=\"643\">La Marat\u00f3 de 3Cat<\/strong>, dedicada enguany a la recerca contra el c\u00e0ncer. M\u00e9s de <strong data-start=\"700\" data-end=\"714\">60 alumnes<\/strong> del centre han tornat volunt\u00e0riament a l\u2019institut fora de l\u2019horari lectiu per oferir una actuaci\u00f3 oberta al barri que ha combinat <strong data-start=\"845\" data-end=\"879\">m\u00fasica, cant i cultura popular<\/strong>.<\/p><p style=\"text-align: justify;\" data-start=\"882\" data-end=\"1354\">La jornada ha incl\u00f2s una <strong data-start=\"907\" data-end=\"940\">cantada i actuaci\u00f3 d\u2019ukeleles<\/strong>, aix\u00ed com una mostra viva de <strong data-start=\"970\" data-end=\"1009\">Ball de Bastons i Ball de Pastorets<\/strong>, evidenciant el potencial educatiu i transformador de la cultura popular quan s\u2019integra al dia a dia dels centres educatius. El protagonisme ha estat, especialment, del <strong data-start=\"1179\" data-end=\"1206\">jovent de 1r i 2n d\u2019ESO<\/strong>, que ha demostrat una vegada m\u00e9s que, amb espais de confian\u00e7a i sentit, \u00e9s capa\u00e7 de generar experi\u00e8ncies col\u00b7lectives plenes de valor i significat.<\/p><p style=\"text-align: justify;\" data-start=\"1356\" data-end=\"1546\">Les <strong data-start=\"1360\" data-end=\"1372\">fam\u00edlies<\/strong>, presents i implicades, han omplert el pati del centre, convertint la jornada en un espai de trobada intergeneracional on educaci\u00f3, cultura i comunitat han caminat plegades.<\/p><p style=\"text-align: justify;\" data-start=\"1548\" data-end=\"1894\">Des d\u2019<strong data-start=\"1554\" data-end=\"1570\">ARA I SEMPRE<\/strong>, volem posar en valor la tasca feta pel centre i l\u2019acompanyament del <strong data-start=\"1640\" data-end=\"1649\">David<\/strong>, responsable de l\u2019actuaci\u00f3 d\u2019ukeleles i la cantada, aix\u00ed com el suport i la implicaci\u00f3 de la <strong data-start=\"1743\" data-end=\"1752\">Carme<\/strong>, directora de l\u2019Institut La Rom\u00e0nica, i de tot l\u2019equip que fa possible la pres\u00e8ncia i el treball de la cultura popular dins l\u2019\u00e0mbit educatiu.<\/p><p style=\"text-align: justify;\" data-start=\"1896\" data-end=\"2178\">La jornada tamb\u00e9 ha comptat amb la participaci\u00f3 activa de la <strong data-start=\"1957\" data-end=\"2003\">Colla Bastonera Les Romanes \u2013 ARA I SEMPRE<\/strong>, formada en part per alumnat i fam\u00edlies del mateix centre, fet que refor\u00e7a la idea que la cultura popular \u00e9s <strong data-start=\"2113\" data-end=\"2177\">eina educativa, element identitari i motor de cohesi\u00f3 social<\/strong>.<\/p><p style=\"text-align: justify;\" data-start=\"2180\" data-end=\"2526\">Aquesta proposta recupera una iniciativa que nom\u00e9s s\u2019havia dut a terme un cop, just despr\u00e9s de les restriccions m\u00e9s dures de la pand\u00e8mia de la COVID-19, i que enguany s\u2019ha repr\u00e8s amb un \u00e8xit notable. El mat\u00ed ha estat carregat d\u2019emocions, valors i alegria compartida, i ha demostrat la vig\u00e8ncia i la necessitat d\u2019espais comunitaris d\u2019aquest tipus.<\/p><p style=\"text-align: justify;\" data-start=\"2528\" data-end=\"2993\">L\u2019objectiu final de la jornada ha estat <strong data-start=\"2568\" data-end=\"2645\">difondre La Marat\u00f3 de 3Cat i recaptar fons per a la Fundaci\u00f3 de La Marat\u00f3<\/strong>, contribuint a la investigaci\u00f3 per millorar els diagn\u00f2stics i les cures davant del c\u00e0ncer. Gr\u00e0cies a la implicaci\u00f3 de la comunitat educativa i del ve\u00efnat, s\u2019han venut <strong data-start=\"2813\" data-end=\"2847\">centenars de tiquets solidaris<\/strong> per al sorteig de les paneres (previst per al <strong data-start=\"2894\" data-end=\"2921\">dimecres 17 de desembre<\/strong>) i s\u2019han rebut diverses aportacions mitjan\u00e7ant la <strong data-start=\"2972\" data-end=\"2992\">taquilla inversa<\/strong>.<\/p><p style=\"text-align: justify;\" data-start=\"2995\" data-end=\"3242\">Des d\u2019ARA I SEMPRE celebrem i reafirmem el valor d\u2019aquest tipus d\u2019iniciatives, que demostren que <strong data-start=\"3092\" data-end=\"3241\">la cultura popular, treballada des de l\u2019educaci\u00f3 i la comunitat, \u00e9s una eina poderosa per educar en valors, crear vincles i transformar realitats<\/strong>.<\/p>\t\t\t\t\t\t<\/div>\n\t\t\t\t<\/div>\n\t\t\t\t<div class=\"elementor-element elementor-element-3165c91 elementor-arrows-position-inside elementor-pagination-position-outside elementor-widget elementor-widget-image-carousel\" data-id=\"3165c91\" data-element_type=\"widget\" data-settings=\"{&quot;slides_to_show&quot;:&quot;1&quot;,&quot;navigation&quot;:&quot;both&quot;,&quot;autoplay&quot;:&quot;yes&quot;,&quot;pause_on_hover&quot;:&quot;yes&quot;,&quot;pause_on_interaction&quot;:&quot;yes&quot;,&quot;autoplay_speed&quot;:5000,&quot;infinite&quot;:&quot;yes&quot;,&quot;effect&quot;:&quot;slide&quot;,&quot;speed&quot;:500}\" data-widget_type=\"image-carousel.default\">\n\t\t\t\t<div class=\"elementor-widget-container\">\n\t\t\t<style>\/*! elementor - v3.21.0 - 18-04-2024 *\/\n.elementor-widget-image-carousel .swiper,.elementor-widget-image-carousel .swiper-container{position:static}.elementor-widget-image-carousel .swiper-container .swiper-slide figure,.elementor-widget-image-carousel .swiper .swiper-slide figure{line-height:inherit}.elementor-widget-image-carousel .swiper-slide{text-align:center}.elementor-image-carousel-wrapper:not(.swiper-container-initialized):not(.swiper-initialized) .swiper-slide{max-width:calc(100% \/ var(--e-image-carousel-slides-to-show, 3))}<\/style>\t\t<div class=\"elementor-image-carousel-wrapper swiper\" dir=\"ltr\">\n\t\t\t<div class=\"elementor-image-carousel swiper-wrapper\" aria-live=\"off\">\n\t\t\t\t\t\t\t\t<div class=\"swiper-slide\" role=\"group\" aria-roledescription=\"slide\" aria-label=\"1 de 21\"><figure class=\"swiper-slide-inner\"><img decoding=\"async\" class=\"swiper-slide-image\" src=\"https:\/\/araisemprecultura.cat\/wp-content\/uploads\/2025\/12\/3B1D67B2-6F25-46F4-BBC7-8FCC0F4752B9-scaled.jpeg\" alt=\"3B1D67B2-6F25-46F4-BBC7-8FCC0F4752B9\" \/><\/figure><\/div><div class=\"swiper-slide\" role=\"group\" aria-roledescription=\"slide\" aria-label=\"2 de 21\"><figure class=\"swiper-slide-inner\"><img decoding=\"async\" class=\"swiper-slide-image\" src=\"https:\/\/araisemprecultura.cat\/wp-content\/uploads\/2025\/12\/F18A753A-F4E3-4035-8381-2C9A7A6DB76E.jpeg\" alt=\"F18A753A-F4E3-4035-8381-2C9A7A6DB76E\" \/><\/figure><\/div><div class=\"swiper-slide\" role=\"group\" aria-roledescription=\"slide\" aria-label=\"3 de 21\"><figure class=\"swiper-slide-inner\"><img decoding=\"async\" class=\"swiper-slide-image\" src=\"https:\/\/araisemprecultura.cat\/wp-content\/uploads\/2025\/12\/AA571FE5-B50A-4627-9FDA-00651A70F051-scaled.jpeg\" alt=\"AA571FE5-B50A-4627-9FDA-00651A70F051\" \/><\/figure><\/div><div class=\"swiper-slide\" role=\"group\" aria-roledescription=\"slide\" aria-label=\"4 de 21\"><figure class=\"swiper-slide-inner\"><img decoding=\"async\" class=\"swiper-slide-image\" src=\"https:\/\/araisemprecultura.cat\/wp-content\/uploads\/2025\/12\/C4085F91-E2C2-4D16-A5CE-AB9A2BA0718C-scaled.jpeg\" alt=\"C4085F91-E2C2-4D16-A5CE-AB9A2BA0718C\" \/><\/figure><\/div><div class=\"swiper-slide\" role=\"group\" aria-roledescription=\"slide\" aria-label=\"5 de 21\"><figure class=\"swiper-slide-inner\"><img decoding=\"async\" class=\"swiper-slide-image\" src=\"https:\/\/araisemprecultura.cat\/wp-content\/uploads\/2025\/12\/9AFC2247-68D6-43D7-8790-BC1A6F8BFB01-scaled.jpeg\" alt=\"9AFC2247-68D6-43D7-8790-BC1A6F8BFB01\" \/><\/figure><\/div><div class=\"swiper-slide\" role=\"group\" aria-roledescription=\"slide\" aria-label=\"6 de 21\"><figure class=\"swiper-slide-inner\"><img decoding=\"async\" class=\"swiper-slide-image\" src=\"https:\/\/araisemprecultura.cat\/wp-content\/uploads\/2025\/12\/C61C247C-3481-4C74-AEC3-69B5E2B72957-scaled.jpeg\" alt=\"C61C247C-3481-4C74-AEC3-69B5E2B72957\" \/><\/figure><\/div><div class=\"swiper-slide\" role=\"group\" aria-roledescription=\"slide\" aria-label=\"7 de 21\"><figure class=\"swiper-slide-inner\"><img decoding=\"async\" class=\"swiper-slide-image\" src=\"https:\/\/araisemprecultura.cat\/wp-content\/uploads\/2025\/12\/2F7896D9-A086-48E2-9C53-3510FC6D17E9.jpeg\" alt=\"2F7896D9-A086-48E2-9C53-3510FC6D17E9\" \/><\/figure><\/div><div class=\"swiper-slide\" role=\"group\" aria-roledescription=\"slide\" aria-label=\"8 de 21\"><figure class=\"swiper-slide-inner\"><img decoding=\"async\" class=\"swiper-slide-image\" src=\"https:\/\/araisemprecultura.cat\/wp-content\/uploads\/2025\/12\/5BD6BF58-C56E-4437-A101-C2E2DED085BD-scaled.jpeg\" alt=\"5BD6BF58-C56E-4437-A101-C2E2DED085BD\" \/><\/figure><\/div><div class=\"swiper-slide\" role=\"group\" aria-roledescription=\"slide\" aria-label=\"9 de 21\"><figure class=\"swiper-slide-inner\"><img decoding=\"async\" class=\"swiper-slide-image\" src=\"https:\/\/araisemprecultura.cat\/wp-content\/uploads\/2025\/12\/D09EC684-FBB4-4276-8EE6-564AA57959FA-scaled.jpeg\" alt=\"D09EC684-FBB4-4276-8EE6-564AA57959FA\" \/><\/figure><\/div><div class=\"swiper-slide\" role=\"group\" aria-roledescription=\"slide\" aria-label=\"10 de 21\"><figure class=\"swiper-slide-inner\"><img decoding=\"async\" class=\"swiper-slide-image\" src=\"https:\/\/araisemprecultura.cat\/wp-content\/uploads\/2025\/12\/1C0C51BF-4F0C-4539-9AE7-2423D6DCCF20-scaled.jpeg\" alt=\"1C0C51BF-4F0C-4539-9AE7-2423D6DCCF20\" \/><\/figure><\/div><div class=\"swiper-slide\" role=\"group\" aria-roledescription=\"slide\" aria-label=\"11 de 21\"><figure class=\"swiper-slide-inner\"><img decoding=\"async\" class=\"swiper-slide-image\" src=\"https:\/\/araisemprecultura.cat\/wp-content\/uploads\/2025\/12\/239AE807-506E-44A9-8876-95B544FF592A-scaled.jpeg\" alt=\"239AE807-506E-44A9-8876-95B544FF592A\" \/><\/figure><\/div><div class=\"swiper-slide\" role=\"group\" aria-roledescription=\"slide\" aria-label=\"12 de 21\"><figure class=\"swiper-slide-inner\"><img decoding=\"async\" class=\"swiper-slide-image\" src=\"https:\/\/araisemprecultura.cat\/wp-content\/uploads\/2025\/12\/E95783A5-36C6-450F-8622-39BE77E66C4F-scaled.jpeg\" alt=\"E95783A5-36C6-450F-8622-39BE77E66C4F\" \/><\/figure><\/div><div class=\"swiper-slide\" role=\"group\" aria-roledescription=\"slide\" aria-label=\"13 de 21\"><figure class=\"swiper-slide-inner\"><img decoding=\"async\" class=\"swiper-slide-image\" src=\"https:\/\/araisemprecultura.cat\/wp-content\/uploads\/2025\/12\/A422AF26-1E9F-4733-80AE-1A1B5CBA3674-scaled.jpeg\" alt=\"A422AF26-1E9F-4733-80AE-1A1B5CBA3674\" \/><\/figure><\/div><div class=\"swiper-slide\" role=\"group\" aria-roledescription=\"slide\" aria-label=\"14 de 21\"><figure class=\"swiper-slide-inner\"><img decoding=\"async\" class=\"swiper-slide-image\" src=\"https:\/\/araisemprecultura.cat\/wp-content\/uploads\/2025\/12\/30222DBE-BF10-4491-8BFC-20D467650E56-scaled.jpeg\" alt=\"30222DBE-BF10-4491-8BFC-20D467650E56\" \/><\/figure><\/div><div class=\"swiper-slide\" role=\"group\" aria-roledescription=\"slide\" aria-label=\"15 de 21\"><figure class=\"swiper-slide-inner\"><img decoding=\"async\" class=\"swiper-slide-image\" src=\"https:\/\/araisemprecultura.cat\/wp-content\/uploads\/2025\/12\/86695472-8FD5-4E6C-9306-8D08580DC238-scaled.jpeg\" alt=\"86695472-8FD5-4E6C-9306-8D08580DC238\" \/><\/figure><\/div><div class=\"swiper-slide\" role=\"group\" aria-roledescription=\"slide\" aria-label=\"16 de 21\"><figure class=\"swiper-slide-inner\"><img decoding=\"async\" class=\"swiper-slide-image\" src=\"https:\/\/araisemprecultura.cat\/wp-content\/uploads\/2025\/12\/3D4B0AEC-C06C-4A94-8FBB-1DECA7B50DE0-scaled.jpeg\" alt=\"3D4B0AEC-C06C-4A94-8FBB-1DECA7B50DE0\" \/><\/figure><\/div><div class=\"swiper-slide\" role=\"group\" aria-roledescription=\"slide\" aria-label=\"17 de 21\"><figure class=\"swiper-slide-inner\"><img decoding=\"async\" class=\"swiper-slide-image\" src=\"https:\/\/araisemprecultura.cat\/wp-content\/uploads\/2025\/12\/E0A91939-B734-463E-B811-5DC9AB5647C7-scaled.jpeg\" alt=\"E0A91939-B734-463E-B811-5DC9AB5647C7\" \/><\/figure><\/div><div class=\"swiper-slide\" role=\"group\" aria-roledescription=\"slide\" aria-label=\"18 de 21\"><figure class=\"swiper-slide-inner\"><img decoding=\"async\" class=\"swiper-slide-image\" src=\"https:\/\/araisemprecultura.cat\/wp-content\/uploads\/2025\/12\/D10329B4-9ED5-4B5A-A973-E406708C9992-scaled.jpeg\" alt=\"D10329B4-9ED5-4B5A-A973-E406708C9992\" \/><\/figure><\/div><div class=\"swiper-slide\" role=\"group\" aria-roledescription=\"slide\" aria-label=\"19 de 21\"><figure class=\"swiper-slide-inner\"><img decoding=\"async\" class=\"swiper-slide-image\" src=\"https:\/\/araisemprecultura.cat\/wp-content\/uploads\/2025\/12\/3AC2D432-69ED-4649-AC9C-2A93FF47B562-scaled.jpeg\" alt=\"3AC2D432-69ED-4649-AC9C-2A93FF47B562\" \/><\/figure><\/div><div class=\"swiper-slide\" role=\"group\" aria-roledescription=\"slide\" aria-label=\"20 de 21\"><figure class=\"swiper-slide-inner\"><img decoding=\"async\" class=\"swiper-slide-image\" src=\"https:\/\/araisemprecultura.cat\/wp-content\/uploads\/2025\/12\/D56478FE-6CEF-435E-A48F-63CE8A8D6742-scaled.jpeg\" alt=\"D56478FE-6CEF-435E-A48F-63CE8A8D6742\" \/><\/figure><\/div><div class=\"swiper-slide\" role=\"group\" aria-roledescription=\"slide\" aria-label=\"21 de 21\"><figure class=\"swiper-slide-inner\"><img decoding=\"async\" class=\"swiper-slide-image\" src=\"https:\/\/araisemprecultura.cat\/wp-content\/uploads\/2025\/12\/C9C9ED67-0829-4DB1-B379-EDE89B2EE65D.jpeg\" alt=\"C9C9ED67-0829-4DB1-B379-EDE89B2EE65D\" \/><\/figure><\/div>\t\t\t<\/div>\n\t\t\t\t\t\t\t\t\t\t\t\t<div class=\"elementor-swiper-button elementor-swiper-button-prev\" role=\"button\" tabindex=\"0\">\n\t\t\t\t\t\t<i aria-hidden=\"true\" class=\"eicon-chevron-left\"><\/i>\t\t\t\t\t<\/div>\n\t\t\t\t\t<div class=\"elementor-swiper-button elementor-swiper-button-next\" role=\"button\" tabindex=\"0\">\n\t\t\t\t\t\t<i aria-hidden=\"true\" class=\"eicon-chevron-right\"><\/i>\t\t\t\t\t<\/div>\n\t\t\t\t\n\t\t\t\t\t\t\t\t\t<div class=\"swiper-pagination\"><\/div>\n\t\t\t\t\t\t\t\t\t<\/div>\n\t\t\t\t<\/div>\n\t\t\t\t<\/div>\n\t\t\t\t\t<\/div>\n\t\t<\/div>\n\t\t\t\t\t<\/div>\n\t\t<\/section>\n\t\t\t\t<\/div>\n\t\t","protected":false},"excerpt":{"rendered":"<p>Aquest dissabte al mat\u00ed, l\u2019Institut La Rom\u00e0nica ha acollit una jornada solid\u00e0ria plena d\u2019il\u00b7lusi\u00f3, emoci\u00f3 i comprom\u00eds comunitari en el marc de La Marat\u00f3 de 3Cat, dedicada enguany a la recerca contra el c\u00e0ncer. M\u00e9s de 60 alumnes del centre han tornat volunt\u00e0riament a l\u2019institut fora de l\u2019horari lectiu per oferir una actuaci\u00f3 oberta al [&hellip;]<\/p>\n","protected":false},"author":3,"featured_media":7914,"comment_status":"closed","ping_status":"closed","sticky":false,"template":"","format":"standard","meta":{"_acf_changed":false,"footnotes":""},"categories":[21,7,1],"tags":[],"class_list":["post-7935","post","type-post","status-publish","format-standard","has-post-thumbnail","hentry","category-altres-projectes-mes-enlla-de-lara-i-sempre","category-ball-de-bastons","category-noticies"],"acf":[],"yoast_head":"<!-- This site is optimized with the Yoast SEO plugin v21.8 - https:\/\/yoast.com\/wordpress\/plugins\/seo\/ -->\n<title>La cultura popular i l\u2019educaci\u00f3 es donen la m\u00e0 a La Rom\u00e0nica per La Marat\u00f3 de 3Cat - ARA I SEMPRE<\/title>\n<meta name=\"robots\" content=\"index, follow, max-snippet:-1, max-image-preview:large, max-video-preview:-1\" \/>\n<link rel=\"canonical\" href=\"https:\/\/araisemprecultura.cat\/index.php\/la-cultura-popular-i-leducacio-es-donen-la-ma-a-la-romanica-per-la-marato-de-3cat\/noticies\/araisempre\/\" \/>\n<meta property=\"og:locale\" content=\"ca_ES\" \/>\n<meta property=\"og:type\" content=\"article\" \/>\n<meta property=\"og:title\" content=\"La cultura popular i l\u2019educaci\u00f3 es donen la m\u00e0 a La Rom\u00e0nica per La Marat\u00f3 de 3Cat - ARA I SEMPRE\" \/>\n<meta property=\"og:description\" content=\"Aquest dissabte al mat\u00ed, l\u2019Institut La Rom\u00e0nica ha acollit una jornada solid\u00e0ria plena d\u2019il\u00b7lusi\u00f3, emoci\u00f3 i comprom\u00eds comunitari en el marc de La Marat\u00f3 de 3Cat, dedicada enguany a la recerca contra el c\u00e0ncer. M\u00e9s de 60 alumnes del centre han tornat volunt\u00e0riament a l\u2019institut fora de l\u2019horari lectiu per oferir una actuaci\u00f3 oberta al [&hellip;]\" \/>\n<meta property=\"og:url\" content=\"https:\/\/araisemprecultura.cat\/index.php\/la-cultura-popular-i-leducacio-es-donen-la-ma-a-la-romanica-per-la-marato-de-3cat\/noticies\/araisempre\/\" \/>\n<meta property=\"og:site_name\" content=\"ARA I SEMPRE\" \/>\n<meta property=\"article:published_time\" content=\"2025-12-13T20:52:35+00:00\" \/>\n<meta property=\"article:modified_time\" content=\"2025-12-13T21:04:09+00:00\" \/>\n<meta property=\"og:image\" content=\"https:\/\/araisemprecultura.cat\/wp-content\/uploads\/2025\/12\/C9C9ED67-0829-4DB1-B379-EDE89B2EE65D.jpeg\" \/>\n\t<meta property=\"og:image:width\" content=\"2048\" \/>\n\t<meta property=\"og:image:height\" content=\"1536\" \/>\n\t<meta property=\"og:image:type\" content=\"image\/jpeg\" \/>\n<meta name=\"author\" content=\"Associaci\u00f3 ARA I SEMPRE\" \/>\n<meta name=\"twitter:card\" content=\"summary_large_image\" \/>\n<meta name=\"twitter:label1\" content=\"Escrit per\" \/>\n\t<meta name=\"twitter:data1\" content=\"Associaci\u00f3 ARA I SEMPRE\" \/>\n\t<meta name=\"twitter:label2\" content=\"Temps estimat de lectura\" \/>\n\t<meta name=\"twitter:data2\" content=\"10 minuts\" \/>\n<script type=\"application\/ld+json\" class=\"yoast-schema-graph\">{\"@context\":\"https:\/\/schema.org\",\"@graph\":[{\"@type\":\"Article\",\"@id\":\"https:\/\/araisemprecultura.cat\/index.php\/la-cultura-popular-i-leducacio-es-donen-la-ma-a-la-romanica-per-la-marato-de-3cat\/noticies\/araisempre\/#article\",\"isPartOf\":{\"@id\":\"https:\/\/araisemprecultura.cat\/index.php\/la-cultura-popular-i-leducacio-es-donen-la-ma-a-la-romanica-per-la-marato-de-3cat\/noticies\/araisempre\/\"},\"author\":{\"name\":\"Associaci\u00f3 ARA I SEMPRE\",\"@id\":\"https:\/\/araisemprecultura.cat\/#\/schema\/person\/63f5d9084c529771425e563e055e9753\"},\"headline\":\"La cultura popular i l\u2019educaci\u00f3 es donen la m\u00e0 a La Rom\u00e0nica per La Marat\u00f3 de 3Cat\",\"datePublished\":\"2025-12-13T20:52:35+00:00\",\"dateModified\":\"2025-12-13T21:04:09+00:00\",\"mainEntityOfPage\":{\"@id\":\"https:\/\/araisemprecultura.cat\/index.php\/la-cultura-popular-i-leducacio-es-donen-la-ma-a-la-romanica-per-la-marato-de-3cat\/noticies\/araisempre\/\"},\"wordCount\":516,\"publisher\":{\"@id\":\"https:\/\/araisemprecultura.cat\/#organization\"},\"articleSection\":[\"Altres projectes m\u00e9s enll\u00e0 de l'ARA I SEMPRE\",\"Ball de Bastons\",\"Not\u00edcies\"],\"inLanguage\":\"ca\"},{\"@type\":\"WebPage\",\"@id\":\"https:\/\/araisemprecultura.cat\/index.php\/la-cultura-popular-i-leducacio-es-donen-la-ma-a-la-romanica-per-la-marato-de-3cat\/noticies\/araisempre\/\",\"url\":\"https:\/\/araisemprecultura.cat\/index.php\/la-cultura-popular-i-leducacio-es-donen-la-ma-a-la-romanica-per-la-marato-de-3cat\/noticies\/araisempre\/\",\"name\":\"La cultura popular i l\u2019educaci\u00f3 es donen la m\u00e0 a La Rom\u00e0nica per La Marat\u00f3 de 3Cat - ARA I SEMPRE\",\"isPartOf\":{\"@id\":\"https:\/\/araisemprecultura.cat\/#website\"},\"datePublished\":\"2025-12-13T20:52:35+00:00\",\"dateModified\":\"2025-12-13T21:04:09+00:00\",\"breadcrumb\":{\"@id\":\"https:\/\/araisemprecultura.cat\/index.php\/la-cultura-popular-i-leducacio-es-donen-la-ma-a-la-romanica-per-la-marato-de-3cat\/noticies\/araisempre\/#breadcrumb\"},\"inLanguage\":\"ca\",\"potentialAction\":[{\"@type\":\"ReadAction\",\"target\":[\"https:\/\/araisemprecultura.cat\/index.php\/la-cultura-popular-i-leducacio-es-donen-la-ma-a-la-romanica-per-la-marato-de-3cat\/noticies\/araisempre\/\"]}]},{\"@type\":\"BreadcrumbList\",\"@id\":\"https:\/\/araisemprecultura.cat\/index.php\/la-cultura-popular-i-leducacio-es-donen-la-ma-a-la-romanica-per-la-marato-de-3cat\/noticies\/araisempre\/#breadcrumb\",\"itemListElement\":[{\"@type\":\"ListItem\",\"position\":1,\"name\":\"Inici\",\"item\":\"https:\/\/araisemprecultura.cat\/\"},{\"@type\":\"ListItem\",\"position\":2,\"name\":\"La cultura popular i l\u2019educaci\u00f3 es donen la m\u00e0 a La Rom\u00e0nica per La Marat\u00f3 de 3Cat\"}]},{\"@type\":\"WebSite\",\"@id\":\"https:\/\/araisemprecultura.cat\/#website\",\"url\":\"https:\/\/araisemprecultura.cat\/\",\"name\":\"ARA I SEMPRE\",\"description\":\"\",\"publisher\":{\"@id\":\"https:\/\/araisemprecultura.cat\/#organization\"},\"potentialAction\":[{\"@type\":\"SearchAction\",\"target\":{\"@type\":\"EntryPoint\",\"urlTemplate\":\"https:\/\/araisemprecultura.cat\/?s={search_term_string}\"},\"query-input\":\"required name=search_term_string\"}],\"inLanguage\":\"ca\"},{\"@type\":\"Organization\",\"@id\":\"https:\/\/araisemprecultura.cat\/#organization\",\"name\":\"ARA I SEMPRE\",\"url\":\"https:\/\/araisemprecultura.cat\/\",\"logo\":{\"@type\":\"ImageObject\",\"inLanguage\":\"ca\",\"@id\":\"https:\/\/araisemprecultura.cat\/#\/schema\/logo\/image\/\",\"url\":\"https:\/\/araisemprecultura.cat\/wp-content\/uploads\/2022\/02\/Disseny-imatge-ara-i-sempre-161.png\",\"contentUrl\":\"https:\/\/araisemprecultura.cat\/wp-content\/uploads\/2022\/02\/Disseny-imatge-ara-i-sempre-161.png\",\"width\":\"1962\",\"height\":\"713\",\"caption\":\"ARA I SEMPRE\"},\"image\":{\"@id\":\"https:\/\/araisemprecultura.cat\/#\/schema\/logo\/image\/\"}},{\"@type\":\"Person\",\"@id\":\"https:\/\/araisemprecultura.cat\/#\/schema\/person\/63f5d9084c529771425e563e055e9753\",\"name\":\"Associaci\u00f3 ARA I SEMPRE\",\"image\":{\"@type\":\"ImageObject\",\"inLanguage\":\"ca\",\"@id\":\"https:\/\/araisemprecultura.cat\/#\/schema\/person\/image\/\",\"url\":\"https:\/\/secure.gravatar.com\/avatar\/79119cae4235670f2cf10d32f7e31d7e8ddcdc1f4fa0a59abe7d167411092c01?s=96&r=g\",\"contentUrl\":\"https:\/\/secure.gravatar.com\/avatar\/79119cae4235670f2cf10d32f7e31d7e8ddcdc1f4fa0a59abe7d167411092c01?s=96&r=g\",\"caption\":\"Associaci\u00f3 ARA I SEMPRE\"},\"url\":\"https:\/\/araisemprecultura.cat\/index.php\/author\/araisempre\/\"}]}<\/script>\n<!-- \/ Yoast SEO plugin. -->","yoast_head_json":{"title":"La cultura popular i l\u2019educaci\u00f3 es donen la m\u00e0 a La Rom\u00e0nica per La Marat\u00f3 de 3Cat - ARA I SEMPRE","robots":{"index":"index","follow":"follow","max-snippet":"max-snippet:-1","max-image-preview":"max-image-preview:large","max-video-preview":"max-video-preview:-1"},"canonical":"https:\/\/araisemprecultura.cat\/index.php\/la-cultura-popular-i-leducacio-es-donen-la-ma-a-la-romanica-per-la-marato-de-3cat\/noticies\/araisempre\/","og_locale":"ca_ES","og_type":"article","og_title":"La cultura popular i l\u2019educaci\u00f3 es donen la m\u00e0 a La Rom\u00e0nica per La Marat\u00f3 de 3Cat - ARA I SEMPRE","og_description":"Aquest dissabte al mat\u00ed, l\u2019Institut La Rom\u00e0nica ha acollit una jornada solid\u00e0ria plena d\u2019il\u00b7lusi\u00f3, emoci\u00f3 i comprom\u00eds comunitari en el marc de La Marat\u00f3 de 3Cat, dedicada enguany a la recerca contra el c\u00e0ncer. M\u00e9s de 60 alumnes del centre han tornat volunt\u00e0riament a l\u2019institut fora de l\u2019horari lectiu per oferir una actuaci\u00f3 oberta al [&hellip;]","og_url":"https:\/\/araisemprecultura.cat\/index.php\/la-cultura-popular-i-leducacio-es-donen-la-ma-a-la-romanica-per-la-marato-de-3cat\/noticies\/araisempre\/","og_site_name":"ARA I SEMPRE","article_published_time":"2025-12-13T20:52:35+00:00","article_modified_time":"2025-12-13T21:04:09+00:00","og_image":[{"width":2048,"height":1536,"url":"https:\/\/araisemprecultura.cat\/wp-content\/uploads\/2025\/12\/C9C9ED67-0829-4DB1-B379-EDE89B2EE65D.jpeg","type":"image\/jpeg"}],"author":"Associaci\u00f3 ARA I SEMPRE","twitter_card":"summary_large_image","twitter_misc":{"Escrit per":"Associaci\u00f3 ARA I SEMPRE","Temps estimat de lectura":"10 minuts"},"schema":{"@context":"https:\/\/schema.org","@graph":[{"@type":"Article","@id":"https:\/\/araisemprecultura.cat\/index.php\/la-cultura-popular-i-leducacio-es-donen-la-ma-a-la-romanica-per-la-marato-de-3cat\/noticies\/araisempre\/#article","isPartOf":{"@id":"https:\/\/araisemprecultura.cat\/index.php\/la-cultura-popular-i-leducacio-es-donen-la-ma-a-la-romanica-per-la-marato-de-3cat\/noticies\/araisempre\/"},"author":{"name":"Associaci\u00f3 ARA I SEMPRE","@id":"https:\/\/araisemprecultura.cat\/#\/schema\/person\/63f5d9084c529771425e563e055e9753"},"headline":"La cultura popular i l\u2019educaci\u00f3 es donen la m\u00e0 a La Rom\u00e0nica per La Marat\u00f3 de 3Cat","datePublished":"2025-12-13T20:52:35+00:00","dateModified":"2025-12-13T21:04:09+00:00","mainEntityOfPage":{"@id":"https:\/\/araisemprecultura.cat\/index.php\/la-cultura-popular-i-leducacio-es-donen-la-ma-a-la-romanica-per-la-marato-de-3cat\/noticies\/araisempre\/"},"wordCount":516,"publisher":{"@id":"https:\/\/araisemprecultura.cat\/#organization"},"articleSection":["Altres projectes m\u00e9s enll\u00e0 de l'ARA I SEMPRE","Ball de Bastons","Not\u00edcies"],"inLanguage":"ca"},{"@type":"WebPage","@id":"https:\/\/araisemprecultura.cat\/index.php\/la-cultura-popular-i-leducacio-es-donen-la-ma-a-la-romanica-per-la-marato-de-3cat\/noticies\/araisempre\/","url":"https:\/\/araisemprecultura.cat\/index.php\/la-cultura-popular-i-leducacio-es-donen-la-ma-a-la-romanica-per-la-marato-de-3cat\/noticies\/araisempre\/","name":"La cultura popular i l\u2019educaci\u00f3 es donen la m\u00e0 a La Rom\u00e0nica per La Marat\u00f3 de 3Cat - ARA I SEMPRE","isPartOf":{"@id":"https:\/\/araisemprecultura.cat\/#website"},"datePublished":"2025-12-13T20:52:35+00:00","dateModified":"2025-12-13T21:04:09+00:00","breadcrumb":{"@id":"https:\/\/araisemprecultura.cat\/index.php\/la-cultura-popular-i-leducacio-es-donen-la-ma-a-la-romanica-per-la-marato-de-3cat\/noticies\/araisempre\/#breadcrumb"},"inLanguage":"ca","potentialAction":[{"@type":"ReadAction","target":["https:\/\/araisemprecultura.cat\/index.php\/la-cultura-popular-i-leducacio-es-donen-la-ma-a-la-romanica-per-la-marato-de-3cat\/noticies\/araisempre\/"]}]},{"@type":"BreadcrumbList","@id":"https:\/\/araisemprecultura.cat\/index.php\/la-cultura-popular-i-leducacio-es-donen-la-ma-a-la-romanica-per-la-marato-de-3cat\/noticies\/araisempre\/#breadcrumb","itemListElement":[{"@type":"ListItem","position":1,"name":"Inici","item":"https:\/\/araisemprecultura.cat\/"},{"@type":"ListItem","position":2,"name":"La cultura popular i l\u2019educaci\u00f3 es donen la m\u00e0 a La Rom\u00e0nica per La Marat\u00f3 de 3Cat"}]},{"@type":"WebSite","@id":"https:\/\/araisemprecultura.cat\/#website","url":"https:\/\/araisemprecultura.cat\/","name":"ARA I SEMPRE","description":"","publisher":{"@id":"https:\/\/araisemprecultura.cat\/#organization"},"potentialAction":[{"@type":"SearchAction","target":{"@type":"EntryPoint","urlTemplate":"https:\/\/araisemprecultura.cat\/?s={search_term_string}"},"query-input":"required name=search_term_string"}],"inLanguage":"ca"},{"@type":"Organization","@id":"https:\/\/araisemprecultura.cat\/#organization","name":"ARA I SEMPRE","url":"https:\/\/araisemprecultura.cat\/","logo":{"@type":"ImageObject","inLanguage":"ca","@id":"https:\/\/araisemprecultura.cat\/#\/schema\/logo\/image\/","url":"https:\/\/araisemprecultura.cat\/wp-content\/uploads\/2022\/02\/Disseny-imatge-ara-i-sempre-161.png","contentUrl":"https:\/\/araisemprecultura.cat\/wp-content\/uploads\/2022\/02\/Disseny-imatge-ara-i-sempre-161.png","width":"1962","height":"713","caption":"ARA I SEMPRE"},"image":{"@id":"https:\/\/araisemprecultura.cat\/#\/schema\/logo\/image\/"}},{"@type":"Person","@id":"https:\/\/araisemprecultura.cat\/#\/schema\/person\/63f5d9084c529771425e563e055e9753","name":"Associaci\u00f3 ARA I SEMPRE","image":{"@type":"ImageObject","inLanguage":"ca","@id":"https:\/\/araisemprecultura.cat\/#\/schema\/person\/image\/","url":"https:\/\/secure.gravatar.com\/avatar\/79119cae4235670f2cf10d32f7e31d7e8ddcdc1f4fa0a59abe7d167411092c01?s=96&r=g","contentUrl":"https:\/\/secure.gravatar.com\/avatar\/79119cae4235670f2cf10d32f7e31d7e8ddcdc1f4fa0a59abe7d167411092c01?s=96&r=g","caption":"Associaci\u00f3 ARA I SEMPRE"},"url":"https:\/\/araisemprecultura.cat\/index.php\/author\/araisempre\/"}]}},"_links":{"self":[{"href":"https:\/\/araisemprecultura.cat\/index.php\/wp-json\/wp\/v2\/posts\/7935","targetHints":{"allow":["GET"]}}],"collection":[{"href":"https:\/\/araisemprecultura.cat\/index.php\/wp-json\/wp\/v2\/posts"}],"about":[{"href":"https:\/\/araisemprecultura.cat\/index.php\/wp-json\/wp\/v2\/types\/post"}],"author":[{"embeddable":true,"href":"https:\/\/araisemprecultura.cat\/index.php\/wp-json\/wp\/v2\/users\/3"}],"replies":[{"embeddable":true,"href":"https:\/\/araisemprecultura.cat\/index.php\/wp-json\/wp\/v2\/comments?post=7935"}],"version-history":[{"count":4,"href":"https:\/\/araisemprecultura.cat\/index.php\/wp-json\/wp\/v2\/posts\/7935\/revisions"}],"predecessor-version":[{"id":7940,"href":"https:\/\/araisemprecultura.cat\/index.php\/wp-json\/wp\/v2\/posts\/7935\/revisions\/7940"}],"wp:featuredmedia":[{"embeddable":true,"href":"https:\/\/araisemprecultura.cat\/index.php\/wp-json\/wp\/v2\/media\/7914"}],"wp:attachment":[{"href":"https:\/\/araisemprecultura.cat\/index.php\/wp-json\/wp\/v2\/media?parent=7935"}],"wp:term":[{"taxonomy":"category","embeddable":true,"href":"https:\/\/araisemprecultura.cat\/index.php\/wp-json\/wp\/v2\/categories?post=7935"},{"taxonomy":"post_tag","embeddable":true,"href":"https:\/\/araisemprecultura.cat\/index.php\/wp-json\/wp\/v2\/tags?post=7935"}],"curies":[{"name":"wp","href":"https:\/\/api.w.org\/{rel}","templated":true}]}}