{"id":7863,"date":"2025-11-22T22:21:16","date_gmt":"2025-11-22T22:21:16","guid":{"rendered":"https:\/\/araisemprecultura.cat\/?p=7863"},"modified":"2025-11-24T10:27:06","modified_gmt":"2025-11-24T10:27:06","slug":"ara-i-sempre-federacio-de-lany-2025","status":"publish","type":"post","link":"https:\/\/araisemprecultura.cat\/index.php\/ara-i-sempre-federacio-de-lany-2025\/noticies\/araisempre\/","title":{"rendered":"ARA I SEMPRE Federaci\u00f3 de l&#8217;Any 2025"},"content":{"rendered":"\t\t<div data-elementor-type=\"wp-post\" data-elementor-id=\"7863\" class=\"elementor elementor-7863\">\n\t\t\t\t\t\t<section class=\"elementor-section elementor-top-section elementor-element elementor-element-4566b714 elementor-section-boxed elementor-section-height-default elementor-section-height-default\" data-id=\"4566b714\" data-element_type=\"section\" data-settings=\"{&quot;_ha_eqh_enable&quot;:false}\">\n\t\t\t\t\t\t<div class=\"elementor-container elementor-column-gap-default\">\n\t\t\t\t\t<div class=\"elementor-column elementor-col-100 elementor-top-column elementor-element elementor-element-4a5f4662\" data-id=\"4a5f4662\" data-element_type=\"column\">\n\t\t\t<div class=\"elementor-widget-wrap elementor-element-populated\">\n\t\t\t\t\t\t<div class=\"elementor-element elementor-element-28aa1c1b elementor-widget elementor-widget-text-editor\" data-id=\"28aa1c1b\" data-element_type=\"widget\" data-widget_type=\"text-editor.default\">\n\t\t\t\t<div class=\"elementor-widget-container\">\n\t\t\t<style>\/*! elementor - v3.21.0 - 18-04-2024 *\/\n.elementor-widget-text-editor.elementor-drop-cap-view-stacked .elementor-drop-cap{background-color:#69727d;color:#fff}.elementor-widget-text-editor.elementor-drop-cap-view-framed .elementor-drop-cap{color:#69727d;border:3px solid;background-color:transparent}.elementor-widget-text-editor:not(.elementor-drop-cap-view-default) .elementor-drop-cap{margin-top:8px}.elementor-widget-text-editor:not(.elementor-drop-cap-view-default) .elementor-drop-cap-letter{width:1em;height:1em}.elementor-widget-text-editor .elementor-drop-cap{float:left;text-align:center;line-height:1;font-size:50px}.elementor-widget-text-editor .elementor-drop-cap-letter{display:inline-block}<\/style>\t\t\t\t<p style=\"text-align: justify;\" data-pm-slice=\"1 1 []\">Aquesta tarda, una delegaci\u00f3 de 8 persones d&#8217;ARA I SEMPRE ha assistit a la <strong>8a Gala d&#8217;ADIFOLK, a Campdev\u00e0nol<\/strong>, on hem gaudit d&#8217;una tarda en fam\u00edlia, amb actuacions i tot un seguit de sorpreses.<\/p><p style=\"text-align: justify;\" data-pm-slice=\"1 1 []\">A m\u00e9s a m\u00e9s, en aquesta gala, ARA I SEMPRE estava nominada al reconeixement de Federaci\u00f3 de l&#8217;Any 2025, conjuntament a SOM SARDANA i FIEC, i ara mateix ja us podem dir que <strong>hem estat GUARDONADES AMB EL RECONEIXEMENT DE FEDERACI\u00d3 DE L&#8217;ANY 2025!<\/strong><\/p><p style=\"text-align: justify;\" data-pm-slice=\"1 1 []\">Un orgull i un regal que ens han dibuixat uns somriures dels m\u00e9s m\u00e0gics i inesperats de l&#8217;any.<\/p><p style=\"text-align: justify;\" data-pm-slice=\"1 1 []\">Ara b\u00e9, tota aquesta il\u00b7lusi\u00f3 i aquest reconeixement \u00e9s quelcom compartit amb totes i cadascuna de les persones que heu cregut i creieu en el projecte que representa ARA I SEMPRE, per\u00f2 no nom\u00e9s amb tota la nostra fam\u00edlia.<\/p><p style=\"text-align: justify;\" data-pm-slice=\"1 1 []\">En el moment de rebre el guard\u00f3, l&#8217;Adri\u00e0, com a representant d&#8217;ARA I SEMPRE, ha recordat <strong>per qu\u00e8 vam n\u00e9ixer i qu\u00e8 defensem: una cultura inclusiva, carregada de valors, on la base de tot plegat sigui compartir la m\u00e0gia dels somriures a trav\u00e9s de la cultura popular.<\/strong><\/p><p style=\"text-align: justify;\" data-pm-slice=\"1 1 []\">Per aquest motiu, des de l&#8217;escenari, el guard\u00f3 i el reconeixement ha estat est\u00e8s a totes i cadascuna de les persones, entitats i federacions que lluiten en aquesta direcci\u00f3, perqu\u00e8 la cultura popular no t\u00e9 l\u00edmits i \u00e9s de totes.<\/p><p style=\"text-align: justify;\" data-pm-slice=\"1 1 []\">Gr\u00e0cies ADIFOLK per creure&#8217;ns mereixedores d&#8217;aquest guard\u00f3, i <strong>GR\u00c0CIES A TOTA LA CULTURA POPULAR D&#8217;AQUEST PA\u00cdS per la feina que feu dia rere dia.<\/strong><\/p><p style=\"text-align: justify;\" data-pm-slice=\"1 1 []\">Nosaltres continuarem lluitant per apropar la cultura popular arreu, especialment a les noves generacions i al m\u00f3n educatiu.<\/p><p style=\"text-align: justify;\" data-pm-slice=\"1 1 []\"><strong>VISCA LA CULTURA POPULAR! ARA I SEMPRE!<\/strong><\/p>\t\t\t\t\t\t<\/div>\n\t\t\t\t<\/div>\n\t\t\t\t<div class=\"elementor-element elementor-element-3165c91 elementor-arrows-position-inside elementor-pagination-position-outside elementor-widget elementor-widget-image-carousel\" data-id=\"3165c91\" data-element_type=\"widget\" data-settings=\"{&quot;slides_to_show&quot;:&quot;1&quot;,&quot;navigation&quot;:&quot;both&quot;,&quot;autoplay&quot;:&quot;yes&quot;,&quot;pause_on_hover&quot;:&quot;yes&quot;,&quot;pause_on_interaction&quot;:&quot;yes&quot;,&quot;autoplay_speed&quot;:5000,&quot;infinite&quot;:&quot;yes&quot;,&quot;effect&quot;:&quot;slide&quot;,&quot;speed&quot;:500}\" data-widget_type=\"image-carousel.default\">\n\t\t\t\t<div class=\"elementor-widget-container\">\n\t\t\t<style>\/*! elementor - v3.21.0 - 18-04-2024 *\/\n.elementor-widget-image-carousel .swiper,.elementor-widget-image-carousel .swiper-container{position:static}.elementor-widget-image-carousel .swiper-container .swiper-slide figure,.elementor-widget-image-carousel .swiper .swiper-slide figure{line-height:inherit}.elementor-widget-image-carousel .swiper-slide{text-align:center}.elementor-image-carousel-wrapper:not(.swiper-container-initialized):not(.swiper-initialized) .swiper-slide{max-width:calc(100% \/ var(--e-image-carousel-slides-to-show, 3))}<\/style>\t\t<div class=\"elementor-image-carousel-wrapper swiper\" dir=\"ltr\">\n\t\t\t<div class=\"elementor-image-carousel swiper-wrapper\" aria-live=\"off\">\n\t\t\t\t\t\t\t\t<div class=\"swiper-slide\" role=\"group\" aria-roledescription=\"slide\" aria-label=\"1 de 10\"><figure class=\"swiper-slide-inner\"><img decoding=\"async\" class=\"swiper-slide-image\" src=\"https:\/\/araisemprecultura.cat\/wp-content\/uploads\/2025\/11\/82608267-947F-475D-A149-EFB9C52A30C4-scaled.jpeg\" alt=\"82608267-947F-475D-A149-EFB9C52A30C4\" \/><\/figure><\/div><div class=\"swiper-slide\" role=\"group\" aria-roledescription=\"slide\" aria-label=\"2 de 10\"><figure class=\"swiper-slide-inner\"><img decoding=\"async\" class=\"swiper-slide-image\" src=\"https:\/\/araisemprecultura.cat\/wp-content\/uploads\/2025\/11\/E88B067C-F9E1-4CBF-97EE-F27D3FDB6453-scaled.jpeg\" alt=\"E88B067C-F9E1-4CBF-97EE-F27D3FDB6453\" \/><\/figure><\/div><div class=\"swiper-slide\" role=\"group\" aria-roledescription=\"slide\" aria-label=\"3 de 10\"><figure class=\"swiper-slide-inner\"><img decoding=\"async\" class=\"swiper-slide-image\" src=\"https:\/\/araisemprecultura.cat\/wp-content\/uploads\/2025\/11\/1CC6207F-4CC6-4880-A3F4-E09E03556B5A-scaled.jpeg\" alt=\"1CC6207F-4CC6-4880-A3F4-E09E03556B5A\" \/><\/figure><\/div><div class=\"swiper-slide\" role=\"group\" aria-roledescription=\"slide\" aria-label=\"4 de 10\"><figure class=\"swiper-slide-inner\"><img decoding=\"async\" class=\"swiper-slide-image\" src=\"https:\/\/araisemprecultura.cat\/wp-content\/uploads\/2025\/11\/B2CDFF41-9314-406F-9D33-74196E22731F-scaled.jpeg\" alt=\"B2CDFF41-9314-406F-9D33-74196E22731F\" \/><\/figure><\/div><div class=\"swiper-slide\" role=\"group\" aria-roledescription=\"slide\" aria-label=\"5 de 10\"><figure class=\"swiper-slide-inner\"><img decoding=\"async\" class=\"swiper-slide-image\" src=\"https:\/\/araisemprecultura.cat\/wp-content\/uploads\/2025\/11\/C799C737-387B-4613-9426-50CA944F2F65-scaled.jpeg\" alt=\"C799C737-387B-4613-9426-50CA944F2F65\" \/><\/figure><\/div><div class=\"swiper-slide\" role=\"group\" aria-roledescription=\"slide\" aria-label=\"6 de 10\"><figure class=\"swiper-slide-inner\"><img decoding=\"async\" class=\"swiper-slide-image\" src=\"https:\/\/araisemprecultura.cat\/wp-content\/uploads\/2025\/11\/5FB7F12B-35E9-45ED-BFFE-1FEA311B341A-scaled.jpeg\" alt=\"5FB7F12B-35E9-45ED-BFFE-1FEA311B341A\" \/><\/figure><\/div><div class=\"swiper-slide\" role=\"group\" aria-roledescription=\"slide\" aria-label=\"7 de 10\"><figure class=\"swiper-slide-inner\"><img decoding=\"async\" class=\"swiper-slide-image\" src=\"https:\/\/araisemprecultura.cat\/wp-content\/uploads\/2025\/11\/CF12976D-754D-48C1-A61E-EF2B053CFFA1-scaled.jpeg\" alt=\"CF12976D-754D-48C1-A61E-EF2B053CFFA1\" \/><\/figure><\/div><div class=\"swiper-slide\" role=\"group\" aria-roledescription=\"slide\" aria-label=\"8 de 10\"><figure class=\"swiper-slide-inner\"><img decoding=\"async\" class=\"swiper-slide-image\" src=\"https:\/\/araisemprecultura.cat\/wp-content\/uploads\/2025\/11\/E88EF28C-7A88-428C-B85E-6D8EDCFBCBDF-scaled.jpeg\" alt=\"E88EF28C-7A88-428C-B85E-6D8EDCFBCBDF\" \/><\/figure><\/div><div class=\"swiper-slide\" role=\"group\" aria-roledescription=\"slide\" aria-label=\"9 de 10\"><figure class=\"swiper-slide-inner\"><img decoding=\"async\" class=\"swiper-slide-image\" src=\"https:\/\/araisemprecultura.cat\/wp-content\/uploads\/2025\/11\/65A2625B-A620-4270-BF76-F7C51BDE7AB0.jpeg\" alt=\"65A2625B-A620-4270-BF76-F7C51BDE7AB0\" \/><\/figure><\/div><div class=\"swiper-slide\" role=\"group\" aria-roledescription=\"slide\" aria-label=\"10 de 10\"><figure class=\"swiper-slide-inner\"><img decoding=\"async\" class=\"swiper-slide-image\" src=\"https:\/\/araisemprecultura.cat\/wp-content\/uploads\/2025\/11\/91B54926-1028-4C02-8332-1FCF225EE642-e1763979991569.jpeg\" alt=\"91B54926-1028-4C02-8332-1FCF225EE642\" \/><\/figure><\/div>\t\t\t<\/div>\n\t\t\t\t\t\t\t\t\t\t\t\t<div class=\"elementor-swiper-button elementor-swiper-button-prev\" role=\"button\" tabindex=\"0\">\n\t\t\t\t\t\t<i aria-hidden=\"true\" class=\"eicon-chevron-left\"><\/i>\t\t\t\t\t<\/div>\n\t\t\t\t\t<div class=\"elementor-swiper-button elementor-swiper-button-next\" role=\"button\" tabindex=\"0\">\n\t\t\t\t\t\t<i aria-hidden=\"true\" class=\"eicon-chevron-right\"><\/i>\t\t\t\t\t<\/div>\n\t\t\t\t\n\t\t\t\t\t\t\t\t\t<div class=\"swiper-pagination\"><\/div>\n\t\t\t\t\t\t\t\t\t<\/div>\n\t\t\t\t<\/div>\n\t\t\t\t<\/div>\n\t\t\t\t\t<\/div>\n\t\t<\/div>\n\t\t\t\t\t<\/div>\n\t\t<\/section>\n\t\t\t\t<\/div>\n\t\t","protected":false},"excerpt":{"rendered":"<p>Aquesta tarda, una delegaci\u00f3 de 8 persones d&#8217;ARA I SEMPRE ha assistit a la 8a Gala d&#8217;ADIFOLK, a Campdev\u00e0nol, on hem gaudit d&#8217;una tarda en fam\u00edlia, amb actuacions i tot un seguit de sorpreses. A m\u00e9s a m\u00e9s, en aquesta gala, ARA I SEMPRE estava nominada al reconeixement de Federaci\u00f3 de l&#8217;Any 2025, conjuntament a [&hellip;]<\/p>\n","protected":false},"author":3,"featured_media":7854,"comment_status":"closed","ping_status":"closed","sticky":false,"template":"","format":"standard","meta":{"_acf_changed":false,"footnotes":""},"categories":[9,7,13,26,6,8,20,19,17,1],"tags":[],"class_list":["post-7863","post","type-post","status-publish","format-standard","has-post-thumbnail","hentry","category-ball-despases","category-ball-de-bastons","category-ball-de-gitanes","category-ball-de-la-sega","category-ball-de-panderos","category-ball-de-pastorets","category-catifes","category-la-placa","category-noticia-destacada","category-noticies"],"acf":[],"yoast_head":"<!-- This site is optimized with the Yoast SEO plugin v21.8 - https:\/\/yoast.com\/wordpress\/plugins\/seo\/ -->\n<title>ARA I SEMPRE Federaci\u00f3 de l&#039;Any 2025 - ARA I SEMPRE<\/title>\n<meta name=\"robots\" content=\"index, follow, max-snippet:-1, max-image-preview:large, max-video-preview:-1\" \/>\n<link rel=\"canonical\" href=\"https:\/\/araisemprecultura.cat\/index.php\/ara-i-sempre-federacio-de-lany-2025\/noticies\/araisempre\/\" \/>\n<meta property=\"og:locale\" content=\"ca_ES\" \/>\n<meta property=\"og:type\" content=\"article\" \/>\n<meta property=\"og:title\" content=\"ARA I SEMPRE Federaci\u00f3 de l&#039;Any 2025 - ARA I SEMPRE\" \/>\n<meta property=\"og:description\" content=\"Aquesta tarda, una delegaci\u00f3 de 8 persones d&#8217;ARA I SEMPRE ha assistit a la 8a Gala d&#8217;ADIFOLK, a Campdev\u00e0nol, on hem gaudit d&#8217;una tarda en fam\u00edlia, amb actuacions i tot un seguit de sorpreses. A m\u00e9s a m\u00e9s, en aquesta gala, ARA I SEMPRE estava nominada al reconeixement de Federaci\u00f3 de l&#8217;Any 2025, conjuntament a [&hellip;]\" \/>\n<meta property=\"og:url\" content=\"https:\/\/araisemprecultura.cat\/index.php\/ara-i-sempre-federacio-de-lany-2025\/noticies\/araisempre\/\" \/>\n<meta property=\"og:site_name\" content=\"ARA I SEMPRE\" \/>\n<meta property=\"article:published_time\" content=\"2025-11-22T22:21:16+00:00\" \/>\n<meta property=\"article:modified_time\" content=\"2025-11-24T10:27:06+00:00\" \/>\n<meta property=\"og:image\" content=\"https:\/\/araisemprecultura.cat\/wp-content\/uploads\/2025\/11\/E88EF28C-7A88-428C-B85E-6D8EDCFBCBDF-scaled.jpeg\" \/>\n\t<meta property=\"og:image:width\" content=\"1920\" \/>\n\t<meta property=\"og:image:height\" content=\"2560\" \/>\n\t<meta property=\"og:image:type\" content=\"image\/jpeg\" \/>\n<meta name=\"author\" content=\"Associaci\u00f3 ARA I SEMPRE\" \/>\n<meta name=\"twitter:card\" content=\"summary_large_image\" \/>\n<meta name=\"twitter:label1\" content=\"Escrit per\" \/>\n\t<meta name=\"twitter:data1\" content=\"Associaci\u00f3 ARA I SEMPRE\" \/>\n\t<meta name=\"twitter:label2\" content=\"Temps estimat de lectura\" \/>\n\t<meta name=\"twitter:data2\" content=\"4 minuts\" \/>\n<script type=\"application\/ld+json\" class=\"yoast-schema-graph\">{\"@context\":\"https:\/\/schema.org\",\"@graph\":[{\"@type\":\"Article\",\"@id\":\"https:\/\/araisemprecultura.cat\/index.php\/ara-i-sempre-federacio-de-lany-2025\/noticies\/araisempre\/#article\",\"isPartOf\":{\"@id\":\"https:\/\/araisemprecultura.cat\/index.php\/ara-i-sempre-federacio-de-lany-2025\/noticies\/araisempre\/\"},\"author\":{\"name\":\"Associaci\u00f3 ARA I SEMPRE\",\"@id\":\"https:\/\/araisemprecultura.cat\/#\/schema\/person\/63f5d9084c529771425e563e055e9753\"},\"headline\":\"ARA I SEMPRE Federaci\u00f3 de l&#8217;Any 2025\",\"datePublished\":\"2025-11-22T22:21:16+00:00\",\"dateModified\":\"2025-11-24T10:27:06+00:00\",\"mainEntityOfPage\":{\"@id\":\"https:\/\/araisemprecultura.cat\/index.php\/ara-i-sempre-federacio-de-lany-2025\/noticies\/araisempre\/\"},\"wordCount\":292,\"publisher\":{\"@id\":\"https:\/\/araisemprecultura.cat\/#organization\"},\"articleSection\":[\"Ball d\u2019Espases\",\"Ball de Bastons\",\"Ball de Gitanes\",\"Ball de la Sega\",\"Ball de Panderos\",\"Ball de Pastorets\",\"Catifes\",\"La Pla\u00e7a\",\"NOT\u00cdCIA DESTACADA\",\"Not\u00edcies\"],\"inLanguage\":\"ca\"},{\"@type\":\"WebPage\",\"@id\":\"https:\/\/araisemprecultura.cat\/index.php\/ara-i-sempre-federacio-de-lany-2025\/noticies\/araisempre\/\",\"url\":\"https:\/\/araisemprecultura.cat\/index.php\/ara-i-sempre-federacio-de-lany-2025\/noticies\/araisempre\/\",\"name\":\"ARA I SEMPRE Federaci\u00f3 de l'Any 2025 - ARA I SEMPRE\",\"isPartOf\":{\"@id\":\"https:\/\/araisemprecultura.cat\/#website\"},\"datePublished\":\"2025-11-22T22:21:16+00:00\",\"dateModified\":\"2025-11-24T10:27:06+00:00\",\"breadcrumb\":{\"@id\":\"https:\/\/araisemprecultura.cat\/index.php\/ara-i-sempre-federacio-de-lany-2025\/noticies\/araisempre\/#breadcrumb\"},\"inLanguage\":\"ca\",\"potentialAction\":[{\"@type\":\"ReadAction\",\"target\":[\"https:\/\/araisemprecultura.cat\/index.php\/ara-i-sempre-federacio-de-lany-2025\/noticies\/araisempre\/\"]}]},{\"@type\":\"BreadcrumbList\",\"@id\":\"https:\/\/araisemprecultura.cat\/index.php\/ara-i-sempre-federacio-de-lany-2025\/noticies\/araisempre\/#breadcrumb\",\"itemListElement\":[{\"@type\":\"ListItem\",\"position\":1,\"name\":\"Inici\",\"item\":\"https:\/\/araisemprecultura.cat\/\"},{\"@type\":\"ListItem\",\"position\":2,\"name\":\"ARA I SEMPRE Federaci\u00f3 de l&#8217;Any 2025\"}]},{\"@type\":\"WebSite\",\"@id\":\"https:\/\/araisemprecultura.cat\/#website\",\"url\":\"https:\/\/araisemprecultura.cat\/\",\"name\":\"ARA I SEMPRE\",\"description\":\"\",\"publisher\":{\"@id\":\"https:\/\/araisemprecultura.cat\/#organization\"},\"potentialAction\":[{\"@type\":\"SearchAction\",\"target\":{\"@type\":\"EntryPoint\",\"urlTemplate\":\"https:\/\/araisemprecultura.cat\/?s={search_term_string}\"},\"query-input\":\"required name=search_term_string\"}],\"inLanguage\":\"ca\"},{\"@type\":\"Organization\",\"@id\":\"https:\/\/araisemprecultura.cat\/#organization\",\"name\":\"ARA I SEMPRE\",\"url\":\"https:\/\/araisemprecultura.cat\/\",\"logo\":{\"@type\":\"ImageObject\",\"inLanguage\":\"ca\",\"@id\":\"https:\/\/araisemprecultura.cat\/#\/schema\/logo\/image\/\",\"url\":\"https:\/\/araisemprecultura.cat\/wp-content\/uploads\/2022\/02\/Disseny-imatge-ara-i-sempre-161.png\",\"contentUrl\":\"https:\/\/araisemprecultura.cat\/wp-content\/uploads\/2022\/02\/Disseny-imatge-ara-i-sempre-161.png\",\"width\":\"1962\",\"height\":\"713\",\"caption\":\"ARA I SEMPRE\"},\"image\":{\"@id\":\"https:\/\/araisemprecultura.cat\/#\/schema\/logo\/image\/\"}},{\"@type\":\"Person\",\"@id\":\"https:\/\/araisemprecultura.cat\/#\/schema\/person\/63f5d9084c529771425e563e055e9753\",\"name\":\"Associaci\u00f3 ARA I SEMPRE\",\"image\":{\"@type\":\"ImageObject\",\"inLanguage\":\"ca\",\"@id\":\"https:\/\/araisemprecultura.cat\/#\/schema\/person\/image\/\",\"url\":\"https:\/\/secure.gravatar.com\/avatar\/79119cae4235670f2cf10d32f7e31d7e8ddcdc1f4fa0a59abe7d167411092c01?s=96&r=g\",\"contentUrl\":\"https:\/\/secure.gravatar.com\/avatar\/79119cae4235670f2cf10d32f7e31d7e8ddcdc1f4fa0a59abe7d167411092c01?s=96&r=g\",\"caption\":\"Associaci\u00f3 ARA I SEMPRE\"},\"url\":\"https:\/\/araisemprecultura.cat\/index.php\/author\/araisempre\/\"}]}<\/script>\n<!-- \/ Yoast SEO plugin. -->","yoast_head_json":{"title":"ARA I SEMPRE Federaci\u00f3 de l'Any 2025 - ARA I SEMPRE","robots":{"index":"index","follow":"follow","max-snippet":"max-snippet:-1","max-image-preview":"max-image-preview:large","max-video-preview":"max-video-preview:-1"},"canonical":"https:\/\/araisemprecultura.cat\/index.php\/ara-i-sempre-federacio-de-lany-2025\/noticies\/araisempre\/","og_locale":"ca_ES","og_type":"article","og_title":"ARA I SEMPRE Federaci\u00f3 de l'Any 2025 - ARA I SEMPRE","og_description":"Aquesta tarda, una delegaci\u00f3 de 8 persones d&#8217;ARA I SEMPRE ha assistit a la 8a Gala d&#8217;ADIFOLK, a Campdev\u00e0nol, on hem gaudit d&#8217;una tarda en fam\u00edlia, amb actuacions i tot un seguit de sorpreses. A m\u00e9s a m\u00e9s, en aquesta gala, ARA I SEMPRE estava nominada al reconeixement de Federaci\u00f3 de l&#8217;Any 2025, conjuntament a [&hellip;]","og_url":"https:\/\/araisemprecultura.cat\/index.php\/ara-i-sempre-federacio-de-lany-2025\/noticies\/araisempre\/","og_site_name":"ARA I SEMPRE","article_published_time":"2025-11-22T22:21:16+00:00","article_modified_time":"2025-11-24T10:27:06+00:00","og_image":[{"width":"1920","height":"2560","url":"https:\/\/araisemprecultura.cat\/wp-content\/uploads\/2025\/11\/E88EF28C-7A88-428C-B85E-6D8EDCFBCBDF-scaled.jpeg","type":"image\/jpeg"}],"author":"Associaci\u00f3 ARA I SEMPRE","twitter_card":"summary_large_image","twitter_misc":{"Escrit per":"Associaci\u00f3 ARA I SEMPRE","Temps estimat de lectura":"4 minuts"},"schema":{"@context":"https:\/\/schema.org","@graph":[{"@type":"Article","@id":"https:\/\/araisemprecultura.cat\/index.php\/ara-i-sempre-federacio-de-lany-2025\/noticies\/araisempre\/#article","isPartOf":{"@id":"https:\/\/araisemprecultura.cat\/index.php\/ara-i-sempre-federacio-de-lany-2025\/noticies\/araisempre\/"},"author":{"name":"Associaci\u00f3 ARA I SEMPRE","@id":"https:\/\/araisemprecultura.cat\/#\/schema\/person\/63f5d9084c529771425e563e055e9753"},"headline":"ARA I SEMPRE Federaci\u00f3 de l&#8217;Any 2025","datePublished":"2025-11-22T22:21:16+00:00","dateModified":"2025-11-24T10:27:06+00:00","mainEntityOfPage":{"@id":"https:\/\/araisemprecultura.cat\/index.php\/ara-i-sempre-federacio-de-lany-2025\/noticies\/araisempre\/"},"wordCount":292,"publisher":{"@id":"https:\/\/araisemprecultura.cat\/#organization"},"articleSection":["Ball d\u2019Espases","Ball de Bastons","Ball de Gitanes","Ball de la Sega","Ball de Panderos","Ball de Pastorets","Catifes","La Pla\u00e7a","NOT\u00cdCIA DESTACADA","Not\u00edcies"],"inLanguage":"ca"},{"@type":"WebPage","@id":"https:\/\/araisemprecultura.cat\/index.php\/ara-i-sempre-federacio-de-lany-2025\/noticies\/araisempre\/","url":"https:\/\/araisemprecultura.cat\/index.php\/ara-i-sempre-federacio-de-lany-2025\/noticies\/araisempre\/","name":"ARA I SEMPRE Federaci\u00f3 de l'Any 2025 - ARA I SEMPRE","isPartOf":{"@id":"https:\/\/araisemprecultura.cat\/#website"},"datePublished":"2025-11-22T22:21:16+00:00","dateModified":"2025-11-24T10:27:06+00:00","breadcrumb":{"@id":"https:\/\/araisemprecultura.cat\/index.php\/ara-i-sempre-federacio-de-lany-2025\/noticies\/araisempre\/#breadcrumb"},"inLanguage":"ca","potentialAction":[{"@type":"ReadAction","target":["https:\/\/araisemprecultura.cat\/index.php\/ara-i-sempre-federacio-de-lany-2025\/noticies\/araisempre\/"]}]},{"@type":"BreadcrumbList","@id":"https:\/\/araisemprecultura.cat\/index.php\/ara-i-sempre-federacio-de-lany-2025\/noticies\/araisempre\/#breadcrumb","itemListElement":[{"@type":"ListItem","position":1,"name":"Inici","item":"https:\/\/araisemprecultura.cat\/"},{"@type":"ListItem","position":2,"name":"ARA I SEMPRE Federaci\u00f3 de l&#8217;Any 2025"}]},{"@type":"WebSite","@id":"https:\/\/araisemprecultura.cat\/#website","url":"https:\/\/araisemprecultura.cat\/","name":"ARA I SEMPRE","description":"","publisher":{"@id":"https:\/\/araisemprecultura.cat\/#organization"},"potentialAction":[{"@type":"SearchAction","target":{"@type":"EntryPoint","urlTemplate":"https:\/\/araisemprecultura.cat\/?s={search_term_string}"},"query-input":"required name=search_term_string"}],"inLanguage":"ca"},{"@type":"Organization","@id":"https:\/\/araisemprecultura.cat\/#organization","name":"ARA I SEMPRE","url":"https:\/\/araisemprecultura.cat\/","logo":{"@type":"ImageObject","inLanguage":"ca","@id":"https:\/\/araisemprecultura.cat\/#\/schema\/logo\/image\/","url":"https:\/\/araisemprecultura.cat\/wp-content\/uploads\/2022\/02\/Disseny-imatge-ara-i-sempre-161.png","contentUrl":"https:\/\/araisemprecultura.cat\/wp-content\/uploads\/2022\/02\/Disseny-imatge-ara-i-sempre-161.png","width":"1962","height":"713","caption":"ARA I SEMPRE"},"image":{"@id":"https:\/\/araisemprecultura.cat\/#\/schema\/logo\/image\/"}},{"@type":"Person","@id":"https:\/\/araisemprecultura.cat\/#\/schema\/person\/63f5d9084c529771425e563e055e9753","name":"Associaci\u00f3 ARA I SEMPRE","image":{"@type":"ImageObject","inLanguage":"ca","@id":"https:\/\/araisemprecultura.cat\/#\/schema\/person\/image\/","url":"https:\/\/secure.gravatar.com\/avatar\/79119cae4235670f2cf10d32f7e31d7e8ddcdc1f4fa0a59abe7d167411092c01?s=96&r=g","contentUrl":"https:\/\/secure.gravatar.com\/avatar\/79119cae4235670f2cf10d32f7e31d7e8ddcdc1f4fa0a59abe7d167411092c01?s=96&r=g","caption":"Associaci\u00f3 ARA I SEMPRE"},"url":"https:\/\/araisemprecultura.cat\/index.php\/author\/araisempre\/"}]}},"_links":{"self":[{"href":"https:\/\/araisemprecultura.cat\/index.php\/wp-json\/wp\/v2\/posts\/7863","targetHints":{"allow":["GET"]}}],"collection":[{"href":"https:\/\/araisemprecultura.cat\/index.php\/wp-json\/wp\/v2\/posts"}],"about":[{"href":"https:\/\/araisemprecultura.cat\/index.php\/wp-json\/wp\/v2\/types\/post"}],"author":[{"embeddable":true,"href":"https:\/\/araisemprecultura.cat\/index.php\/wp-json\/wp\/v2\/users\/3"}],"replies":[{"embeddable":true,"href":"https:\/\/araisemprecultura.cat\/index.php\/wp-json\/wp\/v2\/comments?post=7863"}],"version-history":[{"count":4,"href":"https:\/\/araisemprecultura.cat\/index.php\/wp-json\/wp\/v2\/posts\/7863\/revisions"}],"predecessor-version":[{"id":7867,"href":"https:\/\/araisemprecultura.cat\/index.php\/wp-json\/wp\/v2\/posts\/7863\/revisions\/7867"}],"wp:featuredmedia":[{"embeddable":true,"href":"https:\/\/araisemprecultura.cat\/index.php\/wp-json\/wp\/v2\/media\/7854"}],"wp:attachment":[{"href":"https:\/\/araisemprecultura.cat\/index.php\/wp-json\/wp\/v2\/media?parent=7863"}],"wp:term":[{"taxonomy":"category","embeddable":true,"href":"https:\/\/araisemprecultura.cat\/index.php\/wp-json\/wp\/v2\/categories?post=7863"},{"taxonomy":"post_tag","embeddable":true,"href":"https:\/\/araisemprecultura.cat\/index.php\/wp-json\/wp\/v2\/tags?post=7863"}],"curies":[{"name":"wp","href":"https:\/\/api.w.org\/{rel}","templated":true}]}}