{"id":7714,"date":"2025-09-19T23:20:32","date_gmt":"2025-09-19T23:20:32","guid":{"rendered":"https:\/\/araisemprecultura.cat\/?p=7714"},"modified":"2025-11-16T11:23:13","modified_gmt":"2025-11-16T11:23:13","slug":"reunio-de-voluntariat-50a-trobada-nacional-de-ball-de-bastons-de-catalunya","status":"publish","type":"post","link":"https:\/\/araisemprecultura.cat\/index.php\/reunio-de-voluntariat-50a-trobada-nacional-de-ball-de-bastons-de-catalunya\/noticies\/araisempre\/","title":{"rendered":"Reuni\u00f3 de voluntariat &#8211; 50a Trobada Nacional de Ball de Bastons de Catalunya"},"content":{"rendered":"\t\t<div data-elementor-type=\"wp-post\" data-elementor-id=\"7714\" class=\"elementor elementor-7714\">\n\t\t\t\t\t\t<section class=\"elementor-section elementor-top-section elementor-element elementor-element-4566b714 elementor-section-boxed elementor-section-height-default elementor-section-height-default\" data-id=\"4566b714\" data-element_type=\"section\" data-settings=\"{&quot;_ha_eqh_enable&quot;:false}\">\n\t\t\t\t\t\t<div class=\"elementor-container elementor-column-gap-default\">\n\t\t\t\t\t<div class=\"elementor-column elementor-col-100 elementor-top-column elementor-element elementor-element-4a5f4662\" data-id=\"4a5f4662\" data-element_type=\"column\">\n\t\t\t<div class=\"elementor-widget-wrap elementor-element-populated\">\n\t\t\t\t\t\t<div class=\"elementor-element elementor-element-28aa1c1b elementor-widget elementor-widget-text-editor\" data-id=\"28aa1c1b\" data-element_type=\"widget\" data-widget_type=\"text-editor.default\">\n\t\t\t\t<div class=\"elementor-widget-container\">\n\t\t\t<style>\/*! elementor - v3.21.0 - 18-04-2024 *\/\n.elementor-widget-text-editor.elementor-drop-cap-view-stacked .elementor-drop-cap{background-color:#69727d;color:#fff}.elementor-widget-text-editor.elementor-drop-cap-view-framed .elementor-drop-cap{color:#69727d;border:3px solid;background-color:transparent}.elementor-widget-text-editor:not(.elementor-drop-cap-view-default) .elementor-drop-cap{margin-top:8px}.elementor-widget-text-editor:not(.elementor-drop-cap-view-default) .elementor-drop-cap-letter{width:1em;height:1em}.elementor-widget-text-editor .elementor-drop-cap{float:left;text-align:center;line-height:1;font-size:50px}.elementor-widget-text-editor .elementor-drop-cap-letter{display:inline-block}<\/style>\t\t\t\t<p style=\"text-align: justify;\">S\u2019acaba el dia amb joia i alegria! Ja queda nom\u00e9s dues setmanes pel gran dia i avui hem fet la reuni\u00f3 amb el voluntariat de la jornada del 4 d\u2019octubre de 2025. De forma f\u00edsica al local de l\u2019ARA I SEMPRE, i amb seguiment telem\u00e0tic, el primer que hem fet a la reuni\u00f3 i que volem fer en aquesta publicaci\u00f3 \u00e9s agrair la col\u00b7laboraci\u00f3 altruista de gaireb\u00e9 80 volunt\u00e0ries i voluntaris. Persones imprescindibles que faran possible tota la m\u00e0gia que desitgem aportar a Barber\u00e0 del Vall\u00e8s i a tot el m\u00f3n bastoner. Continuem endavant i encarem la recta final del que esperem sigui una jornada hist\u00f2rica. <strong>JUNTES FAREM HIST\u00d2RIA! VISCA EL BALL DE BASTONS I VISCA LA CULTURA POPULAR! ARA I SEMPRE!<\/strong><\/p>\t\t\t\t\t\t<\/div>\n\t\t\t\t<\/div>\n\t\t\t\t\t<\/div>\n\t\t<\/div>\n\t\t\t\t\t<\/div>\n\t\t<\/section>\n\t\t\t\t<\/div>\n\t\t","protected":false},"excerpt":{"rendered":"<p>S\u2019acaba el dia amb joia i alegria! Ja queda nom\u00e9s dues setmanes pel gran dia i avui hem fet la reuni\u00f3 amb el voluntariat de la jornada del 4 d\u2019octubre de 2025. De forma f\u00edsica al local de l\u2019ARA I SEMPRE, i amb seguiment telem\u00e0tic, el primer que hem fet a la reuni\u00f3 i que [&hellip;]<\/p>\n","protected":false},"author":3,"featured_media":7716,"comment_status":"closed","ping_status":"closed","sticky":false,"template":"","format":"standard","meta":{"_acf_changed":false,"footnotes":""},"categories":[7,1],"tags":[],"class_list":["post-7714","post","type-post","status-publish","format-standard","has-post-thumbnail","hentry","category-ball-de-bastons","category-noticies"],"acf":[],"yoast_head":"<!-- This site is optimized with the Yoast SEO plugin v21.8 - https:\/\/yoast.com\/wordpress\/plugins\/seo\/ -->\n<title>Reuni\u00f3 de voluntariat - 50a Trobada Nacional de Ball de Bastons de Catalunya - ARA I SEMPRE<\/title>\n<meta name=\"robots\" content=\"index, follow, max-snippet:-1, max-image-preview:large, max-video-preview:-1\" \/>\n<link rel=\"canonical\" href=\"https:\/\/araisemprecultura.cat\/index.php\/reunio-de-voluntariat-50a-trobada-nacional-de-ball-de-bastons-de-catalunya\/noticies\/araisempre\/\" \/>\n<meta property=\"og:locale\" content=\"ca_ES\" \/>\n<meta property=\"og:type\" content=\"article\" \/>\n<meta property=\"og:title\" content=\"Reuni\u00f3 de voluntariat - 50a Trobada Nacional de Ball de Bastons de Catalunya - ARA I SEMPRE\" \/>\n<meta property=\"og:description\" content=\"S\u2019acaba el dia amb joia i alegria! Ja queda nom\u00e9s dues setmanes pel gran dia i avui hem fet la reuni\u00f3 amb el voluntariat de la jornada del 4 d\u2019octubre de 2025. De forma f\u00edsica al local de l\u2019ARA I SEMPRE, i amb seguiment telem\u00e0tic, el primer que hem fet a la reuni\u00f3 i que [&hellip;]\" \/>\n<meta property=\"og:url\" content=\"https:\/\/araisemprecultura.cat\/index.php\/reunio-de-voluntariat-50a-trobada-nacional-de-ball-de-bastons-de-catalunya\/noticies\/araisempre\/\" \/>\n<meta property=\"og:site_name\" content=\"ARA I SEMPRE\" \/>\n<meta property=\"article:published_time\" content=\"2025-09-19T23:20:32+00:00\" \/>\n<meta property=\"article:modified_time\" content=\"2025-11-16T11:23:13+00:00\" \/>\n<meta property=\"og:image\" content=\"https:\/\/araisemprecultura.cat\/wp-content\/uploads\/2025\/09\/Sacaba-el-dia-amb-joia-i-alegria-Ja-queda-nomes-dues-setmanes-pel-gran-dia-i-avui-hem-fet-la-r.jpg\" \/>\n\t<meta property=\"og:image:width\" content=\"1080\" \/>\n\t<meta property=\"og:image:height\" content=\"1080\" \/>\n\t<meta property=\"og:image:type\" content=\"image\/jpeg\" \/>\n<meta name=\"author\" content=\"Associaci\u00f3 ARA I SEMPRE\" \/>\n<meta name=\"twitter:card\" content=\"summary_large_image\" \/>\n<meta name=\"twitter:label1\" content=\"Escrit per\" \/>\n\t<meta name=\"twitter:data1\" content=\"Associaci\u00f3 ARA I SEMPRE\" \/>\n\t<meta name=\"twitter:label2\" content=\"Temps estimat de lectura\" \/>\n\t<meta name=\"twitter:data2\" content=\"1 minut\" \/>\n<script type=\"application\/ld+json\" class=\"yoast-schema-graph\">{\"@context\":\"https:\/\/schema.org\",\"@graph\":[{\"@type\":\"Article\",\"@id\":\"https:\/\/araisemprecultura.cat\/index.php\/reunio-de-voluntariat-50a-trobada-nacional-de-ball-de-bastons-de-catalunya\/noticies\/araisempre\/#article\",\"isPartOf\":{\"@id\":\"https:\/\/araisemprecultura.cat\/index.php\/reunio-de-voluntariat-50a-trobada-nacional-de-ball-de-bastons-de-catalunya\/noticies\/araisempre\/\"},\"author\":{\"name\":\"Associaci\u00f3 ARA I SEMPRE\",\"@id\":\"https:\/\/araisemprecultura.cat\/#\/schema\/person\/63f5d9084c529771425e563e055e9753\"},\"headline\":\"Reuni\u00f3 de voluntariat &#8211; 50a Trobada Nacional de Ball de Bastons de Catalunya\",\"datePublished\":\"2025-09-19T23:20:32+00:00\",\"dateModified\":\"2025-11-16T11:23:13+00:00\",\"mainEntityOfPage\":{\"@id\":\"https:\/\/araisemprecultura.cat\/index.php\/reunio-de-voluntariat-50a-trobada-nacional-de-ball-de-bastons-de-catalunya\/noticies\/araisempre\/\"},\"wordCount\":145,\"publisher\":{\"@id\":\"https:\/\/araisemprecultura.cat\/#organization\"},\"articleSection\":[\"Ball de Bastons\",\"Not\u00edcies\"],\"inLanguage\":\"ca\"},{\"@type\":\"WebPage\",\"@id\":\"https:\/\/araisemprecultura.cat\/index.php\/reunio-de-voluntariat-50a-trobada-nacional-de-ball-de-bastons-de-catalunya\/noticies\/araisempre\/\",\"url\":\"https:\/\/araisemprecultura.cat\/index.php\/reunio-de-voluntariat-50a-trobada-nacional-de-ball-de-bastons-de-catalunya\/noticies\/araisempre\/\",\"name\":\"Reuni\u00f3 de voluntariat - 50a Trobada Nacional de Ball de Bastons de Catalunya - ARA I SEMPRE\",\"isPartOf\":{\"@id\":\"https:\/\/araisemprecultura.cat\/#website\"},\"datePublished\":\"2025-09-19T23:20:32+00:00\",\"dateModified\":\"2025-11-16T11:23:13+00:00\",\"breadcrumb\":{\"@id\":\"https:\/\/araisemprecultura.cat\/index.php\/reunio-de-voluntariat-50a-trobada-nacional-de-ball-de-bastons-de-catalunya\/noticies\/araisempre\/#breadcrumb\"},\"inLanguage\":\"ca\",\"potentialAction\":[{\"@type\":\"ReadAction\",\"target\":[\"https:\/\/araisemprecultura.cat\/index.php\/reunio-de-voluntariat-50a-trobada-nacional-de-ball-de-bastons-de-catalunya\/noticies\/araisempre\/\"]}]},{\"@type\":\"BreadcrumbList\",\"@id\":\"https:\/\/araisemprecultura.cat\/index.php\/reunio-de-voluntariat-50a-trobada-nacional-de-ball-de-bastons-de-catalunya\/noticies\/araisempre\/#breadcrumb\",\"itemListElement\":[{\"@type\":\"ListItem\",\"position\":1,\"name\":\"Inici\",\"item\":\"https:\/\/araisemprecultura.cat\/\"},{\"@type\":\"ListItem\",\"position\":2,\"name\":\"Reuni\u00f3 de voluntariat &#8211; 50a Trobada Nacional de Ball de Bastons de Catalunya\"}]},{\"@type\":\"WebSite\",\"@id\":\"https:\/\/araisemprecultura.cat\/#website\",\"url\":\"https:\/\/araisemprecultura.cat\/\",\"name\":\"ARA I SEMPRE\",\"description\":\"\",\"publisher\":{\"@id\":\"https:\/\/araisemprecultura.cat\/#organization\"},\"potentialAction\":[{\"@type\":\"SearchAction\",\"target\":{\"@type\":\"EntryPoint\",\"urlTemplate\":\"https:\/\/araisemprecultura.cat\/?s={search_term_string}\"},\"query-input\":\"required name=search_term_string\"}],\"inLanguage\":\"ca\"},{\"@type\":\"Organization\",\"@id\":\"https:\/\/araisemprecultura.cat\/#organization\",\"name\":\"ARA I SEMPRE\",\"url\":\"https:\/\/araisemprecultura.cat\/\",\"logo\":{\"@type\":\"ImageObject\",\"inLanguage\":\"ca\",\"@id\":\"https:\/\/araisemprecultura.cat\/#\/schema\/logo\/image\/\",\"url\":\"https:\/\/araisemprecultura.cat\/wp-content\/uploads\/2022\/02\/Disseny-imatge-ara-i-sempre-161.png\",\"contentUrl\":\"https:\/\/araisemprecultura.cat\/wp-content\/uploads\/2022\/02\/Disseny-imatge-ara-i-sempre-161.png\",\"width\":\"1962\",\"height\":\"713\",\"caption\":\"ARA I SEMPRE\"},\"image\":{\"@id\":\"https:\/\/araisemprecultura.cat\/#\/schema\/logo\/image\/\"}},{\"@type\":\"Person\",\"@id\":\"https:\/\/araisemprecultura.cat\/#\/schema\/person\/63f5d9084c529771425e563e055e9753\",\"name\":\"Associaci\u00f3 ARA I SEMPRE\",\"image\":{\"@type\":\"ImageObject\",\"inLanguage\":\"ca\",\"@id\":\"https:\/\/araisemprecultura.cat\/#\/schema\/person\/image\/\",\"url\":\"https:\/\/secure.gravatar.com\/avatar\/79119cae4235670f2cf10d32f7e31d7e8ddcdc1f4fa0a59abe7d167411092c01?s=96&r=g\",\"contentUrl\":\"https:\/\/secure.gravatar.com\/avatar\/79119cae4235670f2cf10d32f7e31d7e8ddcdc1f4fa0a59abe7d167411092c01?s=96&r=g\",\"caption\":\"Associaci\u00f3 ARA I SEMPRE\"},\"url\":\"https:\/\/araisemprecultura.cat\/index.php\/author\/araisempre\/\"}]}<\/script>\n<!-- \/ Yoast SEO plugin. -->","yoast_head_json":{"title":"Reuni\u00f3 de voluntariat - 50a Trobada Nacional de Ball de Bastons de Catalunya - ARA I SEMPRE","robots":{"index":"index","follow":"follow","max-snippet":"max-snippet:-1","max-image-preview":"max-image-preview:large","max-video-preview":"max-video-preview:-1"},"canonical":"https:\/\/araisemprecultura.cat\/index.php\/reunio-de-voluntariat-50a-trobada-nacional-de-ball-de-bastons-de-catalunya\/noticies\/araisempre\/","og_locale":"ca_ES","og_type":"article","og_title":"Reuni\u00f3 de voluntariat - 50a Trobada Nacional de Ball de Bastons de Catalunya - ARA I SEMPRE","og_description":"S\u2019acaba el dia amb joia i alegria! Ja queda nom\u00e9s dues setmanes pel gran dia i avui hem fet la reuni\u00f3 amb el voluntariat de la jornada del 4 d\u2019octubre de 2025. De forma f\u00edsica al local de l\u2019ARA I SEMPRE, i amb seguiment telem\u00e0tic, el primer que hem fet a la reuni\u00f3 i que [&hellip;]","og_url":"https:\/\/araisemprecultura.cat\/index.php\/reunio-de-voluntariat-50a-trobada-nacional-de-ball-de-bastons-de-catalunya\/noticies\/araisempre\/","og_site_name":"ARA I SEMPRE","article_published_time":"2025-09-19T23:20:32+00:00","article_modified_time":"2025-11-16T11:23:13+00:00","og_image":[{"width":"1080","height":"1080","url":"https:\/\/araisemprecultura.cat\/wp-content\/uploads\/2025\/09\/Sacaba-el-dia-amb-joia-i-alegria-Ja-queda-nomes-dues-setmanes-pel-gran-dia-i-avui-hem-fet-la-r.jpg","type":"image\/jpeg"}],"author":"Associaci\u00f3 ARA I SEMPRE","twitter_card":"summary_large_image","twitter_misc":{"Escrit per":"Associaci\u00f3 ARA I SEMPRE","Temps estimat de lectura":"1 minut"},"schema":{"@context":"https:\/\/schema.org","@graph":[{"@type":"Article","@id":"https:\/\/araisemprecultura.cat\/index.php\/reunio-de-voluntariat-50a-trobada-nacional-de-ball-de-bastons-de-catalunya\/noticies\/araisempre\/#article","isPartOf":{"@id":"https:\/\/araisemprecultura.cat\/index.php\/reunio-de-voluntariat-50a-trobada-nacional-de-ball-de-bastons-de-catalunya\/noticies\/araisempre\/"},"author":{"name":"Associaci\u00f3 ARA I SEMPRE","@id":"https:\/\/araisemprecultura.cat\/#\/schema\/person\/63f5d9084c529771425e563e055e9753"},"headline":"Reuni\u00f3 de voluntariat &#8211; 50a Trobada Nacional de Ball de Bastons de Catalunya","datePublished":"2025-09-19T23:20:32+00:00","dateModified":"2025-11-16T11:23:13+00:00","mainEntityOfPage":{"@id":"https:\/\/araisemprecultura.cat\/index.php\/reunio-de-voluntariat-50a-trobada-nacional-de-ball-de-bastons-de-catalunya\/noticies\/araisempre\/"},"wordCount":145,"publisher":{"@id":"https:\/\/araisemprecultura.cat\/#organization"},"articleSection":["Ball de Bastons","Not\u00edcies"],"inLanguage":"ca"},{"@type":"WebPage","@id":"https:\/\/araisemprecultura.cat\/index.php\/reunio-de-voluntariat-50a-trobada-nacional-de-ball-de-bastons-de-catalunya\/noticies\/araisempre\/","url":"https:\/\/araisemprecultura.cat\/index.php\/reunio-de-voluntariat-50a-trobada-nacional-de-ball-de-bastons-de-catalunya\/noticies\/araisempre\/","name":"Reuni\u00f3 de voluntariat - 50a Trobada Nacional de Ball de Bastons de Catalunya - ARA I SEMPRE","isPartOf":{"@id":"https:\/\/araisemprecultura.cat\/#website"},"datePublished":"2025-09-19T23:20:32+00:00","dateModified":"2025-11-16T11:23:13+00:00","breadcrumb":{"@id":"https:\/\/araisemprecultura.cat\/index.php\/reunio-de-voluntariat-50a-trobada-nacional-de-ball-de-bastons-de-catalunya\/noticies\/araisempre\/#breadcrumb"},"inLanguage":"ca","potentialAction":[{"@type":"ReadAction","target":["https:\/\/araisemprecultura.cat\/index.php\/reunio-de-voluntariat-50a-trobada-nacional-de-ball-de-bastons-de-catalunya\/noticies\/araisempre\/"]}]},{"@type":"BreadcrumbList","@id":"https:\/\/araisemprecultura.cat\/index.php\/reunio-de-voluntariat-50a-trobada-nacional-de-ball-de-bastons-de-catalunya\/noticies\/araisempre\/#breadcrumb","itemListElement":[{"@type":"ListItem","position":1,"name":"Inici","item":"https:\/\/araisemprecultura.cat\/"},{"@type":"ListItem","position":2,"name":"Reuni\u00f3 de voluntariat &#8211; 50a Trobada Nacional de Ball de Bastons de Catalunya"}]},{"@type":"WebSite","@id":"https:\/\/araisemprecultura.cat\/#website","url":"https:\/\/araisemprecultura.cat\/","name":"ARA I SEMPRE","description":"","publisher":{"@id":"https:\/\/araisemprecultura.cat\/#organization"},"potentialAction":[{"@type":"SearchAction","target":{"@type":"EntryPoint","urlTemplate":"https:\/\/araisemprecultura.cat\/?s={search_term_string}"},"query-input":"required name=search_term_string"}],"inLanguage":"ca"},{"@type":"Organization","@id":"https:\/\/araisemprecultura.cat\/#organization","name":"ARA I SEMPRE","url":"https:\/\/araisemprecultura.cat\/","logo":{"@type":"ImageObject","inLanguage":"ca","@id":"https:\/\/araisemprecultura.cat\/#\/schema\/logo\/image\/","url":"https:\/\/araisemprecultura.cat\/wp-content\/uploads\/2022\/02\/Disseny-imatge-ara-i-sempre-161.png","contentUrl":"https:\/\/araisemprecultura.cat\/wp-content\/uploads\/2022\/02\/Disseny-imatge-ara-i-sempre-161.png","width":"1962","height":"713","caption":"ARA I SEMPRE"},"image":{"@id":"https:\/\/araisemprecultura.cat\/#\/schema\/logo\/image\/"}},{"@type":"Person","@id":"https:\/\/araisemprecultura.cat\/#\/schema\/person\/63f5d9084c529771425e563e055e9753","name":"Associaci\u00f3 ARA I SEMPRE","image":{"@type":"ImageObject","inLanguage":"ca","@id":"https:\/\/araisemprecultura.cat\/#\/schema\/person\/image\/","url":"https:\/\/secure.gravatar.com\/avatar\/79119cae4235670f2cf10d32f7e31d7e8ddcdc1f4fa0a59abe7d167411092c01?s=96&r=g","contentUrl":"https:\/\/secure.gravatar.com\/avatar\/79119cae4235670f2cf10d32f7e31d7e8ddcdc1f4fa0a59abe7d167411092c01?s=96&r=g","caption":"Associaci\u00f3 ARA I SEMPRE"},"url":"https:\/\/araisemprecultura.cat\/index.php\/author\/araisempre\/"}]}},"_links":{"self":[{"href":"https:\/\/araisemprecultura.cat\/index.php\/wp-json\/wp\/v2\/posts\/7714","targetHints":{"allow":["GET"]}}],"collection":[{"href":"https:\/\/araisemprecultura.cat\/index.php\/wp-json\/wp\/v2\/posts"}],"about":[{"href":"https:\/\/araisemprecultura.cat\/index.php\/wp-json\/wp\/v2\/types\/post"}],"author":[{"embeddable":true,"href":"https:\/\/araisemprecultura.cat\/index.php\/wp-json\/wp\/v2\/users\/3"}],"replies":[{"embeddable":true,"href":"https:\/\/araisemprecultura.cat\/index.php\/wp-json\/wp\/v2\/comments?post=7714"}],"version-history":[{"count":4,"href":"https:\/\/araisemprecultura.cat\/index.php\/wp-json\/wp\/v2\/posts\/7714\/revisions"}],"predecessor-version":[{"id":7720,"href":"https:\/\/araisemprecultura.cat\/index.php\/wp-json\/wp\/v2\/posts\/7714\/revisions\/7720"}],"wp:featuredmedia":[{"embeddable":true,"href":"https:\/\/araisemprecultura.cat\/index.php\/wp-json\/wp\/v2\/media\/7716"}],"wp:attachment":[{"href":"https:\/\/araisemprecultura.cat\/index.php\/wp-json\/wp\/v2\/media?parent=7714"}],"wp:term":[{"taxonomy":"category","embeddable":true,"href":"https:\/\/araisemprecultura.cat\/index.php\/wp-json\/wp\/v2\/categories?post=7714"},{"taxonomy":"post_tag","embeddable":true,"href":"https:\/\/araisemprecultura.cat\/index.php\/wp-json\/wp\/v2\/tags?post=7714"}],"curies":[{"name":"wp","href":"https:\/\/api.w.org\/{rel}","templated":true}]}}