{"id":7396,"date":"2025-07-02T22:27:48","date_gmt":"2025-07-02T22:27:48","guid":{"rendered":"https:\/\/araisemprecultura.cat\/?p=7396"},"modified":"2025-11-16T09:34:20","modified_gmt":"2025-11-16T09:34:20","slug":"ball-folk-festa-major-de-barbera-del-valles-2025","status":"publish","type":"post","link":"https:\/\/araisemprecultura.cat\/index.php\/ball-folk-festa-major-de-barbera-del-valles-2025\/noticies\/araisempre\/","title":{"rendered":"Ball Folk &#8211; Festa Major de Barber\u00e0 del Vall\u00e8s 2025"},"content":{"rendered":"\t\t<div data-elementor-type=\"wp-post\" data-elementor-id=\"7396\" class=\"elementor elementor-7396\">\n\t\t\t\t\t\t<section class=\"elementor-section elementor-top-section elementor-element elementor-element-4566b714 elementor-section-boxed elementor-section-height-default elementor-section-height-default\" data-id=\"4566b714\" data-element_type=\"section\" data-settings=\"{&quot;_ha_eqh_enable&quot;:false}\">\n\t\t\t\t\t\t<div class=\"elementor-container elementor-column-gap-default\">\n\t\t\t\t\t<div class=\"elementor-column elementor-col-100 elementor-top-column elementor-element elementor-element-4a5f4662\" data-id=\"4a5f4662\" data-element_type=\"column\">\n\t\t\t<div class=\"elementor-widget-wrap elementor-element-populated\">\n\t\t\t\t\t\t<div class=\"elementor-element elementor-element-28aa1c1b elementor-widget elementor-widget-text-editor\" data-id=\"28aa1c1b\" data-element_type=\"widget\" data-widget_type=\"text-editor.default\">\n\t\t\t\t<div class=\"elementor-widget-container\">\n\t\t\t<style>\/*! elementor - v3.21.0 - 18-04-2024 *\/\n.elementor-widget-text-editor.elementor-drop-cap-view-stacked .elementor-drop-cap{background-color:#69727d;color:#fff}.elementor-widget-text-editor.elementor-drop-cap-view-framed .elementor-drop-cap{color:#69727d;border:3px solid;background-color:transparent}.elementor-widget-text-editor:not(.elementor-drop-cap-view-default) .elementor-drop-cap{margin-top:8px}.elementor-widget-text-editor:not(.elementor-drop-cap-view-default) .elementor-drop-cap-letter{width:1em;height:1em}.elementor-widget-text-editor .elementor-drop-cap{float:left;text-align:center;line-height:1;font-size:50px}.elementor-widget-text-editor .elementor-drop-cap-letter{display:inline-block}<\/style>\t\t\t\t<p style=\"text-align: justify;\">Avui dimecres, ARA I SEMPRE ha donat el tret de sortida als actes de Festa Major de Barber\u00e0 del Vall\u00e8s amb la segona edici\u00f3 del Ball Folk previ a la recepci\u00f3 de Festa Major organitzada per l\u2019Ajuntament. Tot i la calor, res ha evitat dibuixar somriures a les persones que han participat i\/o gaudir de la ballada! Gr\u00e0cies per tanta m\u00e0gia!<strong> VISCA LA CULTURA POPULAR I VISCA BARBER\u00c0 DEL VALL\u00c8S! \u2764\ufe0f\ud83d\udc9b\ud83d\udc9a<\/strong><\/p>\t\t\t\t\t\t<\/div>\n\t\t\t\t<\/div>\n\t\t\t\t<div class=\"elementor-element elementor-element-f11a5b5 elementor-arrows-position-inside elementor-pagination-position-outside elementor-widget elementor-widget-image-carousel\" data-id=\"f11a5b5\" data-element_type=\"widget\" data-settings=\"{&quot;slides_to_show&quot;:&quot;1&quot;,&quot;navigation&quot;:&quot;both&quot;,&quot;autoplay&quot;:&quot;yes&quot;,&quot;pause_on_hover&quot;:&quot;yes&quot;,&quot;pause_on_interaction&quot;:&quot;yes&quot;,&quot;autoplay_speed&quot;:5000,&quot;infinite&quot;:&quot;yes&quot;,&quot;effect&quot;:&quot;slide&quot;,&quot;speed&quot;:500}\" data-widget_type=\"image-carousel.default\">\n\t\t\t\t<div class=\"elementor-widget-container\">\n\t\t\t<style>\/*! elementor - v3.21.0 - 18-04-2024 *\/\n.elementor-widget-image-carousel .swiper,.elementor-widget-image-carousel .swiper-container{position:static}.elementor-widget-image-carousel .swiper-container .swiper-slide figure,.elementor-widget-image-carousel .swiper .swiper-slide figure{line-height:inherit}.elementor-widget-image-carousel .swiper-slide{text-align:center}.elementor-image-carousel-wrapper:not(.swiper-container-initialized):not(.swiper-initialized) .swiper-slide{max-width:calc(100% \/ var(--e-image-carousel-slides-to-show, 3))}<\/style>\t\t<div class=\"elementor-image-carousel-wrapper swiper\" dir=\"ltr\">\n\t\t\t<div class=\"elementor-image-carousel swiper-wrapper\" aria-live=\"off\">\n\t\t\t\t\t\t\t\t<div class=\"swiper-slide\" role=\"group\" aria-roledescription=\"slide\" aria-label=\"1 de 10\"><figure class=\"swiper-slide-inner\"><img decoding=\"async\" class=\"swiper-slide-image\" src=\"https:\/\/araisemprecultura.cat\/wp-content\/uploads\/2025\/07\/Ahir-dimecres-ARA-I-SEMPRE-va-donar-el-tret-de-sortida-als-actes-de-Festa-Major-de-Barbera-del-.jpg\" alt=\"Ahir dimecres, ARA I SEMPRE va donar el tret de sortida als actes de Festa Major de Barber\u00e0 del\" \/><\/figure><\/div><div class=\"swiper-slide\" role=\"group\" aria-roledescription=\"slide\" aria-label=\"2 de 10\"><figure class=\"swiper-slide-inner\"><img decoding=\"async\" class=\"swiper-slide-image\" src=\"https:\/\/araisemprecultura.cat\/wp-content\/uploads\/2025\/07\/Ahir-dimecres-ARA-I-SEMPRE-va-donar-el-tret-de-sortida-als-actes-de-Festa-Major-de-Barbera-del-1.jpg\" alt=\"Ahir dimecres, ARA I SEMPRE va donar el tret de sortida als actes de Festa Major de Barber\u00e0 del (1)\" \/><\/figure><\/div><div class=\"swiper-slide\" role=\"group\" aria-roledescription=\"slide\" aria-label=\"3 de 10\"><figure class=\"swiper-slide-inner\"><img decoding=\"async\" class=\"swiper-slide-image\" src=\"https:\/\/araisemprecultura.cat\/wp-content\/uploads\/2025\/07\/Ahir-dimecres-ARA-I-SEMPRE-va-donar-el-tret-de-sortida-als-actes-de-Festa-Major-de-Barbera-del-2.jpg\" alt=\"Ahir dimecres, ARA I SEMPRE va donar el tret de sortida als actes de Festa Major de Barber\u00e0 del (2)\" \/><\/figure><\/div><div class=\"swiper-slide\" role=\"group\" aria-roledescription=\"slide\" aria-label=\"4 de 10\"><figure class=\"swiper-slide-inner\"><img decoding=\"async\" class=\"swiper-slide-image\" src=\"https:\/\/araisemprecultura.cat\/wp-content\/uploads\/2025\/07\/Ahir-dimecres-ARA-I-SEMPRE-va-donar-el-tret-de-sortida-als-actes-de-Festa-Major-de-Barbera-del-3.jpg\" alt=\"Ahir dimecres, ARA I SEMPRE va donar el tret de sortida als actes de Festa Major de Barber\u00e0 del (3)\" \/><\/figure><\/div><div class=\"swiper-slide\" role=\"group\" aria-roledescription=\"slide\" aria-label=\"5 de 10\"><figure class=\"swiper-slide-inner\"><img decoding=\"async\" class=\"swiper-slide-image\" src=\"https:\/\/araisemprecultura.cat\/wp-content\/uploads\/2025\/07\/Ahir-dimecres-ARA-I-SEMPRE-va-donar-el-tret-de-sortida-als-actes-de-Festa-Major-de-Barbera-del-4.jpg\" alt=\"Ahir dimecres, ARA I SEMPRE va donar el tret de sortida als actes de Festa Major de Barber\u00e0 del (4)\" \/><\/figure><\/div><div class=\"swiper-slide\" role=\"group\" aria-roledescription=\"slide\" aria-label=\"6 de 10\"><figure class=\"swiper-slide-inner\"><img decoding=\"async\" class=\"swiper-slide-image\" src=\"https:\/\/araisemprecultura.cat\/wp-content\/uploads\/2025\/07\/Ahir-dimecres-ARA-I-SEMPRE-va-donar-el-tret-de-sortida-als-actes-de-Festa-Major-de-Barbera-del-5.jpg\" alt=\"Ahir dimecres, ARA I SEMPRE va donar el tret de sortida als actes de Festa Major de Barber\u00e0 del (5)\" \/><\/figure><\/div><div class=\"swiper-slide\" role=\"group\" aria-roledescription=\"slide\" aria-label=\"7 de 10\"><figure class=\"swiper-slide-inner\"><img decoding=\"async\" class=\"swiper-slide-image\" src=\"https:\/\/araisemprecultura.cat\/wp-content\/uploads\/2025\/07\/Ahir-dimecres-ARA-I-SEMPRE-va-donar-el-tret-de-sortida-als-actes-de-Festa-Major-de-Barbera-del-6.jpg\" alt=\"Ahir dimecres, ARA I SEMPRE va donar el tret de sortida als actes de Festa Major de Barber\u00e0 del (6)\" \/><\/figure><\/div><div class=\"swiper-slide\" role=\"group\" aria-roledescription=\"slide\" aria-label=\"8 de 10\"><figure class=\"swiper-slide-inner\"><img decoding=\"async\" class=\"swiper-slide-image\" src=\"https:\/\/araisemprecultura.cat\/wp-content\/uploads\/2025\/07\/Ahir-dimecres-ARA-I-SEMPRE-va-donar-el-tret-de-sortida-als-actes-de-Festa-Major-de-Barbera-del-7.jpg\" alt=\"Ahir dimecres, ARA I SEMPRE va donar el tret de sortida als actes de Festa Major de Barber\u00e0 del (7)\" \/><\/figure><\/div><div class=\"swiper-slide\" role=\"group\" aria-roledescription=\"slide\" aria-label=\"9 de 10\"><figure class=\"swiper-slide-inner\"><img decoding=\"async\" class=\"swiper-slide-image\" src=\"https:\/\/araisemprecultura.cat\/wp-content\/uploads\/2025\/07\/Ahir-dimecres-ARA-I-SEMPRE-va-donar-el-tret-de-sortida-als-actes-de-Festa-Major-de-Barbera-del-8.jpg\" alt=\"Ahir dimecres, ARA I SEMPRE va donar el tret de sortida als actes de Festa Major de Barber\u00e0 del (8)\" \/><\/figure><\/div><div class=\"swiper-slide\" role=\"group\" aria-roledescription=\"slide\" aria-label=\"10 de 10\"><figure class=\"swiper-slide-inner\"><img decoding=\"async\" class=\"swiper-slide-image\" src=\"https:\/\/araisemprecultura.cat\/wp-content\/uploads\/2025\/07\/Ahir-dimecres-ARA-I-SEMPRE-va-donar-el-tret-de-sortida-als-actes-de-Festa-Major-de-Barbera-del-9.jpg\" alt=\"Ahir dimecres, ARA I SEMPRE va donar el tret de sortida als actes de Festa Major de Barber\u00e0 del (9)\" \/><\/figure><\/div>\t\t\t<\/div>\n\t\t\t\t\t\t\t\t\t\t\t\t<div class=\"elementor-swiper-button elementor-swiper-button-prev\" role=\"button\" tabindex=\"0\">\n\t\t\t\t\t\t<i aria-hidden=\"true\" class=\"eicon-chevron-left\"><\/i>\t\t\t\t\t<\/div>\n\t\t\t\t\t<div class=\"elementor-swiper-button elementor-swiper-button-next\" role=\"button\" tabindex=\"0\">\n\t\t\t\t\t\t<i aria-hidden=\"true\" class=\"eicon-chevron-right\"><\/i>\t\t\t\t\t<\/div>\n\t\t\t\t\n\t\t\t\t\t\t\t\t\t<div class=\"swiper-pagination\"><\/div>\n\t\t\t\t\t\t\t\t\t<\/div>\n\t\t\t\t<\/div>\n\t\t\t\t<\/div>\n\t\t\t\t\t<\/div>\n\t\t<\/div>\n\t\t\t\t\t<\/div>\n\t\t<\/section>\n\t\t\t\t<\/div>\n\t\t","protected":false},"excerpt":{"rendered":"<p>Avui dimecres, ARA I SEMPRE ha donat el tret de sortida als actes de Festa Major de Barber\u00e0 del Vall\u00e8s amb la segona edici\u00f3 del Ball Folk previ a la recepci\u00f3 de Festa Major organitzada per l\u2019Ajuntament. Tot i la calor, res ha evitat dibuixar somriures a les persones que han participat i\/o gaudir de [&hellip;]<\/p>\n","protected":false},"author":3,"featured_media":7407,"comment_status":"closed","ping_status":"closed","sticky":false,"template":"","format":"standard","meta":{"_acf_changed":false,"footnotes":""},"categories":[1],"tags":[],"class_list":["post-7396","post","type-post","status-publish","format-standard","has-post-thumbnail","hentry","category-noticies"],"acf":[],"yoast_head":"<!-- This site is optimized with the Yoast SEO plugin v21.8 - https:\/\/yoast.com\/wordpress\/plugins\/seo\/ -->\n<title>Ball Folk - Festa Major de Barber\u00e0 del Vall\u00e8s 2025 - ARA I SEMPRE<\/title>\n<meta name=\"robots\" content=\"index, follow, max-snippet:-1, max-image-preview:large, max-video-preview:-1\" \/>\n<link rel=\"canonical\" href=\"https:\/\/araisemprecultura.cat\/index.php\/ball-folk-festa-major-de-barbera-del-valles-2025\/noticies\/araisempre\/\" \/>\n<meta property=\"og:locale\" content=\"ca_ES\" \/>\n<meta property=\"og:type\" content=\"article\" \/>\n<meta property=\"og:title\" content=\"Ball Folk - Festa Major de Barber\u00e0 del Vall\u00e8s 2025 - ARA I SEMPRE\" \/>\n<meta property=\"og:description\" content=\"Avui dimecres, ARA I SEMPRE ha donat el tret de sortida als actes de Festa Major de Barber\u00e0 del Vall\u00e8s amb la segona edici\u00f3 del Ball Folk previ a la recepci\u00f3 de Festa Major organitzada per l\u2019Ajuntament. Tot i la calor, res ha evitat dibuixar somriures a les persones que han participat i\/o gaudir de [&hellip;]\" \/>\n<meta property=\"og:url\" content=\"https:\/\/araisemprecultura.cat\/index.php\/ball-folk-festa-major-de-barbera-del-valles-2025\/noticies\/araisempre\/\" \/>\n<meta property=\"og:site_name\" content=\"ARA I SEMPRE\" \/>\n<meta property=\"article:published_time\" content=\"2025-07-02T22:27:48+00:00\" \/>\n<meta property=\"article:modified_time\" content=\"2025-11-16T09:34:20+00:00\" \/>\n<meta property=\"og:image\" content=\"https:\/\/araisemprecultura.cat\/wp-content\/uploads\/2025\/07\/Ahir-dimecres-ARA-I-SEMPRE-va-donar-el-tret-de-sortida-als-actes-de-Festa-Major-de-Barbera-del-.jpg\" \/>\n\t<meta property=\"og:image:width\" content=\"1080\" \/>\n\t<meta property=\"og:image:height\" content=\"720\" \/>\n\t<meta property=\"og:image:type\" content=\"image\/jpeg\" \/>\n<meta name=\"author\" content=\"Associaci\u00f3 ARA I SEMPRE\" \/>\n<meta name=\"twitter:card\" content=\"summary_large_image\" \/>\n<meta name=\"twitter:label1\" content=\"Escrit per\" \/>\n\t<meta name=\"twitter:data1\" content=\"Associaci\u00f3 ARA I SEMPRE\" \/>\n\t<meta name=\"twitter:label2\" content=\"Temps estimat de lectura\" \/>\n\t<meta name=\"twitter:data2\" content=\"4 minuts\" \/>\n<script type=\"application\/ld+json\" class=\"yoast-schema-graph\">{\"@context\":\"https:\/\/schema.org\",\"@graph\":[{\"@type\":\"Article\",\"@id\":\"https:\/\/araisemprecultura.cat\/index.php\/ball-folk-festa-major-de-barbera-del-valles-2025\/noticies\/araisempre\/#article\",\"isPartOf\":{\"@id\":\"https:\/\/araisemprecultura.cat\/index.php\/ball-folk-festa-major-de-barbera-del-valles-2025\/noticies\/araisempre\/\"},\"author\":{\"name\":\"Associaci\u00f3 ARA I SEMPRE\",\"@id\":\"https:\/\/araisemprecultura.cat\/#\/schema\/person\/63f5d9084c529771425e563e055e9753\"},\"headline\":\"Ball Folk &#8211; Festa Major de Barber\u00e0 del Vall\u00e8s 2025\",\"datePublished\":\"2025-07-02T22:27:48+00:00\",\"dateModified\":\"2025-11-16T09:34:20+00:00\",\"mainEntityOfPage\":{\"@id\":\"https:\/\/araisemprecultura.cat\/index.php\/ball-folk-festa-major-de-barbera-del-valles-2025\/noticies\/araisempre\/\"},\"wordCount\":86,\"publisher\":{\"@id\":\"https:\/\/araisemprecultura.cat\/#organization\"},\"articleSection\":[\"Not\u00edcies\"],\"inLanguage\":\"ca\"},{\"@type\":\"WebPage\",\"@id\":\"https:\/\/araisemprecultura.cat\/index.php\/ball-folk-festa-major-de-barbera-del-valles-2025\/noticies\/araisempre\/\",\"url\":\"https:\/\/araisemprecultura.cat\/index.php\/ball-folk-festa-major-de-barbera-del-valles-2025\/noticies\/araisempre\/\",\"name\":\"Ball Folk - Festa Major de Barber\u00e0 del Vall\u00e8s 2025 - ARA I SEMPRE\",\"isPartOf\":{\"@id\":\"https:\/\/araisemprecultura.cat\/#website\"},\"datePublished\":\"2025-07-02T22:27:48+00:00\",\"dateModified\":\"2025-11-16T09:34:20+00:00\",\"breadcrumb\":{\"@id\":\"https:\/\/araisemprecultura.cat\/index.php\/ball-folk-festa-major-de-barbera-del-valles-2025\/noticies\/araisempre\/#breadcrumb\"},\"inLanguage\":\"ca\",\"potentialAction\":[{\"@type\":\"ReadAction\",\"target\":[\"https:\/\/araisemprecultura.cat\/index.php\/ball-folk-festa-major-de-barbera-del-valles-2025\/noticies\/araisempre\/\"]}]},{\"@type\":\"BreadcrumbList\",\"@id\":\"https:\/\/araisemprecultura.cat\/index.php\/ball-folk-festa-major-de-barbera-del-valles-2025\/noticies\/araisempre\/#breadcrumb\",\"itemListElement\":[{\"@type\":\"ListItem\",\"position\":1,\"name\":\"Inici\",\"item\":\"https:\/\/araisemprecultura.cat\/\"},{\"@type\":\"ListItem\",\"position\":2,\"name\":\"Ball Folk &#8211; Festa Major de Barber\u00e0 del Vall\u00e8s 2025\"}]},{\"@type\":\"WebSite\",\"@id\":\"https:\/\/araisemprecultura.cat\/#website\",\"url\":\"https:\/\/araisemprecultura.cat\/\",\"name\":\"ARA I SEMPRE\",\"description\":\"\",\"publisher\":{\"@id\":\"https:\/\/araisemprecultura.cat\/#organization\"},\"potentialAction\":[{\"@type\":\"SearchAction\",\"target\":{\"@type\":\"EntryPoint\",\"urlTemplate\":\"https:\/\/araisemprecultura.cat\/?s={search_term_string}\"},\"query-input\":\"required name=search_term_string\"}],\"inLanguage\":\"ca\"},{\"@type\":\"Organization\",\"@id\":\"https:\/\/araisemprecultura.cat\/#organization\",\"name\":\"ARA I SEMPRE\",\"url\":\"https:\/\/araisemprecultura.cat\/\",\"logo\":{\"@type\":\"ImageObject\",\"inLanguage\":\"ca\",\"@id\":\"https:\/\/araisemprecultura.cat\/#\/schema\/logo\/image\/\",\"url\":\"https:\/\/araisemprecultura.cat\/wp-content\/uploads\/2022\/02\/Disseny-imatge-ara-i-sempre-161.png\",\"contentUrl\":\"https:\/\/araisemprecultura.cat\/wp-content\/uploads\/2022\/02\/Disseny-imatge-ara-i-sempre-161.png\",\"width\":\"1962\",\"height\":\"713\",\"caption\":\"ARA I SEMPRE\"},\"image\":{\"@id\":\"https:\/\/araisemprecultura.cat\/#\/schema\/logo\/image\/\"}},{\"@type\":\"Person\",\"@id\":\"https:\/\/araisemprecultura.cat\/#\/schema\/person\/63f5d9084c529771425e563e055e9753\",\"name\":\"Associaci\u00f3 ARA I SEMPRE\",\"image\":{\"@type\":\"ImageObject\",\"inLanguage\":\"ca\",\"@id\":\"https:\/\/araisemprecultura.cat\/#\/schema\/person\/image\/\",\"url\":\"https:\/\/secure.gravatar.com\/avatar\/79119cae4235670f2cf10d32f7e31d7e8ddcdc1f4fa0a59abe7d167411092c01?s=96&r=g\",\"contentUrl\":\"https:\/\/secure.gravatar.com\/avatar\/79119cae4235670f2cf10d32f7e31d7e8ddcdc1f4fa0a59abe7d167411092c01?s=96&r=g\",\"caption\":\"Associaci\u00f3 ARA I SEMPRE\"},\"url\":\"https:\/\/araisemprecultura.cat\/index.php\/author\/araisempre\/\"}]}<\/script>\n<!-- \/ Yoast SEO plugin. -->","yoast_head_json":{"title":"Ball Folk - Festa Major de Barber\u00e0 del Vall\u00e8s 2025 - ARA I SEMPRE","robots":{"index":"index","follow":"follow","max-snippet":"max-snippet:-1","max-image-preview":"max-image-preview:large","max-video-preview":"max-video-preview:-1"},"canonical":"https:\/\/araisemprecultura.cat\/index.php\/ball-folk-festa-major-de-barbera-del-valles-2025\/noticies\/araisempre\/","og_locale":"ca_ES","og_type":"article","og_title":"Ball Folk - Festa Major de Barber\u00e0 del Vall\u00e8s 2025 - ARA I SEMPRE","og_description":"Avui dimecres, ARA I SEMPRE ha donat el tret de sortida als actes de Festa Major de Barber\u00e0 del Vall\u00e8s amb la segona edici\u00f3 del Ball Folk previ a la recepci\u00f3 de Festa Major organitzada per l\u2019Ajuntament. Tot i la calor, res ha evitat dibuixar somriures a les persones que han participat i\/o gaudir de [&hellip;]","og_url":"https:\/\/araisemprecultura.cat\/index.php\/ball-folk-festa-major-de-barbera-del-valles-2025\/noticies\/araisempre\/","og_site_name":"ARA I SEMPRE","article_published_time":"2025-07-02T22:27:48+00:00","article_modified_time":"2025-11-16T09:34:20+00:00","og_image":[{"width":1080,"height":720,"url":"https:\/\/araisemprecultura.cat\/wp-content\/uploads\/2025\/07\/Ahir-dimecres-ARA-I-SEMPRE-va-donar-el-tret-de-sortida-als-actes-de-Festa-Major-de-Barbera-del-.jpg","type":"image\/jpeg"}],"author":"Associaci\u00f3 ARA I SEMPRE","twitter_card":"summary_large_image","twitter_misc":{"Escrit per":"Associaci\u00f3 ARA I SEMPRE","Temps estimat de lectura":"4 minuts"},"schema":{"@context":"https:\/\/schema.org","@graph":[{"@type":"Article","@id":"https:\/\/araisemprecultura.cat\/index.php\/ball-folk-festa-major-de-barbera-del-valles-2025\/noticies\/araisempre\/#article","isPartOf":{"@id":"https:\/\/araisemprecultura.cat\/index.php\/ball-folk-festa-major-de-barbera-del-valles-2025\/noticies\/araisempre\/"},"author":{"name":"Associaci\u00f3 ARA I SEMPRE","@id":"https:\/\/araisemprecultura.cat\/#\/schema\/person\/63f5d9084c529771425e563e055e9753"},"headline":"Ball Folk &#8211; Festa Major de Barber\u00e0 del Vall\u00e8s 2025","datePublished":"2025-07-02T22:27:48+00:00","dateModified":"2025-11-16T09:34:20+00:00","mainEntityOfPage":{"@id":"https:\/\/araisemprecultura.cat\/index.php\/ball-folk-festa-major-de-barbera-del-valles-2025\/noticies\/araisempre\/"},"wordCount":86,"publisher":{"@id":"https:\/\/araisemprecultura.cat\/#organization"},"articleSection":["Not\u00edcies"],"inLanguage":"ca"},{"@type":"WebPage","@id":"https:\/\/araisemprecultura.cat\/index.php\/ball-folk-festa-major-de-barbera-del-valles-2025\/noticies\/araisempre\/","url":"https:\/\/araisemprecultura.cat\/index.php\/ball-folk-festa-major-de-barbera-del-valles-2025\/noticies\/araisempre\/","name":"Ball Folk - Festa Major de Barber\u00e0 del Vall\u00e8s 2025 - ARA I SEMPRE","isPartOf":{"@id":"https:\/\/araisemprecultura.cat\/#website"},"datePublished":"2025-07-02T22:27:48+00:00","dateModified":"2025-11-16T09:34:20+00:00","breadcrumb":{"@id":"https:\/\/araisemprecultura.cat\/index.php\/ball-folk-festa-major-de-barbera-del-valles-2025\/noticies\/araisempre\/#breadcrumb"},"inLanguage":"ca","potentialAction":[{"@type":"ReadAction","target":["https:\/\/araisemprecultura.cat\/index.php\/ball-folk-festa-major-de-barbera-del-valles-2025\/noticies\/araisempre\/"]}]},{"@type":"BreadcrumbList","@id":"https:\/\/araisemprecultura.cat\/index.php\/ball-folk-festa-major-de-barbera-del-valles-2025\/noticies\/araisempre\/#breadcrumb","itemListElement":[{"@type":"ListItem","position":1,"name":"Inici","item":"https:\/\/araisemprecultura.cat\/"},{"@type":"ListItem","position":2,"name":"Ball Folk &#8211; Festa Major de Barber\u00e0 del Vall\u00e8s 2025"}]},{"@type":"WebSite","@id":"https:\/\/araisemprecultura.cat\/#website","url":"https:\/\/araisemprecultura.cat\/","name":"ARA I SEMPRE","description":"","publisher":{"@id":"https:\/\/araisemprecultura.cat\/#organization"},"potentialAction":[{"@type":"SearchAction","target":{"@type":"EntryPoint","urlTemplate":"https:\/\/araisemprecultura.cat\/?s={search_term_string}"},"query-input":"required name=search_term_string"}],"inLanguage":"ca"},{"@type":"Organization","@id":"https:\/\/araisemprecultura.cat\/#organization","name":"ARA I SEMPRE","url":"https:\/\/araisemprecultura.cat\/","logo":{"@type":"ImageObject","inLanguage":"ca","@id":"https:\/\/araisemprecultura.cat\/#\/schema\/logo\/image\/","url":"https:\/\/araisemprecultura.cat\/wp-content\/uploads\/2022\/02\/Disseny-imatge-ara-i-sempre-161.png","contentUrl":"https:\/\/araisemprecultura.cat\/wp-content\/uploads\/2022\/02\/Disseny-imatge-ara-i-sempre-161.png","width":"1962","height":"713","caption":"ARA I SEMPRE"},"image":{"@id":"https:\/\/araisemprecultura.cat\/#\/schema\/logo\/image\/"}},{"@type":"Person","@id":"https:\/\/araisemprecultura.cat\/#\/schema\/person\/63f5d9084c529771425e563e055e9753","name":"Associaci\u00f3 ARA I SEMPRE","image":{"@type":"ImageObject","inLanguage":"ca","@id":"https:\/\/araisemprecultura.cat\/#\/schema\/person\/image\/","url":"https:\/\/secure.gravatar.com\/avatar\/79119cae4235670f2cf10d32f7e31d7e8ddcdc1f4fa0a59abe7d167411092c01?s=96&r=g","contentUrl":"https:\/\/secure.gravatar.com\/avatar\/79119cae4235670f2cf10d32f7e31d7e8ddcdc1f4fa0a59abe7d167411092c01?s=96&r=g","caption":"Associaci\u00f3 ARA I SEMPRE"},"url":"https:\/\/araisemprecultura.cat\/index.php\/author\/araisempre\/"}]}},"_links":{"self":[{"href":"https:\/\/araisemprecultura.cat\/index.php\/wp-json\/wp\/v2\/posts\/7396","targetHints":{"allow":["GET"]}}],"collection":[{"href":"https:\/\/araisemprecultura.cat\/index.php\/wp-json\/wp\/v2\/posts"}],"about":[{"href":"https:\/\/araisemprecultura.cat\/index.php\/wp-json\/wp\/v2\/types\/post"}],"author":[{"embeddable":true,"href":"https:\/\/araisemprecultura.cat\/index.php\/wp-json\/wp\/v2\/users\/3"}],"replies":[{"embeddable":true,"href":"https:\/\/araisemprecultura.cat\/index.php\/wp-json\/wp\/v2\/comments?post=7396"}],"version-history":[{"count":4,"href":"https:\/\/araisemprecultura.cat\/index.php\/wp-json\/wp\/v2\/posts\/7396\/revisions"}],"predecessor-version":[{"id":7410,"href":"https:\/\/araisemprecultura.cat\/index.php\/wp-json\/wp\/v2\/posts\/7396\/revisions\/7410"}],"wp:featuredmedia":[{"embeddable":true,"href":"https:\/\/araisemprecultura.cat\/index.php\/wp-json\/wp\/v2\/media\/7407"}],"wp:attachment":[{"href":"https:\/\/araisemprecultura.cat\/index.php\/wp-json\/wp\/v2\/media?parent=7396"}],"wp:term":[{"taxonomy":"category","embeddable":true,"href":"https:\/\/araisemprecultura.cat\/index.php\/wp-json\/wp\/v2\/categories?post=7396"},{"taxonomy":"post_tag","embeddable":true,"href":"https:\/\/araisemprecultura.cat\/index.php\/wp-json\/wp\/v2\/tags?post=7396"}],"curies":[{"name":"wp","href":"https:\/\/api.w.org\/{rel}","templated":true}]}}