{"id":7314,"date":"2025-11-04T18:16:41","date_gmt":"2025-11-04T18:16:41","guid":{"rendered":"https:\/\/araisemprecultura.cat\/?p=7314"},"modified":"2025-11-04T18:24:22","modified_gmt":"2025-11-04T18:24:22","slug":"somriures-bastons-i-cultura-aixi-vam-viure-la-50a-trobada-nacional-de-ball-de-bastons-de-catalunya","status":"publish","type":"post","link":"https:\/\/araisemprecultura.cat\/index.php\/somriures-bastons-i-cultura-aixi-vam-viure-la-50a-trobada-nacional-de-ball-de-bastons-de-catalunya\/noticies\/araisempre\/","title":{"rendered":"Somriures, bastons i cultura: aix\u00ed vam viure la 50a Trobada Nacional de Ball de Bastons de Catalunya"},"content":{"rendered":"\t\t<div data-elementor-type=\"wp-post\" data-elementor-id=\"7314\" class=\"elementor elementor-7314\">\n\t\t\t\t\t\t<section class=\"elementor-section elementor-top-section elementor-element elementor-element-4566b714 elementor-section-boxed elementor-section-height-default elementor-section-height-default\" data-id=\"4566b714\" data-element_type=\"section\" data-settings=\"{&quot;_ha_eqh_enable&quot;:false}\">\n\t\t\t\t\t\t<div class=\"elementor-container elementor-column-gap-default\">\n\t\t\t\t\t<div class=\"elementor-column elementor-col-100 elementor-top-column elementor-element elementor-element-4a5f4662\" data-id=\"4a5f4662\" data-element_type=\"column\">\n\t\t\t<div class=\"elementor-widget-wrap elementor-element-populated\">\n\t\t\t\t\t\t<div class=\"elementor-element elementor-element-28aa1c1b elementor-widget elementor-widget-text-editor\" data-id=\"28aa1c1b\" data-element_type=\"widget\" data-widget_type=\"text-editor.default\">\n\t\t\t\t<div class=\"elementor-widget-container\">\n\t\t\t<style>\/*! elementor - v3.21.0 - 18-04-2024 *\/\n.elementor-widget-text-editor.elementor-drop-cap-view-stacked .elementor-drop-cap{background-color:#69727d;color:#fff}.elementor-widget-text-editor.elementor-drop-cap-view-framed .elementor-drop-cap{color:#69727d;border:3px solid;background-color:transparent}.elementor-widget-text-editor:not(.elementor-drop-cap-view-default) .elementor-drop-cap{margin-top:8px}.elementor-widget-text-editor:not(.elementor-drop-cap-view-default) .elementor-drop-cap-letter{width:1em;height:1em}.elementor-widget-text-editor .elementor-drop-cap{float:left;text-align:center;line-height:1;font-size:50px}.elementor-widget-text-editor .elementor-drop-cap-letter{display:inline-block}<\/style>\t\t\t\t<p style=\"text-align: justify;\" data-start=\"211\" data-end=\"255\"><strong data-start=\"213\" data-end=\"251\">4 DE NOVEMBRE. UN DIA PER RECORDAR<\/strong><\/p><p style=\"text-align: justify;\" data-start=\"257\" data-end=\"720\">Avui tenim una d\u2019aquelles not\u00edcies que ens fan tremolar d\u2019emoci\u00f3. Aquest mat\u00ed s\u2019ha fet p\u00fablic que <strong data-start=\"357\" data-end=\"409\">ARA I SEMPRE \u00e9s finalista a \u201cFederaci\u00f3 de l\u2019Any\u201d<\/strong> dins la <strong data-start=\"418\" data-end=\"437\">8a Gala ADIFOLK<\/strong>, que se celebrar\u00e0 el <strong data-start=\"459\" data-end=\"491\">22 de novembre a Campdev\u00e0nol<\/strong>. Un reconeixement que ens <strong data-start=\"520\" data-end=\"551\">omple d\u2019il\u00b7lusi\u00f3 i d\u2019orgull<\/strong>, perqu\u00e8 darrere d\u2019aquest nom hi ha un projecte que representa molt\u00edssim, que no ha deixat de cr\u00e9ixer, de creure i de fer cr\u00e9ixer la cultura popular arreu del pa\u00eds.\u00a0<\/p><p><strong data-start=\"730\" data-end=\"770\">En el darrer any, ARA I SEMPRE ha&#8230;<\/strong><\/p><ul><li>Portat <strong data-start=\"783\" data-end=\"810\">dues Trobades Nacionals<\/strong> de cultura popular a Montserrat, en el marc del seu mil\u00b7lenari.<\/li><li>Assolit <strong data-start=\"888\" data-end=\"912\">dos r\u00e8cords mundials<\/strong>: 25 hores ballant sense parar i 6.600 repeticions del mateix ball!<\/li><li>Organitzat la <strong data-start=\"999\" data-end=\"1055\">50a Trobada Nacional de Ball de Bastons de Catalunya<\/strong> a Barber\u00e0 del Vall\u00e8s.<\/li><li>Presentat un <strong data-start=\"1096\" data-end=\"1118\">joc de taula propi<\/strong>, amb la cultura popular com a eix principal.<\/li><li>Creat <strong data-start=\"1176\" data-end=\"1200\">exposicions f\u00edsiques<\/strong> i una <strong data-start=\"1207\" data-end=\"1225\">mostra virtual<\/strong> en creixement constant sobre les danses implicades en les trobades nacionals.<\/li><li>Dif\u00f3s la cultura popular amb <strong data-start=\"1338\" data-end=\"1370\">desenes i desenes de tallers<\/strong> arreu de Catalunya, ajudant a fer n\u00e9ixer noves colles com el <strong data-start=\"1432\" data-end=\"1465\">Ball de Bastons de La Garriga<\/strong>, la <strong data-start=\"1470\" data-end=\"1503\">Colla Bastonera de la Verneda<\/strong> o el <strong data-start=\"1509\" data-end=\"1543\">Ball de la Sega \u2013 ARA I SEMPRE<\/strong>.<\/li><\/ul><p><strong data-start=\"1556\" data-end=\"1589\">PER\u00d2 AVUI \u00c9S 4 DE NOVEMBRE&#8230;<\/strong><\/p><p style=\"text-align: justify;\" data-start=\"1593\" data-end=\"1821\">I fa <strong data-start=\"1598\" data-end=\"1613\">just un mes<\/strong>, el <strong data-start=\"1618\" data-end=\"1633\">4 d\u2019octubre<\/strong>, viv\u00edem un dia inoblidable:<\/p><p style=\"text-align: justify;\" data-start=\"1593\" data-end=\"1821\">La <strong data-start=\"1669\" data-end=\"1725\">50a Trobada Nacional de Ball de Bastons de Catalunya<\/strong>, a <strong data-start=\"1729\" data-end=\"1751\">Barber\u00e0 del Vall\u00e8s<\/strong>, organitzada per la <strong data-start=\"1772\" data-end=\"1819\">Colla Bastonera Les Romanes &#8211; ARA I SEMPRE! <\/strong>Milers de somriures, emocions compartides, m\u00fasica, colors, bastons i amistat van omplir els carrers d\u2019una ciutat que va bategar amb la cultura popular com mai. Aquell dia vam comprovar, una vegada m\u00e9s, que <strong data-start=\"2031\" data-end=\"2132\">no hi ha millor regal que un somriure sincer dibuixat gr\u00e0cies -o a trav\u00e9s- de la cultura popular.<\/strong><\/p><p style=\"text-align: justify;\" data-start=\"2136\" data-end=\"2321\">Per aix\u00f2 treballem. Per <strong data-start=\"2162\" data-end=\"2219\">una cultura popular inclusiva, viva i transformadora. <\/strong>Per una cultura que <strong data-start=\"2242\" data-end=\"2267\">no deixi ning\u00fa enrere<\/strong> i que ens ajudi a <strong data-start=\"2286\" data-end=\"2314\">construir un m\u00f3n millor.<\/strong>\u00a0<\/p><p style=\"text-align: justify;\" data-start=\"2328\" data-end=\"2369\">\ud83c\udfa5 <strong data-start=\"2331\" data-end=\"2364\">AVUI PRESENTEM EL V\u00cdDEO RESUM<\/strong> \ud83c\udfa5<\/p><p style=\"text-align: justify;\" data-start=\"2371\" data-end=\"2573\">Amb tota la m\u00e0gia, la intensitat i l\u2019alegria d\u2019aquell dia. Un gran v\u00eddeo que recull <strong data-start=\"2457\" data-end=\"2490\">l\u2019ess\u00e8ncia d&#8217;una gran trobada<\/strong> i el batec de les <strong data-start=\"2509\" data-end=\"2543\">gaireb\u00e9 70 colles participants<\/strong> i totes les seves fam\u00edlies.<\/p><ul><li style=\"text-align: justify;\" data-start=\"2371\" data-end=\"2573\">Imatges enregistrades per <strong data-start=\"2605\" data-end=\"2622\">@mpmfilmmaker<\/strong><\/li><li style=\"text-align: justify;\" data-start=\"2371\" data-end=\"2573\">Edici\u00f3 a c\u00e0rrec de <strong data-start=\"2647\" data-end=\"2661\">@marcgrifo<\/strong><\/li><li style=\"text-align: justify;\" data-start=\"2371\" data-end=\"2573\">Amb un conjunt de can\u00e7ons que representen el nostre projecte: <strong data-start=\"2729\" data-end=\"2779\">la Colla Bastonera Les Romanes &#8211; ARA I SEMPRE.<\/strong><\/li><\/ul><p style=\"text-align: justify;\" data-start=\"2371\" data-end=\"2573\"><strong data-start=\"2790\" data-end=\"2853\">Gr\u00e0cies a totes les persones que ho feu possible, cada dia. <\/strong><strong data-start=\"2856\" data-end=\"2910\">Gr\u00e0cies de tot cor. VISCA LA CULTURA POPULAR! <\/strong><strong data-start=\"2913\" data-end=\"2930\">ARA I SEMPRE!<\/strong><\/p>\t\t\t\t\t\t<\/div>\n\t\t\t\t<\/div>\n\t\t\t\t<div class=\"elementor-element elementor-element-e853603 elementor-widget elementor-widget-video\" data-id=\"e853603\" data-element_type=\"widget\" data-settings=\"{&quot;youtube_url&quot;:&quot;https:\\\/\\\/youtu.be\\\/pRsT-Ghakwk&quot;,&quot;autoplay&quot;:&quot;yes&quot;,&quot;video_type&quot;:&quot;youtube&quot;,&quot;controls&quot;:&quot;yes&quot;}\" data-widget_type=\"video.default\">\n\t\t\t\t<div class=\"elementor-widget-container\">\n\t\t\t<style>\/*! elementor - v3.21.0 - 18-04-2024 *\/\n.elementor-widget-video .elementor-widget-container{overflow:hidden;transform:translateZ(0)}.elementor-widget-video .elementor-wrapper{aspect-ratio:var(--video-aspect-ratio)}.elementor-widget-video .elementor-wrapper iframe,.elementor-widget-video .elementor-wrapper video{height:100%;width:100%;display:flex;border:none;background-color:#000}@supports not (aspect-ratio:1\/1){.elementor-widget-video .elementor-wrapper{position:relative;overflow:hidden;height:0;padding-bottom:calc(100% \/ var(--video-aspect-ratio))}.elementor-widget-video .elementor-wrapper iframe,.elementor-widget-video .elementor-wrapper video{position:absolute;top:0;right:0;bottom:0;left:0}}.elementor-widget-video .elementor-open-inline .elementor-custom-embed-image-overlay{position:absolute;top:0;right:0;bottom:0;left:0;background-size:cover;background-position:50%}.elementor-widget-video .elementor-custom-embed-image-overlay{cursor:pointer;text-align:center}.elementor-widget-video .elementor-custom-embed-image-overlay:hover .elementor-custom-embed-play i{opacity:1}.elementor-widget-video .elementor-custom-embed-image-overlay img{display:block;width:100%;aspect-ratio:var(--video-aspect-ratio);-o-object-fit:cover;object-fit:cover;-o-object-position:center center;object-position:center center}@supports not (aspect-ratio:1\/1){.elementor-widget-video .elementor-custom-embed-image-overlay{position:relative;overflow:hidden;height:0;padding-bottom:calc(100% \/ var(--video-aspect-ratio))}.elementor-widget-video .elementor-custom-embed-image-overlay img{position:absolute;top:0;right:0;bottom:0;left:0}}.elementor-widget-video .e-hosted-video .elementor-video{-o-object-fit:cover;object-fit:cover}.e-con-inner>.elementor-widget-video,.e-con>.elementor-widget-video{width:var(--container-widget-width);--flex-grow:var(--container-widget-flex-grow)}<\/style>\t\t<div class=\"elementor-wrapper elementor-open-inline\">\n\t\t\t<div class=\"elementor-video\"><\/div>\t\t<\/div>\n\t\t\t\t<\/div>\n\t\t\t\t<\/div>\n\t\t\t\t\t<\/div>\n\t\t<\/div>\n\t\t\t\t\t<\/div>\n\t\t<\/section>\n\t\t\t\t<\/div>\n\t\t","protected":false},"excerpt":{"rendered":"<p>4 DE NOVEMBRE. UN DIA PER RECORDAR Avui tenim una d\u2019aquelles not\u00edcies que ens fan tremolar d\u2019emoci\u00f3. Aquest mat\u00ed s\u2019ha fet p\u00fablic que ARA I SEMPRE \u00e9s finalista a \u201cFederaci\u00f3 de l\u2019Any\u201d dins la 8a Gala ADIFOLK, que se celebrar\u00e0 el 22 de novembre a Campdev\u00e0nol. Un reconeixement que ens omple d\u2019il\u00b7lusi\u00f3 i d\u2019orgull, perqu\u00e8 [&hellip;]<\/p>\n","protected":false},"author":3,"featured_media":7316,"comment_status":"closed","ping_status":"closed","sticky":false,"template":"","format":"standard","meta":{"_acf_changed":false,"footnotes":""},"categories":[7,17,1],"tags":[],"class_list":["post-7314","post","type-post","status-publish","format-standard","has-post-thumbnail","hentry","category-ball-de-bastons","category-noticia-destacada","category-noticies"],"acf":[],"yoast_head":"<!-- This site is optimized with the Yoast SEO plugin v21.8 - https:\/\/yoast.com\/wordpress\/plugins\/seo\/ -->\n<title>Somriures, bastons i cultura: aix\u00ed vam viure la 50a Trobada Nacional de Ball de Bastons de Catalunya - ARA I SEMPRE<\/title>\n<meta name=\"robots\" content=\"index, follow, max-snippet:-1, max-image-preview:large, max-video-preview:-1\" \/>\n<link rel=\"canonical\" href=\"https:\/\/araisemprecultura.cat\/index.php\/somriures-bastons-i-cultura-aixi-vam-viure-la-50a-trobada-nacional-de-ball-de-bastons-de-catalunya\/noticies\/araisempre\/\" \/>\n<meta property=\"og:locale\" content=\"ca_ES\" \/>\n<meta property=\"og:type\" content=\"article\" \/>\n<meta property=\"og:title\" content=\"Somriures, bastons i cultura: aix\u00ed vam viure la 50a Trobada Nacional de Ball de Bastons de Catalunya - ARA I SEMPRE\" \/>\n<meta property=\"og:description\" content=\"4 DE NOVEMBRE. UN DIA PER RECORDAR Avui tenim una d\u2019aquelles not\u00edcies que ens fan tremolar d\u2019emoci\u00f3. Aquest mat\u00ed s\u2019ha fet p\u00fablic que ARA I SEMPRE \u00e9s finalista a \u201cFederaci\u00f3 de l\u2019Any\u201d dins la 8a Gala ADIFOLK, que se celebrar\u00e0 el 22 de novembre a Campdev\u00e0nol. Un reconeixement que ens omple d\u2019il\u00b7lusi\u00f3 i d\u2019orgull, perqu\u00e8 [&hellip;]\" \/>\n<meta property=\"og:url\" content=\"https:\/\/araisemprecultura.cat\/index.php\/somriures-bastons-i-cultura-aixi-vam-viure-la-50a-trobada-nacional-de-ball-de-bastons-de-catalunya\/noticies\/araisempre\/\" \/>\n<meta property=\"og:site_name\" content=\"ARA I SEMPRE\" \/>\n<meta property=\"article:published_time\" content=\"2025-11-04T18:16:41+00:00\" \/>\n<meta property=\"article:modified_time\" content=\"2025-11-04T18:24:22+00:00\" \/>\n<meta property=\"og:image\" content=\"https:\/\/araisemprecultura.cat\/wp-content\/uploads\/2025\/11\/2025_10_04_trobada_50_nacional_bastonera_ara_sempre_barbera_DSC4814-scaled.jpg\" \/>\n\t<meta property=\"og:image:width\" content=\"2560\" \/>\n\t<meta property=\"og:image:height\" content=\"1707\" \/>\n\t<meta property=\"og:image:type\" content=\"image\/jpeg\" \/>\n<meta name=\"author\" content=\"Associaci\u00f3 ARA I SEMPRE\" \/>\n<meta name=\"twitter:card\" content=\"summary_large_image\" \/>\n<meta name=\"twitter:label1\" content=\"Escrit per\" \/>\n\t<meta name=\"twitter:data1\" content=\"Associaci\u00f3 ARA I SEMPRE\" \/>\n\t<meta name=\"twitter:label2\" content=\"Temps estimat de lectura\" \/>\n\t<meta name=\"twitter:data2\" content=\"3 minuts\" \/>\n<script type=\"application\/ld+json\" class=\"yoast-schema-graph\">{\"@context\":\"https:\/\/schema.org\",\"@graph\":[{\"@type\":\"Article\",\"@id\":\"https:\/\/araisemprecultura.cat\/index.php\/somriures-bastons-i-cultura-aixi-vam-viure-la-50a-trobada-nacional-de-ball-de-bastons-de-catalunya\/noticies\/araisempre\/#article\",\"isPartOf\":{\"@id\":\"https:\/\/araisemprecultura.cat\/index.php\/somriures-bastons-i-cultura-aixi-vam-viure-la-50a-trobada-nacional-de-ball-de-bastons-de-catalunya\/noticies\/araisempre\/\"},\"author\":{\"name\":\"Associaci\u00f3 ARA I SEMPRE\",\"@id\":\"https:\/\/araisemprecultura.cat\/#\/schema\/person\/63f5d9084c529771425e563e055e9753\"},\"headline\":\"Somriures, bastons i cultura: aix\u00ed vam viure la 50a Trobada Nacional de Ball de Bastons de Catalunya\",\"datePublished\":\"2025-11-04T18:16:41+00:00\",\"dateModified\":\"2025-11-04T18:24:22+00:00\",\"mainEntityOfPage\":{\"@id\":\"https:\/\/araisemprecultura.cat\/index.php\/somriures-bastons-i-cultura-aixi-vam-viure-la-50a-trobada-nacional-de-ball-de-bastons-de-catalunya\/noticies\/araisempre\/\"},\"wordCount\":476,\"publisher\":{\"@id\":\"https:\/\/araisemprecultura.cat\/#organization\"},\"articleSection\":[\"Ball de Bastons\",\"NOT\u00cdCIA DESTACADA\",\"Not\u00edcies\"],\"inLanguage\":\"ca\"},{\"@type\":\"WebPage\",\"@id\":\"https:\/\/araisemprecultura.cat\/index.php\/somriures-bastons-i-cultura-aixi-vam-viure-la-50a-trobada-nacional-de-ball-de-bastons-de-catalunya\/noticies\/araisempre\/\",\"url\":\"https:\/\/araisemprecultura.cat\/index.php\/somriures-bastons-i-cultura-aixi-vam-viure-la-50a-trobada-nacional-de-ball-de-bastons-de-catalunya\/noticies\/araisempre\/\",\"name\":\"Somriures, bastons i cultura: aix\u00ed vam viure la 50a Trobada Nacional de Ball de Bastons de Catalunya - ARA I SEMPRE\",\"isPartOf\":{\"@id\":\"https:\/\/araisemprecultura.cat\/#website\"},\"datePublished\":\"2025-11-04T18:16:41+00:00\",\"dateModified\":\"2025-11-04T18:24:22+00:00\",\"breadcrumb\":{\"@id\":\"https:\/\/araisemprecultura.cat\/index.php\/somriures-bastons-i-cultura-aixi-vam-viure-la-50a-trobada-nacional-de-ball-de-bastons-de-catalunya\/noticies\/araisempre\/#breadcrumb\"},\"inLanguage\":\"ca\",\"potentialAction\":[{\"@type\":\"ReadAction\",\"target\":[\"https:\/\/araisemprecultura.cat\/index.php\/somriures-bastons-i-cultura-aixi-vam-viure-la-50a-trobada-nacional-de-ball-de-bastons-de-catalunya\/noticies\/araisempre\/\"]}]},{\"@type\":\"BreadcrumbList\",\"@id\":\"https:\/\/araisemprecultura.cat\/index.php\/somriures-bastons-i-cultura-aixi-vam-viure-la-50a-trobada-nacional-de-ball-de-bastons-de-catalunya\/noticies\/araisempre\/#breadcrumb\",\"itemListElement\":[{\"@type\":\"ListItem\",\"position\":1,\"name\":\"Inici\",\"item\":\"https:\/\/araisemprecultura.cat\/\"},{\"@type\":\"ListItem\",\"position\":2,\"name\":\"Somriures, bastons i cultura: aix\u00ed vam viure la 50a Trobada Nacional de Ball de Bastons de Catalunya\"}]},{\"@type\":\"WebSite\",\"@id\":\"https:\/\/araisemprecultura.cat\/#website\",\"url\":\"https:\/\/araisemprecultura.cat\/\",\"name\":\"ARA I SEMPRE\",\"description\":\"\",\"publisher\":{\"@id\":\"https:\/\/araisemprecultura.cat\/#organization\"},\"potentialAction\":[{\"@type\":\"SearchAction\",\"target\":{\"@type\":\"EntryPoint\",\"urlTemplate\":\"https:\/\/araisemprecultura.cat\/?s={search_term_string}\"},\"query-input\":\"required name=search_term_string\"}],\"inLanguage\":\"ca\"},{\"@type\":\"Organization\",\"@id\":\"https:\/\/araisemprecultura.cat\/#organization\",\"name\":\"ARA I SEMPRE\",\"url\":\"https:\/\/araisemprecultura.cat\/\",\"logo\":{\"@type\":\"ImageObject\",\"inLanguage\":\"ca\",\"@id\":\"https:\/\/araisemprecultura.cat\/#\/schema\/logo\/image\/\",\"url\":\"https:\/\/araisemprecultura.cat\/wp-content\/uploads\/2022\/02\/Disseny-imatge-ara-i-sempre-161.png\",\"contentUrl\":\"https:\/\/araisemprecultura.cat\/wp-content\/uploads\/2022\/02\/Disseny-imatge-ara-i-sempre-161.png\",\"width\":\"1962\",\"height\":\"713\",\"caption\":\"ARA I SEMPRE\"},\"image\":{\"@id\":\"https:\/\/araisemprecultura.cat\/#\/schema\/logo\/image\/\"}},{\"@type\":\"Person\",\"@id\":\"https:\/\/araisemprecultura.cat\/#\/schema\/person\/63f5d9084c529771425e563e055e9753\",\"name\":\"Associaci\u00f3 ARA I SEMPRE\",\"image\":{\"@type\":\"ImageObject\",\"inLanguage\":\"ca\",\"@id\":\"https:\/\/araisemprecultura.cat\/#\/schema\/person\/image\/\",\"url\":\"https:\/\/secure.gravatar.com\/avatar\/79119cae4235670f2cf10d32f7e31d7e8ddcdc1f4fa0a59abe7d167411092c01?s=96&r=g\",\"contentUrl\":\"https:\/\/secure.gravatar.com\/avatar\/79119cae4235670f2cf10d32f7e31d7e8ddcdc1f4fa0a59abe7d167411092c01?s=96&r=g\",\"caption\":\"Associaci\u00f3 ARA I SEMPRE\"},\"url\":\"https:\/\/araisemprecultura.cat\/index.php\/author\/araisempre\/\"}]}<\/script>\n<!-- \/ Yoast SEO plugin. -->","yoast_head_json":{"title":"Somriures, bastons i cultura: aix\u00ed vam viure la 50a Trobada Nacional de Ball de Bastons de Catalunya - ARA I SEMPRE","robots":{"index":"index","follow":"follow","max-snippet":"max-snippet:-1","max-image-preview":"max-image-preview:large","max-video-preview":"max-video-preview:-1"},"canonical":"https:\/\/araisemprecultura.cat\/index.php\/somriures-bastons-i-cultura-aixi-vam-viure-la-50a-trobada-nacional-de-ball-de-bastons-de-catalunya\/noticies\/araisempre\/","og_locale":"ca_ES","og_type":"article","og_title":"Somriures, bastons i cultura: aix\u00ed vam viure la 50a Trobada Nacional de Ball de Bastons de Catalunya - ARA I SEMPRE","og_description":"4 DE NOVEMBRE. UN DIA PER RECORDAR Avui tenim una d\u2019aquelles not\u00edcies que ens fan tremolar d\u2019emoci\u00f3. Aquest mat\u00ed s\u2019ha fet p\u00fablic que ARA I SEMPRE \u00e9s finalista a \u201cFederaci\u00f3 de l\u2019Any\u201d dins la 8a Gala ADIFOLK, que se celebrar\u00e0 el 22 de novembre a Campdev\u00e0nol. Un reconeixement que ens omple d\u2019il\u00b7lusi\u00f3 i d\u2019orgull, perqu\u00e8 [&hellip;]","og_url":"https:\/\/araisemprecultura.cat\/index.php\/somriures-bastons-i-cultura-aixi-vam-viure-la-50a-trobada-nacional-de-ball-de-bastons-de-catalunya\/noticies\/araisempre\/","og_site_name":"ARA I SEMPRE","article_published_time":"2025-11-04T18:16:41+00:00","article_modified_time":"2025-11-04T18:24:22+00:00","og_image":[{"width":2560,"height":1707,"url":"https:\/\/araisemprecultura.cat\/wp-content\/uploads\/2025\/11\/2025_10_04_trobada_50_nacional_bastonera_ara_sempre_barbera_DSC4814-scaled.jpg","type":"image\/jpeg"}],"author":"Associaci\u00f3 ARA I SEMPRE","twitter_card":"summary_large_image","twitter_misc":{"Escrit per":"Associaci\u00f3 ARA I SEMPRE","Temps estimat de lectura":"3 minuts"},"schema":{"@context":"https:\/\/schema.org","@graph":[{"@type":"Article","@id":"https:\/\/araisemprecultura.cat\/index.php\/somriures-bastons-i-cultura-aixi-vam-viure-la-50a-trobada-nacional-de-ball-de-bastons-de-catalunya\/noticies\/araisempre\/#article","isPartOf":{"@id":"https:\/\/araisemprecultura.cat\/index.php\/somriures-bastons-i-cultura-aixi-vam-viure-la-50a-trobada-nacional-de-ball-de-bastons-de-catalunya\/noticies\/araisempre\/"},"author":{"name":"Associaci\u00f3 ARA I SEMPRE","@id":"https:\/\/araisemprecultura.cat\/#\/schema\/person\/63f5d9084c529771425e563e055e9753"},"headline":"Somriures, bastons i cultura: aix\u00ed vam viure la 50a Trobada Nacional de Ball de Bastons de Catalunya","datePublished":"2025-11-04T18:16:41+00:00","dateModified":"2025-11-04T18:24:22+00:00","mainEntityOfPage":{"@id":"https:\/\/araisemprecultura.cat\/index.php\/somriures-bastons-i-cultura-aixi-vam-viure-la-50a-trobada-nacional-de-ball-de-bastons-de-catalunya\/noticies\/araisempre\/"},"wordCount":476,"publisher":{"@id":"https:\/\/araisemprecultura.cat\/#organization"},"articleSection":["Ball de Bastons","NOT\u00cdCIA DESTACADA","Not\u00edcies"],"inLanguage":"ca"},{"@type":"WebPage","@id":"https:\/\/araisemprecultura.cat\/index.php\/somriures-bastons-i-cultura-aixi-vam-viure-la-50a-trobada-nacional-de-ball-de-bastons-de-catalunya\/noticies\/araisempre\/","url":"https:\/\/araisemprecultura.cat\/index.php\/somriures-bastons-i-cultura-aixi-vam-viure-la-50a-trobada-nacional-de-ball-de-bastons-de-catalunya\/noticies\/araisempre\/","name":"Somriures, bastons i cultura: aix\u00ed vam viure la 50a Trobada Nacional de Ball de Bastons de Catalunya - ARA I SEMPRE","isPartOf":{"@id":"https:\/\/araisemprecultura.cat\/#website"},"datePublished":"2025-11-04T18:16:41+00:00","dateModified":"2025-11-04T18:24:22+00:00","breadcrumb":{"@id":"https:\/\/araisemprecultura.cat\/index.php\/somriures-bastons-i-cultura-aixi-vam-viure-la-50a-trobada-nacional-de-ball-de-bastons-de-catalunya\/noticies\/araisempre\/#breadcrumb"},"inLanguage":"ca","potentialAction":[{"@type":"ReadAction","target":["https:\/\/araisemprecultura.cat\/index.php\/somriures-bastons-i-cultura-aixi-vam-viure-la-50a-trobada-nacional-de-ball-de-bastons-de-catalunya\/noticies\/araisempre\/"]}]},{"@type":"BreadcrumbList","@id":"https:\/\/araisemprecultura.cat\/index.php\/somriures-bastons-i-cultura-aixi-vam-viure-la-50a-trobada-nacional-de-ball-de-bastons-de-catalunya\/noticies\/araisempre\/#breadcrumb","itemListElement":[{"@type":"ListItem","position":1,"name":"Inici","item":"https:\/\/araisemprecultura.cat\/"},{"@type":"ListItem","position":2,"name":"Somriures, bastons i cultura: aix\u00ed vam viure la 50a Trobada Nacional de Ball de Bastons de Catalunya"}]},{"@type":"WebSite","@id":"https:\/\/araisemprecultura.cat\/#website","url":"https:\/\/araisemprecultura.cat\/","name":"ARA I SEMPRE","description":"","publisher":{"@id":"https:\/\/araisemprecultura.cat\/#organization"},"potentialAction":[{"@type":"SearchAction","target":{"@type":"EntryPoint","urlTemplate":"https:\/\/araisemprecultura.cat\/?s={search_term_string}"},"query-input":"required name=search_term_string"}],"inLanguage":"ca"},{"@type":"Organization","@id":"https:\/\/araisemprecultura.cat\/#organization","name":"ARA I SEMPRE","url":"https:\/\/araisemprecultura.cat\/","logo":{"@type":"ImageObject","inLanguage":"ca","@id":"https:\/\/araisemprecultura.cat\/#\/schema\/logo\/image\/","url":"https:\/\/araisemprecultura.cat\/wp-content\/uploads\/2022\/02\/Disseny-imatge-ara-i-sempre-161.png","contentUrl":"https:\/\/araisemprecultura.cat\/wp-content\/uploads\/2022\/02\/Disseny-imatge-ara-i-sempre-161.png","width":"1962","height":"713","caption":"ARA I SEMPRE"},"image":{"@id":"https:\/\/araisemprecultura.cat\/#\/schema\/logo\/image\/"}},{"@type":"Person","@id":"https:\/\/araisemprecultura.cat\/#\/schema\/person\/63f5d9084c529771425e563e055e9753","name":"Associaci\u00f3 ARA I SEMPRE","image":{"@type":"ImageObject","inLanguage":"ca","@id":"https:\/\/araisemprecultura.cat\/#\/schema\/person\/image\/","url":"https:\/\/secure.gravatar.com\/avatar\/79119cae4235670f2cf10d32f7e31d7e8ddcdc1f4fa0a59abe7d167411092c01?s=96&r=g","contentUrl":"https:\/\/secure.gravatar.com\/avatar\/79119cae4235670f2cf10d32f7e31d7e8ddcdc1f4fa0a59abe7d167411092c01?s=96&r=g","caption":"Associaci\u00f3 ARA I SEMPRE"},"url":"https:\/\/araisemprecultura.cat\/index.php\/author\/araisempre\/"}]}},"_links":{"self":[{"href":"https:\/\/araisemprecultura.cat\/index.php\/wp-json\/wp\/v2\/posts\/7314","targetHints":{"allow":["GET"]}}],"collection":[{"href":"https:\/\/araisemprecultura.cat\/index.php\/wp-json\/wp\/v2\/posts"}],"about":[{"href":"https:\/\/araisemprecultura.cat\/index.php\/wp-json\/wp\/v2\/types\/post"}],"author":[{"embeddable":true,"href":"https:\/\/araisemprecultura.cat\/index.php\/wp-json\/wp\/v2\/users\/3"}],"replies":[{"embeddable":true,"href":"https:\/\/araisemprecultura.cat\/index.php\/wp-json\/wp\/v2\/comments?post=7314"}],"version-history":[{"count":4,"href":"https:\/\/araisemprecultura.cat\/index.php\/wp-json\/wp\/v2\/posts\/7314\/revisions"}],"predecessor-version":[{"id":7319,"href":"https:\/\/araisemprecultura.cat\/index.php\/wp-json\/wp\/v2\/posts\/7314\/revisions\/7319"}],"wp:featuredmedia":[{"embeddable":true,"href":"https:\/\/araisemprecultura.cat\/index.php\/wp-json\/wp\/v2\/media\/7316"}],"wp:attachment":[{"href":"https:\/\/araisemprecultura.cat\/index.php\/wp-json\/wp\/v2\/media?parent=7314"}],"wp:term":[{"taxonomy":"category","embeddable":true,"href":"https:\/\/araisemprecultura.cat\/index.php\/wp-json\/wp\/v2\/categories?post=7314"},{"taxonomy":"post_tag","embeddable":true,"href":"https:\/\/araisemprecultura.cat\/index.php\/wp-json\/wp\/v2\/tags?post=7314"}],"curies":[{"name":"wp","href":"https:\/\/api.w.org\/{rel}","templated":true}]}}