{"id":6653,"date":"2025-09-16T20:08:00","date_gmt":"2025-09-16T20:08:00","guid":{"rendered":"https:\/\/araisemprecultura.cat\/?p=6653"},"modified":"2025-09-16T20:09:28","modified_gmt":"2025-09-16T20:09:28","slug":"la-trobada-nacional-de-ball-de-bastons-al-bon-dia-barbera","status":"publish","type":"post","link":"https:\/\/araisemprecultura.cat\/index.php\/la-trobada-nacional-de-ball-de-bastons-al-bon-dia-barbera\/noticies\/araisempre\/","title":{"rendered":"La Trobada Nacional de Ball de Bastons al Bon dia, Barber\u00e0!"},"content":{"rendered":"\t\t<div data-elementor-type=\"wp-post\" data-elementor-id=\"6653\" class=\"elementor elementor-6653\">\n\t\t\t\t\t\t<section class=\"elementor-section elementor-top-section elementor-element elementor-element-4566b714 elementor-section-boxed elementor-section-height-default elementor-section-height-default\" data-id=\"4566b714\" data-element_type=\"section\" data-settings=\"{&quot;_ha_eqh_enable&quot;:false}\">\n\t\t\t\t\t\t<div class=\"elementor-container elementor-column-gap-default\">\n\t\t\t\t\t<div class=\"elementor-column elementor-col-100 elementor-top-column elementor-element elementor-element-4a5f4662\" data-id=\"4a5f4662\" data-element_type=\"column\">\n\t\t\t<div class=\"elementor-widget-wrap elementor-element-populated\">\n\t\t\t\t\t\t<div class=\"elementor-element elementor-element-28aa1c1b elementor-widget elementor-widget-text-editor\" data-id=\"28aa1c1b\" data-element_type=\"widget\" data-widget_type=\"text-editor.default\">\n\t\t\t\t<div class=\"elementor-widget-container\">\n\t\t\t<style>\/*! elementor - v3.21.0 - 18-04-2024 *\/\n.elementor-widget-text-editor.elementor-drop-cap-view-stacked .elementor-drop-cap{background-color:#69727d;color:#fff}.elementor-widget-text-editor.elementor-drop-cap-view-framed .elementor-drop-cap{color:#69727d;border:3px solid;background-color:transparent}.elementor-widget-text-editor:not(.elementor-drop-cap-view-default) .elementor-drop-cap{margin-top:8px}.elementor-widget-text-editor:not(.elementor-drop-cap-view-default) .elementor-drop-cap-letter{width:1em;height:1em}.elementor-widget-text-editor .elementor-drop-cap{float:left;text-align:center;line-height:1;font-size:50px}.elementor-widget-text-editor .elementor-drop-cap-letter{display:inline-block}<\/style>\t\t\t\t<p style=\"text-align: justify;\">La temporada passada, l&#8217;Adri\u00e0 s&#8217;hi va sumar al projecte Bon dia, Barber\u00e0! Un magaz\u00edn matinal amb informaci\u00f3 local, i continguts que van des de l\u2019actualitat generalista fins a l\u2019entreteniment, passant per les tert\u00falies, les entrevistes, els esports, la cultura, l\u2019humor. S&#8217;hi va sumar per col\u00b7laborar amb la secci\u00f3 mensual de cultura popular, tot fent repassada sobre la cultura popular del pa\u00eds, mirant de posar el focus d&#8217;atenci\u00f3 a totes aquelles propostes que porten ADN barberenc d&#8217;alguna forma o altra, a m\u00e9s de repassar festivitats nacionals, hist\u00f2ria i tradici\u00f3, curiositats, i un llarg etc\u00e8tera.<\/p><p style=\"text-align: justify;\">La secci\u00f3 de cultura popular d&#8217;aquest mes de setembre, encetant nova temporada, ha estat centrada principalment a parlar sobre la 50a Trobada Nacional de Ball de Bastons de Catalunya, la qual es dur\u00e0 a terme el dissabte 4 d&#8217;octubre de la m\u00e0 de la Colla Bastonera Les Romanes &#8211; ARA I SEMPRE. Us animem a escoltar el p\u00f2dcast d&#8217;aquest mes, aix\u00ed com la resta de p\u00f2dcasts de la temporada passada! Els podeu trobar a la p\u00e0gina web de l&#8217;ARA I SEMPRE, aix\u00ed com a la p\u00e0gina web de la R\u00e0dio Barber\u00e0! Esperem que us agradi i us transmeti aquesta il\u00b7lusi\u00f3 i m\u00e0gia que sempre mirem de compartir all\u00e0 on anem.<\/p><p style=\"text-align: justify;\">https:\/\/www.radiobarbera.cat\/programs\/bon-dia-barbera\/radiobarbera_podcast_6020?s=5194&ref=wa<\/p><p style=\"text-align: justify;\"><strong>VISCA LA CULTURA POPULAR I VISCA BARBER\u00c0 DEL VALL\u00c8S! ARA I SEMPRE!<\/strong><\/p>\t\t\t\t\t\t<\/div>\n\t\t\t\t<\/div>\n\t\t\t\t\t<\/div>\n\t\t<\/div>\n\t\t\t\t\t<\/div>\n\t\t<\/section>\n\t\t\t\t<\/div>\n\t\t","protected":false},"excerpt":{"rendered":"<p>La temporada passada, l&#8217;Adri\u00e0 s&#8217;hi va sumar al projecte Bon dia, Barber\u00e0! Un magaz\u00edn matinal amb informaci\u00f3 local, i continguts que van des de l\u2019actualitat generalista fins a l\u2019entreteniment, passant per les tert\u00falies, les entrevistes, els esports, la cultura, l\u2019humor. S&#8217;hi va sumar per col\u00b7laborar amb la secci\u00f3 mensual de cultura popular, tot fent repassada [&hellip;]<\/p>\n","protected":false},"author":3,"featured_media":6652,"comment_status":"closed","ping_status":"closed","sticky":false,"template":"","format":"standard","meta":{"_acf_changed":false,"footnotes":""},"categories":[21,7,1],"tags":[],"class_list":["post-6653","post","type-post","status-publish","format-standard","has-post-thumbnail","hentry","category-altres-projectes-mes-enlla-de-lara-i-sempre","category-ball-de-bastons","category-noticies"],"acf":[],"yoast_head":"<!-- This site is optimized with the Yoast SEO plugin v21.8 - https:\/\/yoast.com\/wordpress\/plugins\/seo\/ -->\n<title>La Trobada Nacional de Ball de Bastons al Bon dia, Barber\u00e0! - ARA I SEMPRE<\/title>\n<meta name=\"robots\" content=\"index, follow, max-snippet:-1, max-image-preview:large, max-video-preview:-1\" \/>\n<link rel=\"canonical\" href=\"https:\/\/araisemprecultura.cat\/index.php\/la-trobada-nacional-de-ball-de-bastons-al-bon-dia-barbera\/noticies\/araisempre\/\" \/>\n<meta property=\"og:locale\" content=\"ca_ES\" \/>\n<meta property=\"og:type\" content=\"article\" \/>\n<meta property=\"og:title\" content=\"La Trobada Nacional de Ball de Bastons al Bon dia, Barber\u00e0! - ARA I SEMPRE\" \/>\n<meta property=\"og:description\" content=\"La temporada passada, l&#8217;Adri\u00e0 s&#8217;hi va sumar al projecte Bon dia, Barber\u00e0! Un magaz\u00edn matinal amb informaci\u00f3 local, i continguts que van des de l\u2019actualitat generalista fins a l\u2019entreteniment, passant per les tert\u00falies, les entrevistes, els esports, la cultura, l\u2019humor. S&#8217;hi va sumar per col\u00b7laborar amb la secci\u00f3 mensual de cultura popular, tot fent repassada [&hellip;]\" \/>\n<meta property=\"og:url\" content=\"https:\/\/araisemprecultura.cat\/index.php\/la-trobada-nacional-de-ball-de-bastons-al-bon-dia-barbera\/noticies\/araisempre\/\" \/>\n<meta property=\"og:site_name\" content=\"ARA I SEMPRE\" \/>\n<meta property=\"article:published_time\" content=\"2025-09-16T20:08:00+00:00\" \/>\n<meta property=\"article:modified_time\" content=\"2025-09-16T20:09:28+00:00\" \/>\n<meta property=\"og:image\" content=\"https:\/\/araisemprecultura.cat\/wp-content\/uploads\/2025\/09\/DF82DD88-AEF3-4C46-BAC8-CF7D9DBB999E-scaled.jpeg\" \/>\n\t<meta property=\"og:image:width\" content=\"1920\" \/>\n\t<meta property=\"og:image:height\" content=\"2560\" \/>\n\t<meta property=\"og:image:type\" content=\"image\/jpeg\" \/>\n<meta name=\"author\" content=\"Associaci\u00f3 ARA I SEMPRE\" \/>\n<meta name=\"twitter:card\" content=\"summary_large_image\" \/>\n<meta name=\"twitter:label1\" content=\"Escrit per\" \/>\n\t<meta name=\"twitter:data1\" content=\"Associaci\u00f3 ARA I SEMPRE\" \/>\n\t<meta name=\"twitter:label2\" content=\"Temps estimat de lectura\" \/>\n\t<meta name=\"twitter:data2\" content=\"2 minuts\" \/>\n<script type=\"application\/ld+json\" class=\"yoast-schema-graph\">{\"@context\":\"https:\/\/schema.org\",\"@graph\":[{\"@type\":\"Article\",\"@id\":\"https:\/\/araisemprecultura.cat\/index.php\/la-trobada-nacional-de-ball-de-bastons-al-bon-dia-barbera\/noticies\/araisempre\/#article\",\"isPartOf\":{\"@id\":\"https:\/\/araisemprecultura.cat\/index.php\/la-trobada-nacional-de-ball-de-bastons-al-bon-dia-barbera\/noticies\/araisempre\/\"},\"author\":{\"name\":\"Associaci\u00f3 ARA I SEMPRE\",\"@id\":\"https:\/\/araisemprecultura.cat\/#\/schema\/person\/63f5d9084c529771425e563e055e9753\"},\"headline\":\"La Trobada Nacional de Ball de Bastons al Bon dia, Barber\u00e0!\",\"datePublished\":\"2025-09-16T20:08:00+00:00\",\"dateModified\":\"2025-09-16T20:09:28+00:00\",\"mainEntityOfPage\":{\"@id\":\"https:\/\/araisemprecultura.cat\/index.php\/la-trobada-nacional-de-ball-de-bastons-al-bon-dia-barbera\/noticies\/araisempre\/\"},\"wordCount\":255,\"publisher\":{\"@id\":\"https:\/\/araisemprecultura.cat\/#organization\"},\"articleSection\":[\"Altres projectes m\u00e9s enll\u00e0 de l'ARA I SEMPRE\",\"Ball de Bastons\",\"Not\u00edcies\"],\"inLanguage\":\"ca\"},{\"@type\":\"WebPage\",\"@id\":\"https:\/\/araisemprecultura.cat\/index.php\/la-trobada-nacional-de-ball-de-bastons-al-bon-dia-barbera\/noticies\/araisempre\/\",\"url\":\"https:\/\/araisemprecultura.cat\/index.php\/la-trobada-nacional-de-ball-de-bastons-al-bon-dia-barbera\/noticies\/araisempre\/\",\"name\":\"La Trobada Nacional de Ball de Bastons al Bon dia, Barber\u00e0! - ARA I SEMPRE\",\"isPartOf\":{\"@id\":\"https:\/\/araisemprecultura.cat\/#website\"},\"datePublished\":\"2025-09-16T20:08:00+00:00\",\"dateModified\":\"2025-09-16T20:09:28+00:00\",\"breadcrumb\":{\"@id\":\"https:\/\/araisemprecultura.cat\/index.php\/la-trobada-nacional-de-ball-de-bastons-al-bon-dia-barbera\/noticies\/araisempre\/#breadcrumb\"},\"inLanguage\":\"ca\",\"potentialAction\":[{\"@type\":\"ReadAction\",\"target\":[\"https:\/\/araisemprecultura.cat\/index.php\/la-trobada-nacional-de-ball-de-bastons-al-bon-dia-barbera\/noticies\/araisempre\/\"]}]},{\"@type\":\"BreadcrumbList\",\"@id\":\"https:\/\/araisemprecultura.cat\/index.php\/la-trobada-nacional-de-ball-de-bastons-al-bon-dia-barbera\/noticies\/araisempre\/#breadcrumb\",\"itemListElement\":[{\"@type\":\"ListItem\",\"position\":1,\"name\":\"Inici\",\"item\":\"https:\/\/araisemprecultura.cat\/\"},{\"@type\":\"ListItem\",\"position\":2,\"name\":\"La Trobada Nacional de Ball de Bastons al Bon dia, Barber\u00e0!\"}]},{\"@type\":\"WebSite\",\"@id\":\"https:\/\/araisemprecultura.cat\/#website\",\"url\":\"https:\/\/araisemprecultura.cat\/\",\"name\":\"ARA I SEMPRE\",\"description\":\"\",\"publisher\":{\"@id\":\"https:\/\/araisemprecultura.cat\/#organization\"},\"potentialAction\":[{\"@type\":\"SearchAction\",\"target\":{\"@type\":\"EntryPoint\",\"urlTemplate\":\"https:\/\/araisemprecultura.cat\/?s={search_term_string}\"},\"query-input\":\"required name=search_term_string\"}],\"inLanguage\":\"ca\"},{\"@type\":\"Organization\",\"@id\":\"https:\/\/araisemprecultura.cat\/#organization\",\"name\":\"ARA I SEMPRE\",\"url\":\"https:\/\/araisemprecultura.cat\/\",\"logo\":{\"@type\":\"ImageObject\",\"inLanguage\":\"ca\",\"@id\":\"https:\/\/araisemprecultura.cat\/#\/schema\/logo\/image\/\",\"url\":\"https:\/\/araisemprecultura.cat\/wp-content\/uploads\/2022\/02\/Disseny-imatge-ara-i-sempre-161.png\",\"contentUrl\":\"https:\/\/araisemprecultura.cat\/wp-content\/uploads\/2022\/02\/Disseny-imatge-ara-i-sempre-161.png\",\"width\":\"1962\",\"height\":\"713\",\"caption\":\"ARA I SEMPRE\"},\"image\":{\"@id\":\"https:\/\/araisemprecultura.cat\/#\/schema\/logo\/image\/\"}},{\"@type\":\"Person\",\"@id\":\"https:\/\/araisemprecultura.cat\/#\/schema\/person\/63f5d9084c529771425e563e055e9753\",\"name\":\"Associaci\u00f3 ARA I SEMPRE\",\"image\":{\"@type\":\"ImageObject\",\"inLanguage\":\"ca\",\"@id\":\"https:\/\/araisemprecultura.cat\/#\/schema\/person\/image\/\",\"url\":\"https:\/\/secure.gravatar.com\/avatar\/79119cae4235670f2cf10d32f7e31d7e8ddcdc1f4fa0a59abe7d167411092c01?s=96&r=g\",\"contentUrl\":\"https:\/\/secure.gravatar.com\/avatar\/79119cae4235670f2cf10d32f7e31d7e8ddcdc1f4fa0a59abe7d167411092c01?s=96&r=g\",\"caption\":\"Associaci\u00f3 ARA I SEMPRE\"},\"url\":\"https:\/\/araisemprecultura.cat\/index.php\/author\/araisempre\/\"}]}<\/script>\n<!-- \/ Yoast SEO plugin. -->","yoast_head_json":{"title":"La Trobada Nacional de Ball de Bastons al Bon dia, Barber\u00e0! - ARA I SEMPRE","robots":{"index":"index","follow":"follow","max-snippet":"max-snippet:-1","max-image-preview":"max-image-preview:large","max-video-preview":"max-video-preview:-1"},"canonical":"https:\/\/araisemprecultura.cat\/index.php\/la-trobada-nacional-de-ball-de-bastons-al-bon-dia-barbera\/noticies\/araisempre\/","og_locale":"ca_ES","og_type":"article","og_title":"La Trobada Nacional de Ball de Bastons al Bon dia, Barber\u00e0! - ARA I SEMPRE","og_description":"La temporada passada, l&#8217;Adri\u00e0 s&#8217;hi va sumar al projecte Bon dia, Barber\u00e0! Un magaz\u00edn matinal amb informaci\u00f3 local, i continguts que van des de l\u2019actualitat generalista fins a l\u2019entreteniment, passant per les tert\u00falies, les entrevistes, els esports, la cultura, l\u2019humor. S&#8217;hi va sumar per col\u00b7laborar amb la secci\u00f3 mensual de cultura popular, tot fent repassada [&hellip;]","og_url":"https:\/\/araisemprecultura.cat\/index.php\/la-trobada-nacional-de-ball-de-bastons-al-bon-dia-barbera\/noticies\/araisempre\/","og_site_name":"ARA I SEMPRE","article_published_time":"2025-09-16T20:08:00+00:00","article_modified_time":"2025-09-16T20:09:28+00:00","og_image":[{"width":1920,"height":2560,"url":"https:\/\/araisemprecultura.cat\/wp-content\/uploads\/2025\/09\/DF82DD88-AEF3-4C46-BAC8-CF7D9DBB999E-scaled.jpeg","type":"image\/jpeg"}],"author":"Associaci\u00f3 ARA I SEMPRE","twitter_card":"summary_large_image","twitter_misc":{"Escrit per":"Associaci\u00f3 ARA I SEMPRE","Temps estimat de lectura":"2 minuts"},"schema":{"@context":"https:\/\/schema.org","@graph":[{"@type":"Article","@id":"https:\/\/araisemprecultura.cat\/index.php\/la-trobada-nacional-de-ball-de-bastons-al-bon-dia-barbera\/noticies\/araisempre\/#article","isPartOf":{"@id":"https:\/\/araisemprecultura.cat\/index.php\/la-trobada-nacional-de-ball-de-bastons-al-bon-dia-barbera\/noticies\/araisempre\/"},"author":{"name":"Associaci\u00f3 ARA I SEMPRE","@id":"https:\/\/araisemprecultura.cat\/#\/schema\/person\/63f5d9084c529771425e563e055e9753"},"headline":"La Trobada Nacional de Ball de Bastons al Bon dia, Barber\u00e0!","datePublished":"2025-09-16T20:08:00+00:00","dateModified":"2025-09-16T20:09:28+00:00","mainEntityOfPage":{"@id":"https:\/\/araisemprecultura.cat\/index.php\/la-trobada-nacional-de-ball-de-bastons-al-bon-dia-barbera\/noticies\/araisempre\/"},"wordCount":255,"publisher":{"@id":"https:\/\/araisemprecultura.cat\/#organization"},"articleSection":["Altres projectes m\u00e9s enll\u00e0 de l'ARA I SEMPRE","Ball de Bastons","Not\u00edcies"],"inLanguage":"ca"},{"@type":"WebPage","@id":"https:\/\/araisemprecultura.cat\/index.php\/la-trobada-nacional-de-ball-de-bastons-al-bon-dia-barbera\/noticies\/araisempre\/","url":"https:\/\/araisemprecultura.cat\/index.php\/la-trobada-nacional-de-ball-de-bastons-al-bon-dia-barbera\/noticies\/araisempre\/","name":"La Trobada Nacional de Ball de Bastons al Bon dia, Barber\u00e0! - ARA I SEMPRE","isPartOf":{"@id":"https:\/\/araisemprecultura.cat\/#website"},"datePublished":"2025-09-16T20:08:00+00:00","dateModified":"2025-09-16T20:09:28+00:00","breadcrumb":{"@id":"https:\/\/araisemprecultura.cat\/index.php\/la-trobada-nacional-de-ball-de-bastons-al-bon-dia-barbera\/noticies\/araisempre\/#breadcrumb"},"inLanguage":"ca","potentialAction":[{"@type":"ReadAction","target":["https:\/\/araisemprecultura.cat\/index.php\/la-trobada-nacional-de-ball-de-bastons-al-bon-dia-barbera\/noticies\/araisempre\/"]}]},{"@type":"BreadcrumbList","@id":"https:\/\/araisemprecultura.cat\/index.php\/la-trobada-nacional-de-ball-de-bastons-al-bon-dia-barbera\/noticies\/araisempre\/#breadcrumb","itemListElement":[{"@type":"ListItem","position":1,"name":"Inici","item":"https:\/\/araisemprecultura.cat\/"},{"@type":"ListItem","position":2,"name":"La Trobada Nacional de Ball de Bastons al Bon dia, Barber\u00e0!"}]},{"@type":"WebSite","@id":"https:\/\/araisemprecultura.cat\/#website","url":"https:\/\/araisemprecultura.cat\/","name":"ARA I SEMPRE","description":"","publisher":{"@id":"https:\/\/araisemprecultura.cat\/#organization"},"potentialAction":[{"@type":"SearchAction","target":{"@type":"EntryPoint","urlTemplate":"https:\/\/araisemprecultura.cat\/?s={search_term_string}"},"query-input":"required name=search_term_string"}],"inLanguage":"ca"},{"@type":"Organization","@id":"https:\/\/araisemprecultura.cat\/#organization","name":"ARA I SEMPRE","url":"https:\/\/araisemprecultura.cat\/","logo":{"@type":"ImageObject","inLanguage":"ca","@id":"https:\/\/araisemprecultura.cat\/#\/schema\/logo\/image\/","url":"https:\/\/araisemprecultura.cat\/wp-content\/uploads\/2022\/02\/Disseny-imatge-ara-i-sempre-161.png","contentUrl":"https:\/\/araisemprecultura.cat\/wp-content\/uploads\/2022\/02\/Disseny-imatge-ara-i-sempre-161.png","width":"1962","height":"713","caption":"ARA I SEMPRE"},"image":{"@id":"https:\/\/araisemprecultura.cat\/#\/schema\/logo\/image\/"}},{"@type":"Person","@id":"https:\/\/araisemprecultura.cat\/#\/schema\/person\/63f5d9084c529771425e563e055e9753","name":"Associaci\u00f3 ARA I SEMPRE","image":{"@type":"ImageObject","inLanguage":"ca","@id":"https:\/\/araisemprecultura.cat\/#\/schema\/person\/image\/","url":"https:\/\/secure.gravatar.com\/avatar\/79119cae4235670f2cf10d32f7e31d7e8ddcdc1f4fa0a59abe7d167411092c01?s=96&r=g","contentUrl":"https:\/\/secure.gravatar.com\/avatar\/79119cae4235670f2cf10d32f7e31d7e8ddcdc1f4fa0a59abe7d167411092c01?s=96&r=g","caption":"Associaci\u00f3 ARA I SEMPRE"},"url":"https:\/\/araisemprecultura.cat\/index.php\/author\/araisempre\/"}]}},"_links":{"self":[{"href":"https:\/\/araisemprecultura.cat\/index.php\/wp-json\/wp\/v2\/posts\/6653","targetHints":{"allow":["GET"]}}],"collection":[{"href":"https:\/\/araisemprecultura.cat\/index.php\/wp-json\/wp\/v2\/posts"}],"about":[{"href":"https:\/\/araisemprecultura.cat\/index.php\/wp-json\/wp\/v2\/types\/post"}],"author":[{"embeddable":true,"href":"https:\/\/araisemprecultura.cat\/index.php\/wp-json\/wp\/v2\/users\/3"}],"replies":[{"embeddable":true,"href":"https:\/\/araisemprecultura.cat\/index.php\/wp-json\/wp\/v2\/comments?post=6653"}],"version-history":[{"count":4,"href":"https:\/\/araisemprecultura.cat\/index.php\/wp-json\/wp\/v2\/posts\/6653\/revisions"}],"predecessor-version":[{"id":6658,"href":"https:\/\/araisemprecultura.cat\/index.php\/wp-json\/wp\/v2\/posts\/6653\/revisions\/6658"}],"wp:featuredmedia":[{"embeddable":true,"href":"https:\/\/araisemprecultura.cat\/index.php\/wp-json\/wp\/v2\/media\/6652"}],"wp:attachment":[{"href":"https:\/\/araisemprecultura.cat\/index.php\/wp-json\/wp\/v2\/media?parent=6653"}],"wp:term":[{"taxonomy":"category","embeddable":true,"href":"https:\/\/araisemprecultura.cat\/index.php\/wp-json\/wp\/v2\/categories?post=6653"},{"taxonomy":"post_tag","embeddable":true,"href":"https:\/\/araisemprecultura.cat\/index.php\/wp-json\/wp\/v2\/tags?post=6653"}],"curies":[{"name":"wp","href":"https:\/\/api.w.org\/{rel}","templated":true}]}}