{"id":6135,"date":"2025-06-23T15:26:14","date_gmt":"2025-06-23T15:26:14","guid":{"rendered":"https:\/\/araisemprecultura.cat\/?p=6135"},"modified":"2025-06-23T15:27:55","modified_gmt":"2025-06-23T15:27:55","slug":"el-ball-de-bastons-a-lescola-elvira-cuyas","status":"publish","type":"post","link":"https:\/\/araisemprecultura.cat\/index.php\/el-ball-de-bastons-a-lescola-elvira-cuyas\/noticies\/araisempre\/","title":{"rendered":"El Ball de Bastons a l&#8217;Escola Elvira Cuy\u00e0s!"},"content":{"rendered":"\t\t<div data-elementor-type=\"wp-post\" data-elementor-id=\"6135\" class=\"elementor elementor-6135\">\n\t\t\t\t\t\t<section class=\"elementor-section elementor-top-section elementor-element elementor-element-4566b714 elementor-section-boxed elementor-section-height-default elementor-section-height-default\" data-id=\"4566b714\" data-element_type=\"section\" data-settings=\"{&quot;_ha_eqh_enable&quot;:false}\">\n\t\t\t\t\t\t<div class=\"elementor-container elementor-column-gap-default\">\n\t\t\t\t\t<div class=\"elementor-column elementor-col-100 elementor-top-column elementor-element elementor-element-4a5f4662\" data-id=\"4a5f4662\" data-element_type=\"column\">\n\t\t\t<div class=\"elementor-widget-wrap elementor-element-populated\">\n\t\t\t\t\t\t<div class=\"elementor-element elementor-element-28aa1c1b elementor-widget elementor-widget-text-editor\" data-id=\"28aa1c1b\" data-element_type=\"widget\" data-widget_type=\"text-editor.default\">\n\t\t\t\t<div class=\"elementor-widget-container\">\n\t\t\t<style>\/*! elementor - v3.21.0 - 18-04-2024 *\/\n.elementor-widget-text-editor.elementor-drop-cap-view-stacked .elementor-drop-cap{background-color:#69727d;color:#fff}.elementor-widget-text-editor.elementor-drop-cap-view-framed .elementor-drop-cap{color:#69727d;border:3px solid;background-color:transparent}.elementor-widget-text-editor:not(.elementor-drop-cap-view-default) .elementor-drop-cap{margin-top:8px}.elementor-widget-text-editor:not(.elementor-drop-cap-view-default) .elementor-drop-cap-letter{width:1em;height:1em}.elementor-widget-text-editor .elementor-drop-cap{float:left;text-align:center;line-height:1;font-size:50px}.elementor-widget-text-editor .elementor-drop-cap-letter{display:inline-block}<\/style>\t\t\t\t<p style=\"text-align: justify;\" data-pm-slice=\"1 1 []\">Divendres 20 de juny, l&#8217;Escola Elvira Cuy\u00e0s, de Montcada i Reixac, va organitzar la tan esperada festa de fi de curs, on de normal la cultura popular t\u00e9 un paper principal a trav\u00e9s de diferents classes que, entre altres, preparen una actuaci\u00f3 de Ball de Bastons. Aquest curs, ARA I SEMPRE va fer uns tallers fa mesos i no ens vam voler perdre aquesta gran jornada. Vam portar els vestuaris ARA I SEMPRE per a centres educatius i vam ajudar a vestir a les dues classes de 3r per despr\u00e9s enamorar-nos de l&#8217;actuaci\u00f3 que van fer, a ritme de la &#8220;Marina Sta Morena&#8221; del grup Figa Flawas, amb somriures que anaven d&#8217;orella a orella. Uns somriures que es van traslladar a totes les persones del p\u00fablic que ens vam emocionar amb aquella posada en escena.<\/p><p style=\"text-align: justify;\" data-pm-slice=\"1 1 []\">Molt agra\u00efdes per la invitaci\u00f3 per part de la Isabel, com a docent responsable d&#8217;aquest Ball de Bastons, aix\u00ed com per l&#8217;aposta perqu\u00e8 la cultura popular hi sigui present en tot moment.<\/p><p style=\"text-align: justify;\" data-pm-slice=\"1 1 []\">Us adjuntem una fotografia de part de l&#8217;alumnat just abans d&#8217;entrar a pla\u00e7a a donar-ho tot amb el Ball de Bastons! ENHORABONA I <strong>VISCA LA CULTURA POPULAR! ARA I SEMPRE!<\/strong><\/p><p>\u00a0<\/p>\t\t\t\t\t\t<\/div>\n\t\t\t\t<\/div>\n\t\t\t\t\t<\/div>\n\t\t<\/div>\n\t\t\t\t\t<\/div>\n\t\t<\/section>\n\t\t\t\t<\/div>\n\t\t","protected":false},"excerpt":{"rendered":"<p>Divendres 20 de juny, l&#8217;Escola Elvira Cuy\u00e0s, de Montcada i Reixac, va organitzar la tan esperada festa de fi de curs, on de normal la cultura popular t\u00e9 un paper principal a trav\u00e9s de diferents classes que, entre altres, preparen una actuaci\u00f3 de Ball de Bastons. Aquest curs, ARA I SEMPRE va fer uns tallers [&hellip;]<\/p>\n","protected":false},"author":3,"featured_media":6133,"comment_status":"closed","ping_status":"closed","sticky":false,"template":"","format":"standard","meta":{"_acf_changed":false,"footnotes":""},"categories":[7,1],"tags":[],"class_list":["post-6135","post","type-post","status-publish","format-standard","has-post-thumbnail","hentry","category-ball-de-bastons","category-noticies"],"acf":[],"yoast_head":"<!-- This site is optimized with the Yoast SEO plugin v21.8 - https:\/\/yoast.com\/wordpress\/plugins\/seo\/ -->\n<title>El Ball de Bastons a l&#039;Escola Elvira Cuy\u00e0s! - ARA I SEMPRE<\/title>\n<meta name=\"robots\" content=\"index, follow, max-snippet:-1, max-image-preview:large, max-video-preview:-1\" \/>\n<link rel=\"canonical\" href=\"https:\/\/araisemprecultura.cat\/index.php\/el-ball-de-bastons-a-lescola-elvira-cuyas\/noticies\/araisempre\/\" \/>\n<meta property=\"og:locale\" content=\"ca_ES\" \/>\n<meta property=\"og:type\" content=\"article\" \/>\n<meta property=\"og:title\" content=\"El Ball de Bastons a l&#039;Escola Elvira Cuy\u00e0s! - ARA I SEMPRE\" \/>\n<meta property=\"og:description\" content=\"Divendres 20 de juny, l&#8217;Escola Elvira Cuy\u00e0s, de Montcada i Reixac, va organitzar la tan esperada festa de fi de curs, on de normal la cultura popular t\u00e9 un paper principal a trav\u00e9s de diferents classes que, entre altres, preparen una actuaci\u00f3 de Ball de Bastons. Aquest curs, ARA I SEMPRE va fer uns tallers [&hellip;]\" \/>\n<meta property=\"og:url\" content=\"https:\/\/araisemprecultura.cat\/index.php\/el-ball-de-bastons-a-lescola-elvira-cuyas\/noticies\/araisempre\/\" \/>\n<meta property=\"og:site_name\" content=\"ARA I SEMPRE\" \/>\n<meta property=\"article:published_time\" content=\"2025-06-23T15:26:14+00:00\" \/>\n<meta property=\"article:modified_time\" content=\"2025-06-23T15:27:55+00:00\" \/>\n<meta property=\"og:image\" content=\"https:\/\/araisemprecultura.cat\/wp-content\/uploads\/2025\/06\/D36107B0-9ADE-495C-A237-85A4DDD39A18-scaled.jpeg\" \/>\n\t<meta property=\"og:image:width\" content=\"1920\" \/>\n\t<meta property=\"og:image:height\" content=\"2560\" \/>\n\t<meta property=\"og:image:type\" content=\"image\/jpeg\" \/>\n<meta name=\"author\" content=\"Associaci\u00f3 ARA I SEMPRE\" \/>\n<meta name=\"twitter:card\" content=\"summary_large_image\" \/>\n<meta name=\"twitter:label1\" content=\"Escrit per\" \/>\n\t<meta name=\"twitter:data1\" content=\"Associaci\u00f3 ARA I SEMPRE\" \/>\n\t<meta name=\"twitter:label2\" content=\"Temps estimat de lectura\" \/>\n\t<meta name=\"twitter:data2\" content=\"2 minuts\" \/>\n<script type=\"application\/ld+json\" class=\"yoast-schema-graph\">{\"@context\":\"https:\/\/schema.org\",\"@graph\":[{\"@type\":\"Article\",\"@id\":\"https:\/\/araisemprecultura.cat\/index.php\/el-ball-de-bastons-a-lescola-elvira-cuyas\/noticies\/araisempre\/#article\",\"isPartOf\":{\"@id\":\"https:\/\/araisemprecultura.cat\/index.php\/el-ball-de-bastons-a-lescola-elvira-cuyas\/noticies\/araisempre\/\"},\"author\":{\"name\":\"Associaci\u00f3 ARA I SEMPRE\",\"@id\":\"https:\/\/araisemprecultura.cat\/#\/schema\/person\/63f5d9084c529771425e563e055e9753\"},\"headline\":\"El Ball de Bastons a l&#8217;Escola Elvira Cuy\u00e0s!\",\"datePublished\":\"2025-06-23T15:26:14+00:00\",\"dateModified\":\"2025-06-23T15:27:55+00:00\",\"mainEntityOfPage\":{\"@id\":\"https:\/\/araisemprecultura.cat\/index.php\/el-ball-de-bastons-a-lescola-elvira-cuyas\/noticies\/araisempre\/\"},\"wordCount\":211,\"publisher\":{\"@id\":\"https:\/\/araisemprecultura.cat\/#organization\"},\"articleSection\":[\"Ball de Bastons\",\"Not\u00edcies\"],\"inLanguage\":\"ca\"},{\"@type\":\"WebPage\",\"@id\":\"https:\/\/araisemprecultura.cat\/index.php\/el-ball-de-bastons-a-lescola-elvira-cuyas\/noticies\/araisempre\/\",\"url\":\"https:\/\/araisemprecultura.cat\/index.php\/el-ball-de-bastons-a-lescola-elvira-cuyas\/noticies\/araisempre\/\",\"name\":\"El Ball de Bastons a l'Escola Elvira Cuy\u00e0s! - ARA I SEMPRE\",\"isPartOf\":{\"@id\":\"https:\/\/araisemprecultura.cat\/#website\"},\"datePublished\":\"2025-06-23T15:26:14+00:00\",\"dateModified\":\"2025-06-23T15:27:55+00:00\",\"breadcrumb\":{\"@id\":\"https:\/\/araisemprecultura.cat\/index.php\/el-ball-de-bastons-a-lescola-elvira-cuyas\/noticies\/araisempre\/#breadcrumb\"},\"inLanguage\":\"ca\",\"potentialAction\":[{\"@type\":\"ReadAction\",\"target\":[\"https:\/\/araisemprecultura.cat\/index.php\/el-ball-de-bastons-a-lescola-elvira-cuyas\/noticies\/araisempre\/\"]}]},{\"@type\":\"BreadcrumbList\",\"@id\":\"https:\/\/araisemprecultura.cat\/index.php\/el-ball-de-bastons-a-lescola-elvira-cuyas\/noticies\/araisempre\/#breadcrumb\",\"itemListElement\":[{\"@type\":\"ListItem\",\"position\":1,\"name\":\"Inici\",\"item\":\"https:\/\/araisemprecultura.cat\/\"},{\"@type\":\"ListItem\",\"position\":2,\"name\":\"El Ball de Bastons a l&#8217;Escola Elvira Cuy\u00e0s!\"}]},{\"@type\":\"WebSite\",\"@id\":\"https:\/\/araisemprecultura.cat\/#website\",\"url\":\"https:\/\/araisemprecultura.cat\/\",\"name\":\"ARA I SEMPRE\",\"description\":\"\",\"publisher\":{\"@id\":\"https:\/\/araisemprecultura.cat\/#organization\"},\"potentialAction\":[{\"@type\":\"SearchAction\",\"target\":{\"@type\":\"EntryPoint\",\"urlTemplate\":\"https:\/\/araisemprecultura.cat\/?s={search_term_string}\"},\"query-input\":\"required name=search_term_string\"}],\"inLanguage\":\"ca\"},{\"@type\":\"Organization\",\"@id\":\"https:\/\/araisemprecultura.cat\/#organization\",\"name\":\"ARA I SEMPRE\",\"url\":\"https:\/\/araisemprecultura.cat\/\",\"logo\":{\"@type\":\"ImageObject\",\"inLanguage\":\"ca\",\"@id\":\"https:\/\/araisemprecultura.cat\/#\/schema\/logo\/image\/\",\"url\":\"https:\/\/araisemprecultura.cat\/wp-content\/uploads\/2022\/02\/Disseny-imatge-ara-i-sempre-161.png\",\"contentUrl\":\"https:\/\/araisemprecultura.cat\/wp-content\/uploads\/2022\/02\/Disseny-imatge-ara-i-sempre-161.png\",\"width\":\"1962\",\"height\":\"713\",\"caption\":\"ARA I SEMPRE\"},\"image\":{\"@id\":\"https:\/\/araisemprecultura.cat\/#\/schema\/logo\/image\/\"}},{\"@type\":\"Person\",\"@id\":\"https:\/\/araisemprecultura.cat\/#\/schema\/person\/63f5d9084c529771425e563e055e9753\",\"name\":\"Associaci\u00f3 ARA I SEMPRE\",\"image\":{\"@type\":\"ImageObject\",\"inLanguage\":\"ca\",\"@id\":\"https:\/\/araisemprecultura.cat\/#\/schema\/person\/image\/\",\"url\":\"https:\/\/secure.gravatar.com\/avatar\/79119cae4235670f2cf10d32f7e31d7e8ddcdc1f4fa0a59abe7d167411092c01?s=96&r=g\",\"contentUrl\":\"https:\/\/secure.gravatar.com\/avatar\/79119cae4235670f2cf10d32f7e31d7e8ddcdc1f4fa0a59abe7d167411092c01?s=96&r=g\",\"caption\":\"Associaci\u00f3 ARA I SEMPRE\"},\"url\":\"https:\/\/araisemprecultura.cat\/index.php\/author\/araisempre\/\"}]}<\/script>\n<!-- \/ Yoast SEO plugin. -->","yoast_head_json":{"title":"El Ball de Bastons a l'Escola Elvira Cuy\u00e0s! - ARA I SEMPRE","robots":{"index":"index","follow":"follow","max-snippet":"max-snippet:-1","max-image-preview":"max-image-preview:large","max-video-preview":"max-video-preview:-1"},"canonical":"https:\/\/araisemprecultura.cat\/index.php\/el-ball-de-bastons-a-lescola-elvira-cuyas\/noticies\/araisempre\/","og_locale":"ca_ES","og_type":"article","og_title":"El Ball de Bastons a l'Escola Elvira Cuy\u00e0s! - ARA I SEMPRE","og_description":"Divendres 20 de juny, l&#8217;Escola Elvira Cuy\u00e0s, de Montcada i Reixac, va organitzar la tan esperada festa de fi de curs, on de normal la cultura popular t\u00e9 un paper principal a trav\u00e9s de diferents classes que, entre altres, preparen una actuaci\u00f3 de Ball de Bastons. Aquest curs, ARA I SEMPRE va fer uns tallers [&hellip;]","og_url":"https:\/\/araisemprecultura.cat\/index.php\/el-ball-de-bastons-a-lescola-elvira-cuyas\/noticies\/araisempre\/","og_site_name":"ARA I SEMPRE","article_published_time":"2025-06-23T15:26:14+00:00","article_modified_time":"2025-06-23T15:27:55+00:00","og_image":[{"width":"1920","height":"2560","url":"https:\/\/araisemprecultura.cat\/wp-content\/uploads\/2025\/06\/D36107B0-9ADE-495C-A237-85A4DDD39A18-scaled.jpeg","type":"image\/jpeg"}],"author":"Associaci\u00f3 ARA I SEMPRE","twitter_card":"summary_large_image","twitter_misc":{"Escrit per":"Associaci\u00f3 ARA I SEMPRE","Temps estimat de lectura":"2 minuts"},"schema":{"@context":"https:\/\/schema.org","@graph":[{"@type":"Article","@id":"https:\/\/araisemprecultura.cat\/index.php\/el-ball-de-bastons-a-lescola-elvira-cuyas\/noticies\/araisempre\/#article","isPartOf":{"@id":"https:\/\/araisemprecultura.cat\/index.php\/el-ball-de-bastons-a-lescola-elvira-cuyas\/noticies\/araisempre\/"},"author":{"name":"Associaci\u00f3 ARA I SEMPRE","@id":"https:\/\/araisemprecultura.cat\/#\/schema\/person\/63f5d9084c529771425e563e055e9753"},"headline":"El Ball de Bastons a l&#8217;Escola Elvira Cuy\u00e0s!","datePublished":"2025-06-23T15:26:14+00:00","dateModified":"2025-06-23T15:27:55+00:00","mainEntityOfPage":{"@id":"https:\/\/araisemprecultura.cat\/index.php\/el-ball-de-bastons-a-lescola-elvira-cuyas\/noticies\/araisempre\/"},"wordCount":211,"publisher":{"@id":"https:\/\/araisemprecultura.cat\/#organization"},"articleSection":["Ball de Bastons","Not\u00edcies"],"inLanguage":"ca"},{"@type":"WebPage","@id":"https:\/\/araisemprecultura.cat\/index.php\/el-ball-de-bastons-a-lescola-elvira-cuyas\/noticies\/araisempre\/","url":"https:\/\/araisemprecultura.cat\/index.php\/el-ball-de-bastons-a-lescola-elvira-cuyas\/noticies\/araisempre\/","name":"El Ball de Bastons a l'Escola Elvira Cuy\u00e0s! - ARA I SEMPRE","isPartOf":{"@id":"https:\/\/araisemprecultura.cat\/#website"},"datePublished":"2025-06-23T15:26:14+00:00","dateModified":"2025-06-23T15:27:55+00:00","breadcrumb":{"@id":"https:\/\/araisemprecultura.cat\/index.php\/el-ball-de-bastons-a-lescola-elvira-cuyas\/noticies\/araisempre\/#breadcrumb"},"inLanguage":"ca","potentialAction":[{"@type":"ReadAction","target":["https:\/\/araisemprecultura.cat\/index.php\/el-ball-de-bastons-a-lescola-elvira-cuyas\/noticies\/araisempre\/"]}]},{"@type":"BreadcrumbList","@id":"https:\/\/araisemprecultura.cat\/index.php\/el-ball-de-bastons-a-lescola-elvira-cuyas\/noticies\/araisempre\/#breadcrumb","itemListElement":[{"@type":"ListItem","position":1,"name":"Inici","item":"https:\/\/araisemprecultura.cat\/"},{"@type":"ListItem","position":2,"name":"El Ball de Bastons a l&#8217;Escola Elvira Cuy\u00e0s!"}]},{"@type":"WebSite","@id":"https:\/\/araisemprecultura.cat\/#website","url":"https:\/\/araisemprecultura.cat\/","name":"ARA I SEMPRE","description":"","publisher":{"@id":"https:\/\/araisemprecultura.cat\/#organization"},"potentialAction":[{"@type":"SearchAction","target":{"@type":"EntryPoint","urlTemplate":"https:\/\/araisemprecultura.cat\/?s={search_term_string}"},"query-input":"required name=search_term_string"}],"inLanguage":"ca"},{"@type":"Organization","@id":"https:\/\/araisemprecultura.cat\/#organization","name":"ARA I SEMPRE","url":"https:\/\/araisemprecultura.cat\/","logo":{"@type":"ImageObject","inLanguage":"ca","@id":"https:\/\/araisemprecultura.cat\/#\/schema\/logo\/image\/","url":"https:\/\/araisemprecultura.cat\/wp-content\/uploads\/2022\/02\/Disseny-imatge-ara-i-sempre-161.png","contentUrl":"https:\/\/araisemprecultura.cat\/wp-content\/uploads\/2022\/02\/Disseny-imatge-ara-i-sempre-161.png","width":"1962","height":"713","caption":"ARA I SEMPRE"},"image":{"@id":"https:\/\/araisemprecultura.cat\/#\/schema\/logo\/image\/"}},{"@type":"Person","@id":"https:\/\/araisemprecultura.cat\/#\/schema\/person\/63f5d9084c529771425e563e055e9753","name":"Associaci\u00f3 ARA I SEMPRE","image":{"@type":"ImageObject","inLanguage":"ca","@id":"https:\/\/araisemprecultura.cat\/#\/schema\/person\/image\/","url":"https:\/\/secure.gravatar.com\/avatar\/79119cae4235670f2cf10d32f7e31d7e8ddcdc1f4fa0a59abe7d167411092c01?s=96&r=g","contentUrl":"https:\/\/secure.gravatar.com\/avatar\/79119cae4235670f2cf10d32f7e31d7e8ddcdc1f4fa0a59abe7d167411092c01?s=96&r=g","caption":"Associaci\u00f3 ARA I SEMPRE"},"url":"https:\/\/araisemprecultura.cat\/index.php\/author\/araisempre\/"}]}},"_links":{"self":[{"href":"https:\/\/araisemprecultura.cat\/index.php\/wp-json\/wp\/v2\/posts\/6135","targetHints":{"allow":["GET"]}}],"collection":[{"href":"https:\/\/araisemprecultura.cat\/index.php\/wp-json\/wp\/v2\/posts"}],"about":[{"href":"https:\/\/araisemprecultura.cat\/index.php\/wp-json\/wp\/v2\/types\/post"}],"author":[{"embeddable":true,"href":"https:\/\/araisemprecultura.cat\/index.php\/wp-json\/wp\/v2\/users\/3"}],"replies":[{"embeddable":true,"href":"https:\/\/araisemprecultura.cat\/index.php\/wp-json\/wp\/v2\/comments?post=6135"}],"version-history":[{"count":4,"href":"https:\/\/araisemprecultura.cat\/index.php\/wp-json\/wp\/v2\/posts\/6135\/revisions"}],"predecessor-version":[{"id":6139,"href":"https:\/\/araisemprecultura.cat\/index.php\/wp-json\/wp\/v2\/posts\/6135\/revisions\/6139"}],"wp:featuredmedia":[{"embeddable":true,"href":"https:\/\/araisemprecultura.cat\/index.php\/wp-json\/wp\/v2\/media\/6133"}],"wp:attachment":[{"href":"https:\/\/araisemprecultura.cat\/index.php\/wp-json\/wp\/v2\/media?parent=6135"}],"wp:term":[{"taxonomy":"category","embeddable":true,"href":"https:\/\/araisemprecultura.cat\/index.php\/wp-json\/wp\/v2\/categories?post=6135"},{"taxonomy":"post_tag","embeddable":true,"href":"https:\/\/araisemprecultura.cat\/index.php\/wp-json\/wp\/v2\/tags?post=6135"}],"curies":[{"name":"wp","href":"https:\/\/api.w.org\/{rel}","templated":true}]}}