{"id":6023,"date":"2025-06-13T19:38:39","date_gmt":"2025-06-13T19:38:39","guid":{"rendered":"https:\/\/araisemprecultura.cat\/?p=6023"},"modified":"2025-06-13T19:41:10","modified_gmt":"2025-06-13T19:41:10","slug":"el-ball-de-bastons-de-la-verneda-avanca","status":"publish","type":"post","link":"https:\/\/araisemprecultura.cat\/index.php\/el-ball-de-bastons-de-la-verneda-avanca\/noticies\/araisempre\/","title":{"rendered":"El Ball de Bastons de la Verneda avan\u00e7a!"},"content":{"rendered":"\t\t<div data-elementor-type=\"wp-post\" data-elementor-id=\"6023\" class=\"elementor elementor-6023\">\n\t\t\t\t\t\t<section class=\"elementor-section elementor-top-section elementor-element elementor-element-4566b714 elementor-section-boxed elementor-section-height-default elementor-section-height-default\" data-id=\"4566b714\" data-element_type=\"section\" data-settings=\"{&quot;_ha_eqh_enable&quot;:false}\">\n\t\t\t\t\t\t<div class=\"elementor-container elementor-column-gap-default\">\n\t\t\t\t\t<div class=\"elementor-column elementor-col-100 elementor-top-column elementor-element elementor-element-4a5f4662\" data-id=\"4a5f4662\" data-element_type=\"column\">\n\t\t\t<div class=\"elementor-widget-wrap elementor-element-populated\">\n\t\t\t\t\t\t<div class=\"elementor-element elementor-element-28aa1c1b elementor-widget elementor-widget-text-editor\" data-id=\"28aa1c1b\" data-element_type=\"widget\" data-widget_type=\"text-editor.default\">\n\t\t\t\t<div class=\"elementor-widget-container\">\n\t\t\t<style>\/*! elementor - v3.21.0 - 18-04-2024 *\/\n.elementor-widget-text-editor.elementor-drop-cap-view-stacked .elementor-drop-cap{background-color:#69727d;color:#fff}.elementor-widget-text-editor.elementor-drop-cap-view-framed .elementor-drop-cap{color:#69727d;border:3px solid;background-color:transparent}.elementor-widget-text-editor:not(.elementor-drop-cap-view-default) .elementor-drop-cap{margin-top:8px}.elementor-widget-text-editor:not(.elementor-drop-cap-view-default) .elementor-drop-cap-letter{width:1em;height:1em}.elementor-widget-text-editor .elementor-drop-cap{float:left;text-align:center;line-height:1;font-size:50px}.elementor-widget-text-editor .elementor-drop-cap-letter{display:inline-block}<\/style>\t\t\t\t<p style=\"text-align: justify;\" data-pm-slice=\"1 1 []\">Fa dues setmanes la Verneda vivia el naixement d&#8217;una nova iniciativa que pretenia i pret\u00e9n crear una colla de Ball de Bastons al barri. 15 dies despr\u00e9s, no nom\u00e9s superem la dotzena de persones que s&#8217;han interessat per la proposta i ja estan ballant plegades i plegats amb la formaci\u00f3 proporcionada per @araisemprecultura sin\u00f3 que, a m\u00e9s a m\u00e9s, aprofitant la festa de fi de curs del Casal de Barri La Verneda, 4 dansaires s&#8217;han animat i han fet una mostra de dos dels balls que han apr\u00e8s en q\u00fcesti\u00f3 de dues setmanes! Una oportunitat per donar a con\u00e8ixer a m\u00e9s gent aquesta iniciativa la qual nasqu\u00e9 com el fruit de la col\u00b7laboraci\u00f3 entre la Colla Gegantera de la Verneda, el Casal de Barri de la Verneda, la Coordinadora d\u2019Entitats de la Verneda-Sant Mart\u00ed i l\u2019Associaci\u00f3 ARA I SEMPRE. El Ball de Bastons de La Verneda pren forma a passos gegantins i esperem a presentar-ho formalment ben aviat davant del m\u00f3n bastoner i de la ciutadania!<\/p><p style=\"text-align: justify;\" data-pm-slice=\"1 1 []\">Enhorabona a totes les persones implicades i que estan fent possible aquest naixement tan il\u00b7lusionant i m\u00e0gic d&#8217;una nova colla bastonera! Els somriures d&#8217;aquesta nova fam\u00edlia cultural s\u00f3n, sense dubte, el millor dels regals!<\/p><p style=\"text-align: justify;\" data-pm-slice=\"1 1 []\"><strong>VISCA EL BALL DE BASTONS! ARA I SEMPRE!<\/strong><\/p>\t\t\t\t\t\t<\/div>\n\t\t\t\t<\/div>\n\t\t\t\t<div class=\"elementor-element elementor-element-f11a5b5 elementor-arrows-position-inside elementor-pagination-position-outside elementor-widget elementor-widget-image-carousel\" data-id=\"f11a5b5\" data-element_type=\"widget\" data-settings=\"{&quot;slides_to_show&quot;:&quot;1&quot;,&quot;navigation&quot;:&quot;both&quot;,&quot;autoplay&quot;:&quot;yes&quot;,&quot;pause_on_hover&quot;:&quot;yes&quot;,&quot;pause_on_interaction&quot;:&quot;yes&quot;,&quot;autoplay_speed&quot;:5000,&quot;infinite&quot;:&quot;yes&quot;,&quot;effect&quot;:&quot;slide&quot;,&quot;speed&quot;:500}\" data-widget_type=\"image-carousel.default\">\n\t\t\t\t<div class=\"elementor-widget-container\">\n\t\t\t<style>\/*! elementor - v3.21.0 - 18-04-2024 *\/\n.elementor-widget-image-carousel .swiper,.elementor-widget-image-carousel .swiper-container{position:static}.elementor-widget-image-carousel .swiper-container .swiper-slide figure,.elementor-widget-image-carousel .swiper .swiper-slide figure{line-height:inherit}.elementor-widget-image-carousel .swiper-slide{text-align:center}.elementor-image-carousel-wrapper:not(.swiper-container-initialized):not(.swiper-initialized) .swiper-slide{max-width:calc(100% \/ var(--e-image-carousel-slides-to-show, 3))}<\/style>\t\t<div class=\"elementor-image-carousel-wrapper swiper\" dir=\"ltr\">\n\t\t\t<div class=\"elementor-image-carousel swiper-wrapper\" aria-live=\"off\">\n\t\t\t\t\t\t\t\t<div class=\"swiper-slide\" role=\"group\" aria-roledescription=\"slide\" aria-label=\"1 de 11\"><figure class=\"swiper-slide-inner\"><img decoding=\"async\" class=\"swiper-slide-image\" src=\"https:\/\/araisemprecultura.cat\/wp-content\/uploads\/2025\/06\/F58D5075-9316-4DFD-AE0B-4AADD1B969C1-scaled.jpeg\" alt=\"F58D5075-9316-4DFD-AE0B-4AADD1B969C1\" \/><\/figure><\/div><div class=\"swiper-slide\" role=\"group\" aria-roledescription=\"slide\" aria-label=\"2 de 11\"><figure class=\"swiper-slide-inner\"><img decoding=\"async\" class=\"swiper-slide-image\" src=\"https:\/\/araisemprecultura.cat\/wp-content\/uploads\/2025\/06\/67A8EBE5-DCAA-4875-A14E-AC5F5F76AFC6-scaled.jpeg\" alt=\"67A8EBE5-DCAA-4875-A14E-AC5F5F76AFC6\" \/><\/figure><\/div><div class=\"swiper-slide\" role=\"group\" aria-roledescription=\"slide\" aria-label=\"3 de 11\"><figure class=\"swiper-slide-inner\"><img decoding=\"async\" class=\"swiper-slide-image\" src=\"https:\/\/araisemprecultura.cat\/wp-content\/uploads\/2025\/06\/1F81E7F5-4A90-49FA-8354-D165827F6606-scaled.jpeg\" alt=\"1F81E7F5-4A90-49FA-8354-D165827F6606\" \/><\/figure><\/div><div class=\"swiper-slide\" role=\"group\" aria-roledescription=\"slide\" aria-label=\"4 de 11\"><figure class=\"swiper-slide-inner\"><img decoding=\"async\" class=\"swiper-slide-image\" src=\"https:\/\/araisemprecultura.cat\/wp-content\/uploads\/2025\/06\/88A2B7B6-4336-4DF2-8C53-91D0B02FC145-scaled.jpeg\" alt=\"88A2B7B6-4336-4DF2-8C53-91D0B02FC145\" \/><\/figure><\/div><div class=\"swiper-slide\" role=\"group\" aria-roledescription=\"slide\" aria-label=\"5 de 11\"><figure class=\"swiper-slide-inner\"><img decoding=\"async\" class=\"swiper-slide-image\" src=\"https:\/\/araisemprecultura.cat\/wp-content\/uploads\/2025\/06\/4517DFA7-0744-4166-B3FC-89039B97831C-scaled.jpeg\" alt=\"4517DFA7-0744-4166-B3FC-89039B97831C\" \/><\/figure><\/div><div class=\"swiper-slide\" role=\"group\" aria-roledescription=\"slide\" aria-label=\"6 de 11\"><figure class=\"swiper-slide-inner\"><img decoding=\"async\" class=\"swiper-slide-image\" src=\"https:\/\/araisemprecultura.cat\/wp-content\/uploads\/2025\/06\/0C5084D9-5D53-436A-A924-A7B7D0DC5BB1-scaled.jpeg\" alt=\"0C5084D9-5D53-436A-A924-A7B7D0DC5BB1\" \/><\/figure><\/div><div class=\"swiper-slide\" role=\"group\" aria-roledescription=\"slide\" aria-label=\"7 de 11\"><figure class=\"swiper-slide-inner\"><img decoding=\"async\" class=\"swiper-slide-image\" src=\"https:\/\/araisemprecultura.cat\/wp-content\/uploads\/2025\/06\/5ABFF01F-800E-4BD0-9E20-B9261AA769EF-scaled.jpeg\" alt=\"5ABFF01F-800E-4BD0-9E20-B9261AA769EF\" \/><\/figure><\/div><div class=\"swiper-slide\" role=\"group\" aria-roledescription=\"slide\" aria-label=\"8 de 11\"><figure class=\"swiper-slide-inner\"><img decoding=\"async\" class=\"swiper-slide-image\" src=\"https:\/\/araisemprecultura.cat\/wp-content\/uploads\/2025\/06\/F4D321C9-B7BD-4347-A175-F9AAA9613AC0-scaled.jpeg\" alt=\"F4D321C9-B7BD-4347-A175-F9AAA9613AC0\" \/><\/figure><\/div><div class=\"swiper-slide\" role=\"group\" aria-roledescription=\"slide\" aria-label=\"9 de 11\"><figure class=\"swiper-slide-inner\"><img decoding=\"async\" class=\"swiper-slide-image\" src=\"https:\/\/araisemprecultura.cat\/wp-content\/uploads\/2025\/06\/C1021F42-65CA-4E7F-8631-BB5447F9F76F-scaled.jpeg\" alt=\"C1021F42-65CA-4E7F-8631-BB5447F9F76F\" \/><\/figure><\/div><div class=\"swiper-slide\" role=\"group\" aria-roledescription=\"slide\" aria-label=\"10 de 11\"><figure class=\"swiper-slide-inner\"><img decoding=\"async\" class=\"swiper-slide-image\" src=\"https:\/\/araisemprecultura.cat\/wp-content\/uploads\/2025\/06\/8CE7BD87-BA1E-4585-A812-6368650417F5-scaled.jpeg\" alt=\"8CE7BD87-BA1E-4585-A812-6368650417F5\" \/><\/figure><\/div><div class=\"swiper-slide\" role=\"group\" aria-roledescription=\"slide\" aria-label=\"11 de 11\"><figure class=\"swiper-slide-inner\"><img decoding=\"async\" class=\"swiper-slide-image\" src=\"https:\/\/araisemprecultura.cat\/wp-content\/uploads\/2025\/06\/AE7B112F-0DED-4A66-ACD2-4888C04EB91E-scaled.jpeg\" alt=\"AE7B112F-0DED-4A66-ACD2-4888C04EB91E\" \/><\/figure><\/div>\t\t\t<\/div>\n\t\t\t\t\t\t\t\t\t\t\t\t<div class=\"elementor-swiper-button elementor-swiper-button-prev\" role=\"button\" tabindex=\"0\">\n\t\t\t\t\t\t<i aria-hidden=\"true\" class=\"eicon-chevron-left\"><\/i>\t\t\t\t\t<\/div>\n\t\t\t\t\t<div class=\"elementor-swiper-button elementor-swiper-button-next\" role=\"button\" tabindex=\"0\">\n\t\t\t\t\t\t<i aria-hidden=\"true\" class=\"eicon-chevron-right\"><\/i>\t\t\t\t\t<\/div>\n\t\t\t\t\n\t\t\t\t\t\t\t\t\t<div class=\"swiper-pagination\"><\/div>\n\t\t\t\t\t\t\t\t\t<\/div>\n\t\t\t\t<\/div>\n\t\t\t\t<\/div>\n\t\t\t\t\t<\/div>\n\t\t<\/div>\n\t\t\t\t\t<\/div>\n\t\t<\/section>\n\t\t\t\t<\/div>\n\t\t","protected":false},"excerpt":{"rendered":"<p>Fa dues setmanes la Verneda vivia el naixement d&#8217;una nova iniciativa que pretenia i pret\u00e9n crear una colla de Ball de Bastons al barri. 15 dies despr\u00e9s, no nom\u00e9s superem la dotzena de persones que s&#8217;han interessat per la proposta i ja estan ballant plegades i plegats amb la formaci\u00f3 proporcionada per @araisemprecultura sin\u00f3 que, [&hellip;]<\/p>\n","protected":false},"author":3,"featured_media":6016,"comment_status":"closed","ping_status":"closed","sticky":false,"template":"","format":"standard","meta":{"_acf_changed":false,"footnotes":""},"categories":[7,1],"tags":[],"class_list":["post-6023","post","type-post","status-publish","format-standard","has-post-thumbnail","hentry","category-ball-de-bastons","category-noticies"],"acf":[],"yoast_head":"<!-- This site is optimized with the Yoast SEO plugin v21.8 - https:\/\/yoast.com\/wordpress\/plugins\/seo\/ -->\n<title>El Ball de Bastons de la Verneda avan\u00e7a! - ARA I SEMPRE<\/title>\n<meta name=\"robots\" content=\"index, follow, max-snippet:-1, max-image-preview:large, max-video-preview:-1\" \/>\n<link rel=\"canonical\" href=\"https:\/\/araisemprecultura.cat\/index.php\/el-ball-de-bastons-de-la-verneda-avanca\/noticies\/araisempre\/\" \/>\n<meta property=\"og:locale\" content=\"ca_ES\" \/>\n<meta property=\"og:type\" content=\"article\" \/>\n<meta property=\"og:title\" content=\"El Ball de Bastons de la Verneda avan\u00e7a! - ARA I SEMPRE\" \/>\n<meta property=\"og:description\" content=\"Fa dues setmanes la Verneda vivia el naixement d&#8217;una nova iniciativa que pretenia i pret\u00e9n crear una colla de Ball de Bastons al barri. 15 dies despr\u00e9s, no nom\u00e9s superem la dotzena de persones que s&#8217;han interessat per la proposta i ja estan ballant plegades i plegats amb la formaci\u00f3 proporcionada per @araisemprecultura sin\u00f3 que, [&hellip;]\" \/>\n<meta property=\"og:url\" content=\"https:\/\/araisemprecultura.cat\/index.php\/el-ball-de-bastons-de-la-verneda-avanca\/noticies\/araisempre\/\" \/>\n<meta property=\"og:site_name\" content=\"ARA I SEMPRE\" \/>\n<meta property=\"article:published_time\" content=\"2025-06-13T19:38:39+00:00\" \/>\n<meta property=\"article:modified_time\" content=\"2025-06-13T19:41:10+00:00\" \/>\n<meta property=\"og:image\" content=\"https:\/\/araisemprecultura.cat\/wp-content\/uploads\/2025\/06\/5ABFF01F-800E-4BD0-9E20-B9261AA769EF-scaled.jpeg\" \/>\n\t<meta property=\"og:image:width\" content=\"2560\" \/>\n\t<meta property=\"og:image:height\" content=\"1920\" \/>\n\t<meta property=\"og:image:type\" content=\"image\/jpeg\" \/>\n<meta name=\"author\" content=\"Associaci\u00f3 ARA I SEMPRE\" \/>\n<meta name=\"twitter:card\" content=\"summary_large_image\" \/>\n<meta name=\"twitter:label1\" content=\"Escrit per\" \/>\n\t<meta name=\"twitter:data1\" content=\"Associaci\u00f3 ARA I SEMPRE\" \/>\n\t<meta name=\"twitter:label2\" content=\"Temps estimat de lectura\" \/>\n\t<meta name=\"twitter:data2\" content=\"4 minuts\" \/>\n<script type=\"application\/ld+json\" class=\"yoast-schema-graph\">{\"@context\":\"https:\/\/schema.org\",\"@graph\":[{\"@type\":\"Article\",\"@id\":\"https:\/\/araisemprecultura.cat\/index.php\/el-ball-de-bastons-de-la-verneda-avanca\/noticies\/araisempre\/#article\",\"isPartOf\":{\"@id\":\"https:\/\/araisemprecultura.cat\/index.php\/el-ball-de-bastons-de-la-verneda-avanca\/noticies\/araisempre\/\"},\"author\":{\"name\":\"Associaci\u00f3 ARA I SEMPRE\",\"@id\":\"https:\/\/araisemprecultura.cat\/#\/schema\/person\/63f5d9084c529771425e563e055e9753\"},\"headline\":\"El Ball de Bastons de la Verneda avan\u00e7a!\",\"datePublished\":\"2025-06-13T19:38:39+00:00\",\"dateModified\":\"2025-06-13T19:41:10+00:00\",\"mainEntityOfPage\":{\"@id\":\"https:\/\/araisemprecultura.cat\/index.php\/el-ball-de-bastons-de-la-verneda-avanca\/noticies\/araisempre\/\"},\"wordCount\":232,\"publisher\":{\"@id\":\"https:\/\/araisemprecultura.cat\/#organization\"},\"articleSection\":[\"Ball de Bastons\",\"Not\u00edcies\"],\"inLanguage\":\"ca\"},{\"@type\":\"WebPage\",\"@id\":\"https:\/\/araisemprecultura.cat\/index.php\/el-ball-de-bastons-de-la-verneda-avanca\/noticies\/araisempre\/\",\"url\":\"https:\/\/araisemprecultura.cat\/index.php\/el-ball-de-bastons-de-la-verneda-avanca\/noticies\/araisempre\/\",\"name\":\"El Ball de Bastons de la Verneda avan\u00e7a! - ARA I SEMPRE\",\"isPartOf\":{\"@id\":\"https:\/\/araisemprecultura.cat\/#website\"},\"datePublished\":\"2025-06-13T19:38:39+00:00\",\"dateModified\":\"2025-06-13T19:41:10+00:00\",\"breadcrumb\":{\"@id\":\"https:\/\/araisemprecultura.cat\/index.php\/el-ball-de-bastons-de-la-verneda-avanca\/noticies\/araisempre\/#breadcrumb\"},\"inLanguage\":\"ca\",\"potentialAction\":[{\"@type\":\"ReadAction\",\"target\":[\"https:\/\/araisemprecultura.cat\/index.php\/el-ball-de-bastons-de-la-verneda-avanca\/noticies\/araisempre\/\"]}]},{\"@type\":\"BreadcrumbList\",\"@id\":\"https:\/\/araisemprecultura.cat\/index.php\/el-ball-de-bastons-de-la-verneda-avanca\/noticies\/araisempre\/#breadcrumb\",\"itemListElement\":[{\"@type\":\"ListItem\",\"position\":1,\"name\":\"Inici\",\"item\":\"https:\/\/araisemprecultura.cat\/\"},{\"@type\":\"ListItem\",\"position\":2,\"name\":\"El Ball de Bastons de la Verneda avan\u00e7a!\"}]},{\"@type\":\"WebSite\",\"@id\":\"https:\/\/araisemprecultura.cat\/#website\",\"url\":\"https:\/\/araisemprecultura.cat\/\",\"name\":\"ARA I SEMPRE\",\"description\":\"\",\"publisher\":{\"@id\":\"https:\/\/araisemprecultura.cat\/#organization\"},\"potentialAction\":[{\"@type\":\"SearchAction\",\"target\":{\"@type\":\"EntryPoint\",\"urlTemplate\":\"https:\/\/araisemprecultura.cat\/?s={search_term_string}\"},\"query-input\":\"required name=search_term_string\"}],\"inLanguage\":\"ca\"},{\"@type\":\"Organization\",\"@id\":\"https:\/\/araisemprecultura.cat\/#organization\",\"name\":\"ARA I SEMPRE\",\"url\":\"https:\/\/araisemprecultura.cat\/\",\"logo\":{\"@type\":\"ImageObject\",\"inLanguage\":\"ca\",\"@id\":\"https:\/\/araisemprecultura.cat\/#\/schema\/logo\/image\/\",\"url\":\"https:\/\/araisemprecultura.cat\/wp-content\/uploads\/2022\/02\/Disseny-imatge-ara-i-sempre-161.png\",\"contentUrl\":\"https:\/\/araisemprecultura.cat\/wp-content\/uploads\/2022\/02\/Disseny-imatge-ara-i-sempre-161.png\",\"width\":\"1962\",\"height\":\"713\",\"caption\":\"ARA I SEMPRE\"},\"image\":{\"@id\":\"https:\/\/araisemprecultura.cat\/#\/schema\/logo\/image\/\"}},{\"@type\":\"Person\",\"@id\":\"https:\/\/araisemprecultura.cat\/#\/schema\/person\/63f5d9084c529771425e563e055e9753\",\"name\":\"Associaci\u00f3 ARA I SEMPRE\",\"image\":{\"@type\":\"ImageObject\",\"inLanguage\":\"ca\",\"@id\":\"https:\/\/araisemprecultura.cat\/#\/schema\/person\/image\/\",\"url\":\"https:\/\/secure.gravatar.com\/avatar\/79119cae4235670f2cf10d32f7e31d7e8ddcdc1f4fa0a59abe7d167411092c01?s=96&r=g\",\"contentUrl\":\"https:\/\/secure.gravatar.com\/avatar\/79119cae4235670f2cf10d32f7e31d7e8ddcdc1f4fa0a59abe7d167411092c01?s=96&r=g\",\"caption\":\"Associaci\u00f3 ARA I SEMPRE\"},\"url\":\"https:\/\/araisemprecultura.cat\/index.php\/author\/araisempre\/\"}]}<\/script>\n<!-- \/ Yoast SEO plugin. -->","yoast_head_json":{"title":"El Ball de Bastons de la Verneda avan\u00e7a! - ARA I SEMPRE","robots":{"index":"index","follow":"follow","max-snippet":"max-snippet:-1","max-image-preview":"max-image-preview:large","max-video-preview":"max-video-preview:-1"},"canonical":"https:\/\/araisemprecultura.cat\/index.php\/el-ball-de-bastons-de-la-verneda-avanca\/noticies\/araisempre\/","og_locale":"ca_ES","og_type":"article","og_title":"El Ball de Bastons de la Verneda avan\u00e7a! - ARA I SEMPRE","og_description":"Fa dues setmanes la Verneda vivia el naixement d&#8217;una nova iniciativa que pretenia i pret\u00e9n crear una colla de Ball de Bastons al barri. 15 dies despr\u00e9s, no nom\u00e9s superem la dotzena de persones que s&#8217;han interessat per la proposta i ja estan ballant plegades i plegats amb la formaci\u00f3 proporcionada per @araisemprecultura sin\u00f3 que, [&hellip;]","og_url":"https:\/\/araisemprecultura.cat\/index.php\/el-ball-de-bastons-de-la-verneda-avanca\/noticies\/araisempre\/","og_site_name":"ARA I SEMPRE","article_published_time":"2025-06-13T19:38:39+00:00","article_modified_time":"2025-06-13T19:41:10+00:00","og_image":[{"width":"2560","height":"1920","url":"https:\/\/araisemprecultura.cat\/wp-content\/uploads\/2025\/06\/5ABFF01F-800E-4BD0-9E20-B9261AA769EF-scaled.jpeg","type":"image\/jpeg"}],"author":"Associaci\u00f3 ARA I SEMPRE","twitter_card":"summary_large_image","twitter_misc":{"Escrit per":"Associaci\u00f3 ARA I SEMPRE","Temps estimat de lectura":"4 minuts"},"schema":{"@context":"https:\/\/schema.org","@graph":[{"@type":"Article","@id":"https:\/\/araisemprecultura.cat\/index.php\/el-ball-de-bastons-de-la-verneda-avanca\/noticies\/araisempre\/#article","isPartOf":{"@id":"https:\/\/araisemprecultura.cat\/index.php\/el-ball-de-bastons-de-la-verneda-avanca\/noticies\/araisempre\/"},"author":{"name":"Associaci\u00f3 ARA I SEMPRE","@id":"https:\/\/araisemprecultura.cat\/#\/schema\/person\/63f5d9084c529771425e563e055e9753"},"headline":"El Ball de Bastons de la Verneda avan\u00e7a!","datePublished":"2025-06-13T19:38:39+00:00","dateModified":"2025-06-13T19:41:10+00:00","mainEntityOfPage":{"@id":"https:\/\/araisemprecultura.cat\/index.php\/el-ball-de-bastons-de-la-verneda-avanca\/noticies\/araisempre\/"},"wordCount":232,"publisher":{"@id":"https:\/\/araisemprecultura.cat\/#organization"},"articleSection":["Ball de Bastons","Not\u00edcies"],"inLanguage":"ca"},{"@type":"WebPage","@id":"https:\/\/araisemprecultura.cat\/index.php\/el-ball-de-bastons-de-la-verneda-avanca\/noticies\/araisempre\/","url":"https:\/\/araisemprecultura.cat\/index.php\/el-ball-de-bastons-de-la-verneda-avanca\/noticies\/araisempre\/","name":"El Ball de Bastons de la Verneda avan\u00e7a! - ARA I SEMPRE","isPartOf":{"@id":"https:\/\/araisemprecultura.cat\/#website"},"datePublished":"2025-06-13T19:38:39+00:00","dateModified":"2025-06-13T19:41:10+00:00","breadcrumb":{"@id":"https:\/\/araisemprecultura.cat\/index.php\/el-ball-de-bastons-de-la-verneda-avanca\/noticies\/araisempre\/#breadcrumb"},"inLanguage":"ca","potentialAction":[{"@type":"ReadAction","target":["https:\/\/araisemprecultura.cat\/index.php\/el-ball-de-bastons-de-la-verneda-avanca\/noticies\/araisempre\/"]}]},{"@type":"BreadcrumbList","@id":"https:\/\/araisemprecultura.cat\/index.php\/el-ball-de-bastons-de-la-verneda-avanca\/noticies\/araisempre\/#breadcrumb","itemListElement":[{"@type":"ListItem","position":1,"name":"Inici","item":"https:\/\/araisemprecultura.cat\/"},{"@type":"ListItem","position":2,"name":"El Ball de Bastons de la Verneda avan\u00e7a!"}]},{"@type":"WebSite","@id":"https:\/\/araisemprecultura.cat\/#website","url":"https:\/\/araisemprecultura.cat\/","name":"ARA I SEMPRE","description":"","publisher":{"@id":"https:\/\/araisemprecultura.cat\/#organization"},"potentialAction":[{"@type":"SearchAction","target":{"@type":"EntryPoint","urlTemplate":"https:\/\/araisemprecultura.cat\/?s={search_term_string}"},"query-input":"required name=search_term_string"}],"inLanguage":"ca"},{"@type":"Organization","@id":"https:\/\/araisemprecultura.cat\/#organization","name":"ARA I SEMPRE","url":"https:\/\/araisemprecultura.cat\/","logo":{"@type":"ImageObject","inLanguage":"ca","@id":"https:\/\/araisemprecultura.cat\/#\/schema\/logo\/image\/","url":"https:\/\/araisemprecultura.cat\/wp-content\/uploads\/2022\/02\/Disseny-imatge-ara-i-sempre-161.png","contentUrl":"https:\/\/araisemprecultura.cat\/wp-content\/uploads\/2022\/02\/Disseny-imatge-ara-i-sempre-161.png","width":"1962","height":"713","caption":"ARA I SEMPRE"},"image":{"@id":"https:\/\/araisemprecultura.cat\/#\/schema\/logo\/image\/"}},{"@type":"Person","@id":"https:\/\/araisemprecultura.cat\/#\/schema\/person\/63f5d9084c529771425e563e055e9753","name":"Associaci\u00f3 ARA I SEMPRE","image":{"@type":"ImageObject","inLanguage":"ca","@id":"https:\/\/araisemprecultura.cat\/#\/schema\/person\/image\/","url":"https:\/\/secure.gravatar.com\/avatar\/79119cae4235670f2cf10d32f7e31d7e8ddcdc1f4fa0a59abe7d167411092c01?s=96&r=g","contentUrl":"https:\/\/secure.gravatar.com\/avatar\/79119cae4235670f2cf10d32f7e31d7e8ddcdc1f4fa0a59abe7d167411092c01?s=96&r=g","caption":"Associaci\u00f3 ARA I SEMPRE"},"url":"https:\/\/araisemprecultura.cat\/index.php\/author\/araisempre\/"}]}},"_links":{"self":[{"href":"https:\/\/araisemprecultura.cat\/index.php\/wp-json\/wp\/v2\/posts\/6023","targetHints":{"allow":["GET"]}}],"collection":[{"href":"https:\/\/araisemprecultura.cat\/index.php\/wp-json\/wp\/v2\/posts"}],"about":[{"href":"https:\/\/araisemprecultura.cat\/index.php\/wp-json\/wp\/v2\/types\/post"}],"author":[{"embeddable":true,"href":"https:\/\/araisemprecultura.cat\/index.php\/wp-json\/wp\/v2\/users\/3"}],"replies":[{"embeddable":true,"href":"https:\/\/araisemprecultura.cat\/index.php\/wp-json\/wp\/v2\/comments?post=6023"}],"version-history":[{"count":4,"href":"https:\/\/araisemprecultura.cat\/index.php\/wp-json\/wp\/v2\/posts\/6023\/revisions"}],"predecessor-version":[{"id":6027,"href":"https:\/\/araisemprecultura.cat\/index.php\/wp-json\/wp\/v2\/posts\/6023\/revisions\/6027"}],"wp:featuredmedia":[{"embeddable":true,"href":"https:\/\/araisemprecultura.cat\/index.php\/wp-json\/wp\/v2\/media\/6016"}],"wp:attachment":[{"href":"https:\/\/araisemprecultura.cat\/index.php\/wp-json\/wp\/v2\/media?parent=6023"}],"wp:term":[{"taxonomy":"category","embeddable":true,"href":"https:\/\/araisemprecultura.cat\/index.php\/wp-json\/wp\/v2\/categories?post=6023"},{"taxonomy":"post_tag","embeddable":true,"href":"https:\/\/araisemprecultura.cat\/index.php\/wp-json\/wp\/v2\/tags?post=6023"}],"curies":[{"name":"wp","href":"https:\/\/api.w.org\/{rel}","templated":true}]}}