{"id":5151,"date":"2024-12-21T23:45:19","date_gmt":"2024-12-21T23:45:19","guid":{"rendered":"https:\/\/araisemprecultura.cat\/?p=5151"},"modified":"2025-01-26T13:53:21","modified_gmt":"2025-01-26T13:53:21","slug":"video-cants-del-solstici-dhivern","status":"publish","type":"post","link":"https:\/\/araisemprecultura.cat\/index.php\/video-cants-del-solstici-dhivern\/noticies\/araisempre\/","title":{"rendered":"[V\u00eddeo] Cants del solstici d\u2019hivern"},"content":{"rendered":"\t\t<div data-elementor-type=\"wp-post\" data-elementor-id=\"5151\" class=\"elementor elementor-5151\">\n\t\t\t\t\t\t<section class=\"elementor-section elementor-top-section elementor-element elementor-element-4566b714 elementor-section-boxed elementor-section-height-default elementor-section-height-default\" data-id=\"4566b714\" data-element_type=\"section\" data-settings=\"{&quot;_ha_eqh_enable&quot;:false}\">\n\t\t\t\t\t\t<div class=\"elementor-container elementor-column-gap-default\">\n\t\t\t\t\t<div class=\"elementor-column elementor-col-100 elementor-top-column elementor-element elementor-element-4a5f4662\" data-id=\"4a5f4662\" data-element_type=\"column\">\n\t\t\t<div class=\"elementor-widget-wrap elementor-element-populated\">\n\t\t\t\t\t\t<div class=\"elementor-element elementor-element-28aa1c1b elementor-widget elementor-widget-text-editor\" data-id=\"28aa1c1b\" data-element_type=\"widget\" data-widget_type=\"text-editor.default\">\n\t\t\t\t<div class=\"elementor-widget-container\">\n\t\t\t<style>\/*! elementor - v3.21.0 - 18-04-2024 *\/\n.elementor-widget-text-editor.elementor-drop-cap-view-stacked .elementor-drop-cap{background-color:#69727d;color:#fff}.elementor-widget-text-editor.elementor-drop-cap-view-framed .elementor-drop-cap{color:#69727d;border:3px solid;background-color:transparent}.elementor-widget-text-editor:not(.elementor-drop-cap-view-default) .elementor-drop-cap{margin-top:8px}.elementor-widget-text-editor:not(.elementor-drop-cap-view-default) .elementor-drop-cap-letter{width:1em;height:1em}.elementor-widget-text-editor .elementor-drop-cap{float:left;text-align:center;line-height:1;font-size:50px}.elementor-widget-text-editor .elementor-drop-cap-letter{display:inline-block}<\/style>\t\t\t\t<p style=\"text-align: justify;\" data-pm-slice=\"1 1 []\"><em>La informaci\u00f3 que trobareu a continuaci\u00f3 \u00e9s del grup REVETLLERES amb el qual ARA I SEMPRE ha col\u00b7laborat per fer possible aquest esdeveniment. Al final, trobareu un v\u00eddeo sobre la jornada en q\u00fcesti\u00f3.<\/em><\/p><p style=\"text-align: justify;\" data-pm-slice=\"1 1 []\">REVETLLERES, Grup d\u2019alumnes de la Raquel Cruces a Barcelona. Format per gaireb\u00e9 una vintena d\u2019\u00e0nimes curioses i d\u2019alta musicalitat, es troben dues tardes al mes per aprendre antigues tonades, tocs de pandero i altres utensilis de cuina que les nostres \u00e0vies ens han ensenyat a tocar per fer que tothom balli.<img decoding=\"async\" class=\"emoji\" role=\"img\" draggable=\"false\" src=\"https:\/\/s.w.org\/images\/core\/emoji\/15.0.3\/svg\/1f483-1f3fc.svg\" alt=\"\ud83d\udc83\ud83c\udffc\" \/><\/p><p style=\"text-align: justify;\" data-pm-slice=\"1 1 []\">El concert de finals d\u2019any en diem\u00a0<strong>Cants del solstici d\u2019hivern<\/strong>. Us cantarem can\u00e7ons pr\u00f2pies dels ritus i celebracions d\u00b4aquest moment de l\u00b4any on ens preparem, patint el fred, tant la terra com els seus habitants, per al\u00b4arribada de la primavera; esperant trobar-hi, uns mesos m\u00e9s endavant, la fertilitat dels camps, l\u2019abund\u00e0ncia d\u2019aliments, la fortuna en els amors, la calor del sol i la bellesa de les flors.\u00a0<img decoding=\"async\" class=\"emoji\" role=\"img\" draggable=\"false\" src=\"https:\/\/s.w.org\/images\/core\/emoji\/15.0.3\/svg\/1f490.svg\" alt=\"\ud83d\udc90\" \/><img decoding=\"async\" class=\"emoji\" role=\"img\" draggable=\"false\" src=\"https:\/\/s.w.org\/images\/core\/emoji\/15.0.3\/svg\/1f339.svg\" alt=\"\ud83c\udf39\" \/><img decoding=\"async\" class=\"emoji\" role=\"img\" draggable=\"false\" src=\"https:\/\/s.w.org\/images\/core\/emoji\/15.0.3\/svg\/1f337.svg\" alt=\"\ud83c\udf37\" \/><img decoding=\"async\" class=\"emoji\" role=\"img\" draggable=\"false\" src=\"https:\/\/s.w.org\/images\/core\/emoji\/15.0.3\/svg\/1f33b.svg\" alt=\"\ud83c\udf3b\" \/><\/p>\t\t\t\t\t\t<\/div>\n\t\t\t\t<\/div>\n\t\t\t\t<div class=\"elementor-element elementor-element-1522aeb elementor-widget elementor-widget-html\" data-id=\"1522aeb\" data-element_type=\"widget\" data-widget_type=\"html.default\">\n\t\t\t\t<div class=\"elementor-widget-container\">\n\t\t\t<blockquote class=\"instagram-media\" data-instgrm-captioned data-instgrm-permalink=\"https:\/\/www.instagram.com\/reel\/DD4TL4-OQ6k\/?utm_source=ig_embed&amp;utm_campaign=loading\" data-instgrm-version=\"14\" style=\" background:#FFF; border:0; border-radius:3px; box-shadow:0 0 1px 0 rgba(0,0,0,0.5),0 1px 10px 0 rgba(0,0,0,0.15); margin: 1px; max-width:540px; min-width:326px; padding:0; width:99.375%; width:-webkit-calc(100% - 2px); width:calc(100% - 2px);\"><div style=\"padding:16px;\"> <a href=\"https:\/\/www.instagram.com\/reel\/DD4TL4-OQ6k\/?utm_source=ig_embed&amp;utm_campaign=loading\" style=\" background:#FFFFFF; line-height:0; padding:0 0; text-align:center; text-decoration:none; width:100%;\" target=\"_blank\"> <div style=\" display: flex; flex-direction: row; align-items: center;\"> <div style=\"background-color: #F4F4F4; border-radius: 50%; flex-grow: 0; height: 40px; margin-right: 14px; width: 40px;\"><\/div> <div style=\"display: flex; flex-direction: column; flex-grow: 1; justify-content: center;\"> <div style=\" background-color: #F4F4F4; border-radius: 4px; flex-grow: 0; height: 14px; margin-bottom: 6px; width: 100px;\"><\/div> <div style=\" background-color: #F4F4F4; border-radius: 4px; flex-grow: 0; height: 14px; width: 60px;\"><\/div><\/div><\/div><div style=\"padding: 19% 0;\"><\/div> <div style=\"display:block; height:50px; margin:0 auto 12px; width:50px;\"><svg width=\"50px\" height=\"50px\" viewBox=\"0 0 60 60\" version=\"1.1\" xmlns=\"https:\/\/www.w3.org\/2000\/svg\" xmlns:xlink=\"https:\/\/www.w3.org\/1999\/xlink\"><g stroke=\"none\" stroke-width=\"1\" fill=\"none\" fill-rule=\"evenodd\"><g transform=\"translate(-511.000000, -20.000000)\" fill=\"#000000\"><g><path d=\"M556.869,30.41 C554.814,30.41 553.148,32.076 553.148,34.131 C553.148,36.186 554.814,37.852 556.869,37.852 C558.924,37.852 560.59,36.186 560.59,34.131 C560.59,32.076 558.924,30.41 556.869,30.41 M541,60.657 C535.114,60.657 530.342,55.887 530.342,50 C530.342,44.114 535.114,39.342 541,39.342 C546.887,39.342 551.658,44.114 551.658,50 C551.658,55.887 546.887,60.657 541,60.657 M541,33.886 C532.1,33.886 524.886,41.1 524.886,50 C524.886,58.899 532.1,66.113 541,66.113 C549.9,66.113 557.115,58.899 557.115,50 C557.115,41.1 549.9,33.886 541,33.886 M565.378,62.101 C565.244,65.022 564.756,66.606 564.346,67.663 C563.803,69.06 563.154,70.057 562.106,71.106 C561.058,72.155 560.06,72.803 558.662,73.347 C557.607,73.757 556.021,74.244 553.102,74.378 C549.944,74.521 548.997,74.552 541,74.552 C533.003,74.552 532.056,74.521 528.898,74.378 C525.979,74.244 524.393,73.757 523.338,73.347 C521.94,72.803 520.942,72.155 519.894,71.106 C518.846,70.057 518.197,69.06 517.654,67.663 C517.244,66.606 516.755,65.022 516.623,62.101 C516.479,58.943 516.448,57.996 516.448,50 C516.448,42.003 516.479,41.056 516.623,37.899 C516.755,34.978 517.244,33.391 517.654,32.338 C518.197,30.938 518.846,29.942 519.894,28.894 C520.942,27.846 521.94,27.196 523.338,26.654 C524.393,26.244 525.979,25.756 528.898,25.623 C532.057,25.479 533.004,25.448 541,25.448 C548.997,25.448 549.943,25.479 553.102,25.623 C556.021,25.756 557.607,26.244 558.662,26.654 C560.06,27.196 561.058,27.846 562.106,28.894 C563.154,29.942 563.803,30.938 564.346,32.338 C564.756,33.391 565.244,34.978 565.378,37.899 C565.522,41.056 565.552,42.003 565.552,50 C565.552,57.996 565.522,58.943 565.378,62.101 M570.82,37.631 C570.674,34.438 570.167,32.258 569.425,30.349 C568.659,28.377 567.633,26.702 565.965,25.035 C564.297,23.368 562.623,22.342 560.652,21.575 C558.743,20.834 556.562,20.326 553.369,20.18 C550.169,20.033 549.148,20 541,20 C532.853,20 531.831,20.033 528.631,20.18 C525.438,20.326 523.257,20.834 521.349,21.575 C519.376,22.342 517.703,23.368 516.035,25.035 C514.368,26.702 513.342,28.377 512.574,30.349 C511.834,32.258 511.326,34.438 511.181,37.631 C511.035,40.831 511,41.851 511,50 C511,58.147 511.035,59.17 511.181,62.369 C511.326,65.562 511.834,67.743 512.574,69.651 C513.342,71.625 514.368,73.296 516.035,74.965 C517.703,76.634 519.376,77.658 521.349,78.425 C523.257,79.167 525.438,79.673 528.631,79.82 C531.831,79.965 532.853,80.001 541,80.001 C549.148,80.001 550.169,79.965 553.369,79.82 C556.562,79.673 558.743,79.167 560.652,78.425 C562.623,77.658 564.297,76.634 565.965,74.965 C567.633,73.296 568.659,71.625 569.425,69.651 C570.167,67.743 570.674,65.562 570.82,62.369 C570.966,59.17 571,58.147 571,50 C571,41.851 570.966,40.831 570.82,37.631\"><\/path><\/g><\/g><\/g><\/svg><\/div><div style=\"padding-top: 8px;\"> <div style=\" color:#3897f0; font-family:Arial,sans-serif; font-size:14px; font-style:normal; font-weight:550; line-height:18px;\">View this post on Instagram<\/div><\/div><div style=\"padding: 12.5% 0;\"><\/div> <div style=\"display: flex; flex-direction: row; margin-bottom: 14px; align-items: center;\"><div> <div style=\"background-color: #F4F4F4; border-radius: 50%; height: 12.5px; width: 12.5px; transform: translateX(0px) translateY(7px);\"><\/div> <div style=\"background-color: #F4F4F4; height: 12.5px; transform: rotate(-45deg) translateX(3px) translateY(1px); width: 12.5px; flex-grow: 0; margin-right: 14px; margin-left: 2px;\"><\/div> <div style=\"background-color: #F4F4F4; border-radius: 50%; height: 12.5px; width: 12.5px; transform: translateX(9px) translateY(-18px);\"><\/div><\/div><div style=\"margin-left: 8px;\"> <div style=\" background-color: #F4F4F4; border-radius: 50%; flex-grow: 0; height: 20px; width: 20px;\"><\/div> <div style=\" width: 0; height: 0; border-top: 2px solid transparent; border-left: 6px solid #f4f4f4; border-bottom: 2px solid transparent; transform: translateX(16px) translateY(-4px) rotate(30deg)\"><\/div><\/div><div style=\"margin-left: auto;\"> <div style=\" width: 0px; border-top: 8px solid #F4F4F4; border-right: 8px solid transparent; transform: translateY(16px);\"><\/div> <div style=\" background-color: #F4F4F4; flex-grow: 0; height: 12px; width: 16px; transform: translateY(-4px);\"><\/div> <div style=\" width: 0; height: 0; border-top: 8px solid #F4F4F4; border-left: 8px solid transparent; transform: translateY(-4px) translateX(8px);\"><\/div><\/div><\/div> <div style=\"display: flex; flex-direction: column; flex-grow: 1; justify-content: center; margin-bottom: 24px;\"> <div style=\" background-color: #F4F4F4; border-radius: 4px; flex-grow: 0; height: 14px; margin-bottom: 6px; width: 224px;\"><\/div> <div style=\" background-color: #F4F4F4; border-radius: 4px; flex-grow: 0; height: 14px; width: 144px;\"><\/div><\/div><\/a><p style=\" color:#c9c8cd; font-family:Arial,sans-serif; font-size:14px; line-height:17px; margin-bottom:0; margin-top:8px; overflow:hidden; padding:8px 0 7px; text-align:center; text-overflow:ellipsis; white-space:nowrap;\"><a href=\"https:\/\/www.instagram.com\/reel\/DD4TL4-OQ6k\/?utm_source=ig_embed&amp;utm_campaign=loading\" style=\" color:#c9c8cd; font-family:Arial,sans-serif; font-size:14px; font-style:normal; font-weight:normal; line-height:17px; text-decoration:none;\" target=\"_blank\">A post shared by Les Revetlleres (@revetlleres)<\/a><\/p><\/div><\/blockquote>\r\n<script async src=\"\/\/www.instagram.com\/embed.js\"><\/script>\t\t<\/div>\n\t\t\t\t<\/div>\n\t\t\t\t\t<\/div>\n\t\t<\/div>\n\t\t\t\t\t<\/div>\n\t\t<\/section>\n\t\t\t\t<\/div>\n\t\t","protected":false},"excerpt":{"rendered":"<p>La informaci\u00f3 que trobareu a continuaci\u00f3 \u00e9s del grup REVETLLERES amb el qual ARA I SEMPRE ha col\u00b7laborat per fer possible aquest esdeveniment. Al final, trobareu un v\u00eddeo sobre la jornada en q\u00fcesti\u00f3. REVETLLERES, Grup d\u2019alumnes de la Raquel Cruces a Barcelona. Format per gaireb\u00e9 una vintena d\u2019\u00e0nimes curioses i d\u2019alta musicalitat, es troben dues [&hellip;]<\/p>\n","protected":false},"author":3,"featured_media":4716,"comment_status":"closed","ping_status":"closed","sticky":false,"template":"","format":"standard","meta":{"_acf_changed":false,"footnotes":""},"categories":[21,1],"tags":[],"class_list":["post-5151","post","type-post","status-publish","format-standard","has-post-thumbnail","hentry","category-altres-projectes-mes-enlla-de-lara-i-sempre","category-noticies"],"acf":[],"yoast_head":"<!-- This site is optimized with the Yoast SEO plugin v21.8 - https:\/\/yoast.com\/wordpress\/plugins\/seo\/ -->\n<title>[V\u00eddeo] Cants del solstici d\u2019hivern - ARA I SEMPRE<\/title>\n<meta name=\"robots\" content=\"index, follow, max-snippet:-1, max-image-preview:large, max-video-preview:-1\" \/>\n<link rel=\"canonical\" href=\"https:\/\/araisemprecultura.cat\/index.php\/video-cants-del-solstici-dhivern\/noticies\/araisempre\/\" \/>\n<meta property=\"og:locale\" content=\"ca_ES\" \/>\n<meta property=\"og:type\" content=\"article\" \/>\n<meta property=\"og:title\" content=\"[V\u00eddeo] Cants del solstici d\u2019hivern - ARA I SEMPRE\" \/>\n<meta property=\"og:description\" content=\"La informaci\u00f3 que trobareu a continuaci\u00f3 \u00e9s del grup REVETLLERES amb el qual ARA I SEMPRE ha col\u00b7laborat per fer possible aquest esdeveniment. Al final, trobareu un v\u00eddeo sobre la jornada en q\u00fcesti\u00f3. REVETLLERES, Grup d\u2019alumnes de la Raquel Cruces a Barcelona. Format per gaireb\u00e9 una vintena d\u2019\u00e0nimes curioses i d\u2019alta musicalitat, es troben dues [&hellip;]\" \/>\n<meta property=\"og:url\" content=\"https:\/\/araisemprecultura.cat\/index.php\/video-cants-del-solstici-dhivern\/noticies\/araisempre\/\" \/>\n<meta property=\"og:site_name\" content=\"ARA I SEMPRE\" \/>\n<meta property=\"article:published_time\" content=\"2024-12-21T23:45:19+00:00\" \/>\n<meta property=\"article:modified_time\" content=\"2025-01-26T13:53:21+00:00\" \/>\n<meta property=\"og:image\" content=\"https:\/\/araisemprecultura.cat\/wp-content\/uploads\/2024\/12\/PHOTO-2024-12-16-18-14-11.jpg\" \/>\n\t<meta property=\"og:image:width\" content=\"1599\" \/>\n\t<meta property=\"og:image:height\" content=\"1082\" \/>\n\t<meta property=\"og:image:type\" content=\"image\/jpeg\" \/>\n<meta name=\"author\" content=\"Associaci\u00f3 ARA I SEMPRE\" \/>\n<meta name=\"twitter:card\" content=\"summary_large_image\" \/>\n<meta name=\"twitter:label1\" content=\"Escrit per\" \/>\n\t<meta name=\"twitter:data1\" content=\"Associaci\u00f3 ARA I SEMPRE\" \/>\n\t<meta name=\"twitter:label2\" content=\"Temps estimat de lectura\" \/>\n\t<meta name=\"twitter:data2\" content=\"2 minuts\" \/>\n<script type=\"application\/ld+json\" class=\"yoast-schema-graph\">{\"@context\":\"https:\/\/schema.org\",\"@graph\":[{\"@type\":\"Article\",\"@id\":\"https:\/\/araisemprecultura.cat\/index.php\/video-cants-del-solstici-dhivern\/noticies\/araisempre\/#article\",\"isPartOf\":{\"@id\":\"https:\/\/araisemprecultura.cat\/index.php\/video-cants-del-solstici-dhivern\/noticies\/araisempre\/\"},\"author\":{\"name\":\"Associaci\u00f3 ARA I SEMPRE\",\"@id\":\"https:\/\/araisemprecultura.cat\/#\/schema\/person\/63f5d9084c529771425e563e055e9753\"},\"headline\":\"[V\u00eddeo] Cants del solstici d\u2019hivern\",\"datePublished\":\"2024-12-21T23:45:19+00:00\",\"dateModified\":\"2025-01-26T13:53:21+00:00\",\"mainEntityOfPage\":{\"@id\":\"https:\/\/araisemprecultura.cat\/index.php\/video-cants-del-solstici-dhivern\/noticies\/araisempre\/\"},\"wordCount\":188,\"publisher\":{\"@id\":\"https:\/\/araisemprecultura.cat\/#organization\"},\"articleSection\":[\"Altres projectes m\u00e9s enll\u00e0 de l'ARA I SEMPRE\",\"Not\u00edcies\"],\"inLanguage\":\"ca\"},{\"@type\":\"WebPage\",\"@id\":\"https:\/\/araisemprecultura.cat\/index.php\/video-cants-del-solstici-dhivern\/noticies\/araisempre\/\",\"url\":\"https:\/\/araisemprecultura.cat\/index.php\/video-cants-del-solstici-dhivern\/noticies\/araisempre\/\",\"name\":\"[V\u00eddeo] Cants del solstici d\u2019hivern - ARA I SEMPRE\",\"isPartOf\":{\"@id\":\"https:\/\/araisemprecultura.cat\/#website\"},\"datePublished\":\"2024-12-21T23:45:19+00:00\",\"dateModified\":\"2025-01-26T13:53:21+00:00\",\"breadcrumb\":{\"@id\":\"https:\/\/araisemprecultura.cat\/index.php\/video-cants-del-solstici-dhivern\/noticies\/araisempre\/#breadcrumb\"},\"inLanguage\":\"ca\",\"potentialAction\":[{\"@type\":\"ReadAction\",\"target\":[\"https:\/\/araisemprecultura.cat\/index.php\/video-cants-del-solstici-dhivern\/noticies\/araisempre\/\"]}]},{\"@type\":\"BreadcrumbList\",\"@id\":\"https:\/\/araisemprecultura.cat\/index.php\/video-cants-del-solstici-dhivern\/noticies\/araisempre\/#breadcrumb\",\"itemListElement\":[{\"@type\":\"ListItem\",\"position\":1,\"name\":\"Inici\",\"item\":\"https:\/\/araisemprecultura.cat\/\"},{\"@type\":\"ListItem\",\"position\":2,\"name\":\"[V\u00eddeo] Cants del solstici d\u2019hivern\"}]},{\"@type\":\"WebSite\",\"@id\":\"https:\/\/araisemprecultura.cat\/#website\",\"url\":\"https:\/\/araisemprecultura.cat\/\",\"name\":\"ARA I SEMPRE\",\"description\":\"\",\"publisher\":{\"@id\":\"https:\/\/araisemprecultura.cat\/#organization\"},\"potentialAction\":[{\"@type\":\"SearchAction\",\"target\":{\"@type\":\"EntryPoint\",\"urlTemplate\":\"https:\/\/araisemprecultura.cat\/?s={search_term_string}\"},\"query-input\":\"required name=search_term_string\"}],\"inLanguage\":\"ca\"},{\"@type\":\"Organization\",\"@id\":\"https:\/\/araisemprecultura.cat\/#organization\",\"name\":\"ARA I SEMPRE\",\"url\":\"https:\/\/araisemprecultura.cat\/\",\"logo\":{\"@type\":\"ImageObject\",\"inLanguage\":\"ca\",\"@id\":\"https:\/\/araisemprecultura.cat\/#\/schema\/logo\/image\/\",\"url\":\"https:\/\/araisemprecultura.cat\/wp-content\/uploads\/2022\/02\/Disseny-imatge-ara-i-sempre-161.png\",\"contentUrl\":\"https:\/\/araisemprecultura.cat\/wp-content\/uploads\/2022\/02\/Disseny-imatge-ara-i-sempre-161.png\",\"width\":\"1962\",\"height\":\"713\",\"caption\":\"ARA I SEMPRE\"},\"image\":{\"@id\":\"https:\/\/araisemprecultura.cat\/#\/schema\/logo\/image\/\"}},{\"@type\":\"Person\",\"@id\":\"https:\/\/araisemprecultura.cat\/#\/schema\/person\/63f5d9084c529771425e563e055e9753\",\"name\":\"Associaci\u00f3 ARA I SEMPRE\",\"image\":{\"@type\":\"ImageObject\",\"inLanguage\":\"ca\",\"@id\":\"https:\/\/araisemprecultura.cat\/#\/schema\/person\/image\/\",\"url\":\"https:\/\/secure.gravatar.com\/avatar\/79119cae4235670f2cf10d32f7e31d7e8ddcdc1f4fa0a59abe7d167411092c01?s=96&r=g\",\"contentUrl\":\"https:\/\/secure.gravatar.com\/avatar\/79119cae4235670f2cf10d32f7e31d7e8ddcdc1f4fa0a59abe7d167411092c01?s=96&r=g\",\"caption\":\"Associaci\u00f3 ARA I SEMPRE\"},\"url\":\"https:\/\/araisemprecultura.cat\/index.php\/author\/araisempre\/\"}]}<\/script>\n<!-- \/ Yoast SEO plugin. -->","yoast_head_json":{"title":"[V\u00eddeo] Cants del solstici d\u2019hivern - ARA I SEMPRE","robots":{"index":"index","follow":"follow","max-snippet":"max-snippet:-1","max-image-preview":"max-image-preview:large","max-video-preview":"max-video-preview:-1"},"canonical":"https:\/\/araisemprecultura.cat\/index.php\/video-cants-del-solstici-dhivern\/noticies\/araisempre\/","og_locale":"ca_ES","og_type":"article","og_title":"[V\u00eddeo] Cants del solstici d\u2019hivern - ARA I SEMPRE","og_description":"La informaci\u00f3 que trobareu a continuaci\u00f3 \u00e9s del grup REVETLLERES amb el qual ARA I SEMPRE ha col\u00b7laborat per fer possible aquest esdeveniment. Al final, trobareu un v\u00eddeo sobre la jornada en q\u00fcesti\u00f3. REVETLLERES, Grup d\u2019alumnes de la Raquel Cruces a Barcelona. Format per gaireb\u00e9 una vintena d\u2019\u00e0nimes curioses i d\u2019alta musicalitat, es troben dues [&hellip;]","og_url":"https:\/\/araisemprecultura.cat\/index.php\/video-cants-del-solstici-dhivern\/noticies\/araisempre\/","og_site_name":"ARA I SEMPRE","article_published_time":"2024-12-21T23:45:19+00:00","article_modified_time":"2025-01-26T13:53:21+00:00","og_image":[{"width":1599,"height":1082,"url":"https:\/\/araisemprecultura.cat\/wp-content\/uploads\/2024\/12\/PHOTO-2024-12-16-18-14-11.jpg","type":"image\/jpeg"}],"author":"Associaci\u00f3 ARA I SEMPRE","twitter_card":"summary_large_image","twitter_misc":{"Escrit per":"Associaci\u00f3 ARA I SEMPRE","Temps estimat de lectura":"2 minuts"},"schema":{"@context":"https:\/\/schema.org","@graph":[{"@type":"Article","@id":"https:\/\/araisemprecultura.cat\/index.php\/video-cants-del-solstici-dhivern\/noticies\/araisempre\/#article","isPartOf":{"@id":"https:\/\/araisemprecultura.cat\/index.php\/video-cants-del-solstici-dhivern\/noticies\/araisempre\/"},"author":{"name":"Associaci\u00f3 ARA I SEMPRE","@id":"https:\/\/araisemprecultura.cat\/#\/schema\/person\/63f5d9084c529771425e563e055e9753"},"headline":"[V\u00eddeo] Cants del solstici d\u2019hivern","datePublished":"2024-12-21T23:45:19+00:00","dateModified":"2025-01-26T13:53:21+00:00","mainEntityOfPage":{"@id":"https:\/\/araisemprecultura.cat\/index.php\/video-cants-del-solstici-dhivern\/noticies\/araisempre\/"},"wordCount":188,"publisher":{"@id":"https:\/\/araisemprecultura.cat\/#organization"},"articleSection":["Altres projectes m\u00e9s enll\u00e0 de l'ARA I SEMPRE","Not\u00edcies"],"inLanguage":"ca"},{"@type":"WebPage","@id":"https:\/\/araisemprecultura.cat\/index.php\/video-cants-del-solstici-dhivern\/noticies\/araisempre\/","url":"https:\/\/araisemprecultura.cat\/index.php\/video-cants-del-solstici-dhivern\/noticies\/araisempre\/","name":"[V\u00eddeo] Cants del solstici d\u2019hivern - ARA I SEMPRE","isPartOf":{"@id":"https:\/\/araisemprecultura.cat\/#website"},"datePublished":"2024-12-21T23:45:19+00:00","dateModified":"2025-01-26T13:53:21+00:00","breadcrumb":{"@id":"https:\/\/araisemprecultura.cat\/index.php\/video-cants-del-solstici-dhivern\/noticies\/araisempre\/#breadcrumb"},"inLanguage":"ca","potentialAction":[{"@type":"ReadAction","target":["https:\/\/araisemprecultura.cat\/index.php\/video-cants-del-solstici-dhivern\/noticies\/araisempre\/"]}]},{"@type":"BreadcrumbList","@id":"https:\/\/araisemprecultura.cat\/index.php\/video-cants-del-solstici-dhivern\/noticies\/araisempre\/#breadcrumb","itemListElement":[{"@type":"ListItem","position":1,"name":"Inici","item":"https:\/\/araisemprecultura.cat\/"},{"@type":"ListItem","position":2,"name":"[V\u00eddeo] Cants del solstici d\u2019hivern"}]},{"@type":"WebSite","@id":"https:\/\/araisemprecultura.cat\/#website","url":"https:\/\/araisemprecultura.cat\/","name":"ARA I SEMPRE","description":"","publisher":{"@id":"https:\/\/araisemprecultura.cat\/#organization"},"potentialAction":[{"@type":"SearchAction","target":{"@type":"EntryPoint","urlTemplate":"https:\/\/araisemprecultura.cat\/?s={search_term_string}"},"query-input":"required name=search_term_string"}],"inLanguage":"ca"},{"@type":"Organization","@id":"https:\/\/araisemprecultura.cat\/#organization","name":"ARA I SEMPRE","url":"https:\/\/araisemprecultura.cat\/","logo":{"@type":"ImageObject","inLanguage":"ca","@id":"https:\/\/araisemprecultura.cat\/#\/schema\/logo\/image\/","url":"https:\/\/araisemprecultura.cat\/wp-content\/uploads\/2022\/02\/Disseny-imatge-ara-i-sempre-161.png","contentUrl":"https:\/\/araisemprecultura.cat\/wp-content\/uploads\/2022\/02\/Disseny-imatge-ara-i-sempre-161.png","width":"1962","height":"713","caption":"ARA I SEMPRE"},"image":{"@id":"https:\/\/araisemprecultura.cat\/#\/schema\/logo\/image\/"}},{"@type":"Person","@id":"https:\/\/araisemprecultura.cat\/#\/schema\/person\/63f5d9084c529771425e563e055e9753","name":"Associaci\u00f3 ARA I SEMPRE","image":{"@type":"ImageObject","inLanguage":"ca","@id":"https:\/\/araisemprecultura.cat\/#\/schema\/person\/image\/","url":"https:\/\/secure.gravatar.com\/avatar\/79119cae4235670f2cf10d32f7e31d7e8ddcdc1f4fa0a59abe7d167411092c01?s=96&r=g","contentUrl":"https:\/\/secure.gravatar.com\/avatar\/79119cae4235670f2cf10d32f7e31d7e8ddcdc1f4fa0a59abe7d167411092c01?s=96&r=g","caption":"Associaci\u00f3 ARA I SEMPRE"},"url":"https:\/\/araisemprecultura.cat\/index.php\/author\/araisempre\/"}]}},"_links":{"self":[{"href":"https:\/\/araisemprecultura.cat\/index.php\/wp-json\/wp\/v2\/posts\/5151","targetHints":{"allow":["GET"]}}],"collection":[{"href":"https:\/\/araisemprecultura.cat\/index.php\/wp-json\/wp\/v2\/posts"}],"about":[{"href":"https:\/\/araisemprecultura.cat\/index.php\/wp-json\/wp\/v2\/types\/post"}],"author":[{"embeddable":true,"href":"https:\/\/araisemprecultura.cat\/index.php\/wp-json\/wp\/v2\/users\/3"}],"replies":[{"embeddable":true,"href":"https:\/\/araisemprecultura.cat\/index.php\/wp-json\/wp\/v2\/comments?post=5151"}],"version-history":[{"count":4,"href":"https:\/\/araisemprecultura.cat\/index.php\/wp-json\/wp\/v2\/posts\/5151\/revisions"}],"predecessor-version":[{"id":5155,"href":"https:\/\/araisemprecultura.cat\/index.php\/wp-json\/wp\/v2\/posts\/5151\/revisions\/5155"}],"wp:featuredmedia":[{"embeddable":true,"href":"https:\/\/araisemprecultura.cat\/index.php\/wp-json\/wp\/v2\/media\/4716"}],"wp:attachment":[{"href":"https:\/\/araisemprecultura.cat\/index.php\/wp-json\/wp\/v2\/media?parent=5151"}],"wp:term":[{"taxonomy":"category","embeddable":true,"href":"https:\/\/araisemprecultura.cat\/index.php\/wp-json\/wp\/v2\/categories?post=5151"},{"taxonomy":"post_tag","embeddable":true,"href":"https:\/\/araisemprecultura.cat\/index.php\/wp-json\/wp\/v2\/tags?post=5151"}],"curies":[{"name":"wp","href":"https:\/\/api.w.org\/{rel}","templated":true}]}}