{"id":5140,"date":"2024-12-08T21:21:48","date_gmt":"2024-12-08T21:21:48","guid":{"rendered":"https:\/\/araisemprecultura.cat\/?p=5140"},"modified":"2025-01-26T13:29:21","modified_gmt":"2025-01-26T13:29:21","slug":"el-ball-despases-al-mercat-medieval-de-vic","status":"publish","type":"post","link":"https:\/\/araisemprecultura.cat\/index.php\/el-ball-despases-al-mercat-medieval-de-vic\/noticies\/araisempre\/","title":{"rendered":"El Ball d&#8217;Espases al Mercat Medieval de Vic"},"content":{"rendered":"\t\t<div data-elementor-type=\"wp-post\" data-elementor-id=\"5140\" class=\"elementor elementor-5140\">\n\t\t\t\t\t\t<section class=\"elementor-section elementor-top-section elementor-element elementor-element-4566b714 elementor-section-boxed elementor-section-height-default elementor-section-height-default\" data-id=\"4566b714\" data-element_type=\"section\" data-settings=\"{&quot;_ha_eqh_enable&quot;:false}\">\n\t\t\t\t\t\t<div class=\"elementor-container elementor-column-gap-default\">\n\t\t\t\t\t<div class=\"elementor-column elementor-col-100 elementor-top-column elementor-element elementor-element-4a5f4662\" data-id=\"4a5f4662\" data-element_type=\"column\">\n\t\t\t<div class=\"elementor-widget-wrap elementor-element-populated\">\n\t\t\t\t\t\t<div class=\"elementor-element elementor-element-28aa1c1b elementor-widget elementor-widget-text-editor\" data-id=\"28aa1c1b\" data-element_type=\"widget\" data-widget_type=\"text-editor.default\">\n\t\t\t\t<div class=\"elementor-widget-container\">\n\t\t\t<style>\/*! elementor - v3.21.0 - 18-04-2024 *\/\n.elementor-widget-text-editor.elementor-drop-cap-view-stacked .elementor-drop-cap{background-color:#69727d;color:#fff}.elementor-widget-text-editor.elementor-drop-cap-view-framed .elementor-drop-cap{color:#69727d;border:3px solid;background-color:transparent}.elementor-widget-text-editor:not(.elementor-drop-cap-view-default) .elementor-drop-cap{margin-top:8px}.elementor-widget-text-editor:not(.elementor-drop-cap-view-default) .elementor-drop-cap-letter{width:1em;height:1em}.elementor-widget-text-editor .elementor-drop-cap{float:left;text-align:center;line-height:1;font-size:50px}.elementor-widget-text-editor .elementor-drop-cap-letter{display:inline-block}<\/style>\t\t\t\t<p style=\"text-align: justify;\" data-pm-slice=\"1 1 []\">El Mercat Medieval de Vic \u00e9s un dels mercats i festivitats d&#8217;aquestes caracter\u00edstiques m\u00e9s gran de tota Catalunya. Durant tres dies, al llarg del pont de desembre, aquesta ciutat s&#8217;embogeix d&#8217;una m\u00e0gia especial que transporta a les i els visitants a una \u00e8poca passada.<\/p>\n<p style=\"text-align: justify;\">Si b\u00e9 l&#8217;any 2023, ARA I SEMPRE va participar tot presentant en societat el seu Ball de Forques, enguany ha estat el torn del Ball d&#8217;Espases de Barber\u00e0 del Vall\u00e8s qui ha fet una doble actuaci\u00f3 en aquest esdeveniment el diumenge 8 de desembre de 2024. En dos torns, de mat\u00ed i tarda, es marca una nova fita essent el primer ball d&#8217;espases que participa en el Mercat Medieval de Vic.<\/p>\n<p style=\"text-align: justify;\">A m\u00e9s, i aprofitant l&#8217;ocasi\u00f3, la colla incorpora un nou element per a les seves actuacions com \u00e9s el pregoner qui llegeix i recita un text de presentaci\u00f3 i en honor a la festivitat en q\u00fcesti\u00f3.<\/p>\n<p style=\"text-align: justify;\"><strong>VISCA LA CULTURA POPULAR! ARA I SEMPRE!<\/strong><\/p>\t\t\t\t\t\t<\/div>\n\t\t\t\t<\/div>\n\t\t\t\t<div class=\"elementor-element elementor-element-b0052ce elementor-arrows-position-inside elementor-pagination-position-outside elementor-widget elementor-widget-image-carousel\" data-id=\"b0052ce\" data-element_type=\"widget\" data-settings=\"{&quot;slides_to_show&quot;:&quot;1&quot;,&quot;navigation&quot;:&quot;both&quot;,&quot;autoplay&quot;:&quot;yes&quot;,&quot;pause_on_hover&quot;:&quot;yes&quot;,&quot;pause_on_interaction&quot;:&quot;yes&quot;,&quot;autoplay_speed&quot;:5000,&quot;infinite&quot;:&quot;yes&quot;,&quot;effect&quot;:&quot;slide&quot;,&quot;speed&quot;:500}\" data-widget_type=\"image-carousel.default\">\n\t\t\t\t<div class=\"elementor-widget-container\">\n\t\t\t<style>\/*! elementor - v3.21.0 - 18-04-2024 *\/\n.elementor-widget-image-carousel .swiper,.elementor-widget-image-carousel .swiper-container{position:static}.elementor-widget-image-carousel .swiper-container .swiper-slide figure,.elementor-widget-image-carousel .swiper .swiper-slide figure{line-height:inherit}.elementor-widget-image-carousel .swiper-slide{text-align:center}.elementor-image-carousel-wrapper:not(.swiper-container-initialized):not(.swiper-initialized) .swiper-slide{max-width:calc(100% \/ var(--e-image-carousel-slides-to-show, 3))}<\/style>\t\t<div class=\"elementor-image-carousel-wrapper swiper\" dir=\"ltr\">\n\t\t\t<div class=\"elementor-image-carousel swiper-wrapper\" aria-live=\"off\">\n\t\t\t\t\t\t\t\t<div class=\"swiper-slide\" role=\"group\" aria-roledescription=\"slide\" aria-label=\"1 de 15\"><figure class=\"swiper-slide-inner\"><img decoding=\"async\" class=\"swiper-slide-image\" src=\"https:\/\/araisemprecultura.cat\/wp-content\/uploads\/2025\/01\/IMG_0016-scaled.jpg\" alt=\"IMG_0016\" \/><\/figure><\/div><div class=\"swiper-slide\" role=\"group\" aria-roledescription=\"slide\" aria-label=\"2 de 15\"><figure class=\"swiper-slide-inner\"><img decoding=\"async\" class=\"swiper-slide-image\" src=\"https:\/\/araisemprecultura.cat\/wp-content\/uploads\/2025\/01\/DSC03804-scaled.jpg\" alt=\"DSC03804\" \/><\/figure><\/div><div class=\"swiper-slide\" role=\"group\" aria-roledescription=\"slide\" aria-label=\"3 de 15\"><figure class=\"swiper-slide-inner\"><img decoding=\"async\" class=\"swiper-slide-image\" src=\"https:\/\/araisemprecultura.cat\/wp-content\/uploads\/2025\/01\/DSC03784-scaled.jpg\" alt=\"DSC03784\" \/><\/figure><\/div><div class=\"swiper-slide\" role=\"group\" aria-roledescription=\"slide\" aria-label=\"4 de 15\"><figure class=\"swiper-slide-inner\"><img decoding=\"async\" class=\"swiper-slide-image\" src=\"https:\/\/araisemprecultura.cat\/wp-content\/uploads\/2025\/01\/DSC03774-scaled.jpg\" alt=\"DSC03774\" \/><\/figure><\/div><div class=\"swiper-slide\" role=\"group\" aria-roledescription=\"slide\" aria-label=\"5 de 15\"><figure class=\"swiper-slide-inner\"><img decoding=\"async\" class=\"swiper-slide-image\" src=\"https:\/\/araisemprecultura.cat\/wp-content\/uploads\/2025\/01\/DSC03741-scaled.jpg\" alt=\"DSC03741\" \/><\/figure><\/div><div class=\"swiper-slide\" role=\"group\" aria-roledescription=\"slide\" aria-label=\"6 de 15\"><figure class=\"swiper-slide-inner\"><img decoding=\"async\" class=\"swiper-slide-image\" src=\"https:\/\/araisemprecultura.cat\/wp-content\/uploads\/2025\/01\/DSC03700-scaled.jpg\" alt=\"DSC03700\" \/><\/figure><\/div><div class=\"swiper-slide\" role=\"group\" aria-roledescription=\"slide\" aria-label=\"7 de 15\"><figure class=\"swiper-slide-inner\"><img decoding=\"async\" class=\"swiper-slide-image\" src=\"https:\/\/araisemprecultura.cat\/wp-content\/uploads\/2025\/01\/DSC03690-scaled.jpg\" alt=\"DSC03690\" \/><\/figure><\/div><div class=\"swiper-slide\" role=\"group\" aria-roledescription=\"slide\" aria-label=\"8 de 15\"><figure class=\"swiper-slide-inner\"><img decoding=\"async\" class=\"swiper-slide-image\" src=\"https:\/\/araisemprecultura.cat\/wp-content\/uploads\/2025\/01\/DSC03618-scaled.jpg\" alt=\"DSC03618\" \/><\/figure><\/div><div class=\"swiper-slide\" role=\"group\" aria-roledescription=\"slide\" aria-label=\"9 de 15\"><figure class=\"swiper-slide-inner\"><img decoding=\"async\" class=\"swiper-slide-image\" src=\"https:\/\/araisemprecultura.cat\/wp-content\/uploads\/2025\/01\/DSC03489-scaled.jpg\" alt=\"DSC03489\" \/><\/figure><\/div><div class=\"swiper-slide\" role=\"group\" aria-roledescription=\"slide\" aria-label=\"10 de 15\"><figure class=\"swiper-slide-inner\"><img decoding=\"async\" class=\"swiper-slide-image\" src=\"https:\/\/araisemprecultura.cat\/wp-content\/uploads\/2025\/01\/DSC03467-scaled.jpg\" alt=\"DSC03467\" \/><\/figure><\/div><div class=\"swiper-slide\" role=\"group\" aria-roledescription=\"slide\" aria-label=\"11 de 15\"><figure class=\"swiper-slide-inner\"><img decoding=\"async\" class=\"swiper-slide-image\" src=\"https:\/\/araisemprecultura.cat\/wp-content\/uploads\/2025\/01\/DSC03385-scaled.jpg\" alt=\"DSC03385\" \/><\/figure><\/div><div class=\"swiper-slide\" role=\"group\" aria-roledescription=\"slide\" aria-label=\"12 de 15\"><figure class=\"swiper-slide-inner\"><img decoding=\"async\" class=\"swiper-slide-image\" src=\"https:\/\/araisemprecultura.cat\/wp-content\/uploads\/2025\/01\/DSC03474-scaled.jpg\" alt=\"DSC03474\" \/><\/figure><\/div><div class=\"swiper-slide\" role=\"group\" aria-roledescription=\"slide\" aria-label=\"13 de 15\"><figure class=\"swiper-slide-inner\"><img decoding=\"async\" class=\"swiper-slide-image\" src=\"https:\/\/araisemprecultura.cat\/wp-content\/uploads\/2025\/01\/DSC03519-scaled.jpg\" alt=\"DSC03519\" \/><\/figure><\/div><div class=\"swiper-slide\" role=\"group\" aria-roledescription=\"slide\" aria-label=\"14 de 15\"><figure class=\"swiper-slide-inner\"><img decoding=\"async\" class=\"swiper-slide-image\" src=\"https:\/\/araisemprecultura.cat\/wp-content\/uploads\/2025\/01\/DSC03541-scaled.jpg\" alt=\"DSC03541\" \/><\/figure><\/div><div class=\"swiper-slide\" role=\"group\" aria-roledescription=\"slide\" aria-label=\"15 de 15\"><figure class=\"swiper-slide-inner\"><img decoding=\"async\" class=\"swiper-slide-image\" src=\"https:\/\/araisemprecultura.cat\/wp-content\/uploads\/2025\/01\/DSC03596-scaled.jpg\" alt=\"DSC03596\" \/><\/figure><\/div>\t\t\t<\/div>\n\t\t\t\t\t\t\t\t\t\t\t\t<div class=\"elementor-swiper-button elementor-swiper-button-prev\" role=\"button\" tabindex=\"0\">\n\t\t\t\t\t\t<i aria-hidden=\"true\" class=\"eicon-chevron-left\"><\/i>\t\t\t\t\t<\/div>\n\t\t\t\t\t<div class=\"elementor-swiper-button elementor-swiper-button-next\" role=\"button\" tabindex=\"0\">\n\t\t\t\t\t\t<i aria-hidden=\"true\" class=\"eicon-chevron-right\"><\/i>\t\t\t\t\t<\/div>\n\t\t\t\t\n\t\t\t\t\t\t\t\t\t<div class=\"swiper-pagination\"><\/div>\n\t\t\t\t\t\t\t\t\t<\/div>\n\t\t\t\t<\/div>\n\t\t\t\t<\/div>\n\t\t\t\t\t<\/div>\n\t\t<\/div>\n\t\t\t\t\t<\/div>\n\t\t<\/section>\n\t\t\t\t<\/div>\n\t\t","protected":false},"excerpt":{"rendered":"<p>El Mercat Medieval de Vic \u00e9s un dels mercats i festivitats d&#8217;aquestes caracter\u00edstiques m\u00e9s gran de tota Catalunya. Durant tres dies, al llarg del pont de desembre, aquesta ciutat s&#8217;embogeix d&#8217;una m\u00e0gia especial que transporta a les i els visitants a una \u00e8poca passada. Si b\u00e9 l&#8217;any 2023, ARA I SEMPRE va participar tot presentant [&hellip;]<\/p>\n","protected":false},"author":3,"featured_media":5116,"comment_status":"closed","ping_status":"closed","sticky":false,"template":"","format":"standard","meta":{"_acf_changed":false,"footnotes":""},"categories":[9,1],"tags":[],"class_list":["post-5140","post","type-post","status-publish","format-standard","has-post-thumbnail","hentry","category-ball-despases","category-noticies"],"acf":[],"yoast_head":"<!-- This site is optimized with the Yoast SEO plugin v21.8 - https:\/\/yoast.com\/wordpress\/plugins\/seo\/ -->\n<title>El Ball d&#039;Espases al Mercat Medieval de Vic - ARA I SEMPRE<\/title>\n<meta name=\"robots\" content=\"index, follow, max-snippet:-1, max-image-preview:large, max-video-preview:-1\" \/>\n<link rel=\"canonical\" href=\"https:\/\/araisemprecultura.cat\/index.php\/el-ball-despases-al-mercat-medieval-de-vic\/noticies\/araisempre\/\" \/>\n<meta property=\"og:locale\" content=\"ca_ES\" \/>\n<meta property=\"og:type\" content=\"article\" \/>\n<meta property=\"og:title\" content=\"El Ball d&#039;Espases al Mercat Medieval de Vic - ARA I SEMPRE\" \/>\n<meta property=\"og:description\" content=\"El Mercat Medieval de Vic \u00e9s un dels mercats i festivitats d&#8217;aquestes caracter\u00edstiques m\u00e9s gran de tota Catalunya. Durant tres dies, al llarg del pont de desembre, aquesta ciutat s&#8217;embogeix d&#8217;una m\u00e0gia especial que transporta a les i els visitants a una \u00e8poca passada. Si b\u00e9 l&#8217;any 2023, ARA I SEMPRE va participar tot presentant [&hellip;]\" \/>\n<meta property=\"og:url\" content=\"https:\/\/araisemprecultura.cat\/index.php\/el-ball-despases-al-mercat-medieval-de-vic\/noticies\/araisempre\/\" \/>\n<meta property=\"og:site_name\" content=\"ARA I SEMPRE\" \/>\n<meta property=\"article:published_time\" content=\"2024-12-08T21:21:48+00:00\" \/>\n<meta property=\"article:modified_time\" content=\"2025-01-26T13:29:21+00:00\" \/>\n<meta property=\"og:image\" content=\"https:\/\/araisemprecultura.cat\/wp-content\/uploads\/2025\/01\/DSC03690-scaled.jpg\" \/>\n\t<meta property=\"og:image:width\" content=\"2560\" \/>\n\t<meta property=\"og:image:height\" content=\"1707\" \/>\n\t<meta property=\"og:image:type\" content=\"image\/jpeg\" \/>\n<meta name=\"author\" content=\"Associaci\u00f3 ARA I SEMPRE\" \/>\n<meta name=\"twitter:card\" content=\"summary_large_image\" \/>\n<meta name=\"twitter:label1\" content=\"Escrit per\" \/>\n\t<meta name=\"twitter:data1\" content=\"Associaci\u00f3 ARA I SEMPRE\" \/>\n\t<meta name=\"twitter:label2\" content=\"Temps estimat de lectura\" \/>\n\t<meta name=\"twitter:data2\" content=\"1 minut\" \/>\n<script type=\"application\/ld+json\" class=\"yoast-schema-graph\">{\"@context\":\"https:\/\/schema.org\",\"@graph\":[{\"@type\":\"Article\",\"@id\":\"https:\/\/araisemprecultura.cat\/index.php\/el-ball-despases-al-mercat-medieval-de-vic\/noticies\/araisempre\/#article\",\"isPartOf\":{\"@id\":\"https:\/\/araisemprecultura.cat\/index.php\/el-ball-despases-al-mercat-medieval-de-vic\/noticies\/araisempre\/\"},\"author\":{\"name\":\"Associaci\u00f3 ARA I SEMPRE\",\"@id\":\"https:\/\/araisemprecultura.cat\/#\/schema\/person\/63f5d9084c529771425e563e055e9753\"},\"headline\":\"El Ball d&#8217;Espases al Mercat Medieval de Vic\",\"datePublished\":\"2024-12-08T21:21:48+00:00\",\"dateModified\":\"2025-01-26T13:29:21+00:00\",\"mainEntityOfPage\":{\"@id\":\"https:\/\/araisemprecultura.cat\/index.php\/el-ball-despases-al-mercat-medieval-de-vic\/noticies\/araisempre\/\"},\"wordCount\":169,\"publisher\":{\"@id\":\"https:\/\/araisemprecultura.cat\/#organization\"},\"articleSection\":[\"Ball d\u2019Espases\",\"Not\u00edcies\"],\"inLanguage\":\"ca\"},{\"@type\":\"WebPage\",\"@id\":\"https:\/\/araisemprecultura.cat\/index.php\/el-ball-despases-al-mercat-medieval-de-vic\/noticies\/araisempre\/\",\"url\":\"https:\/\/araisemprecultura.cat\/index.php\/el-ball-despases-al-mercat-medieval-de-vic\/noticies\/araisempre\/\",\"name\":\"El Ball d'Espases al Mercat Medieval de Vic - ARA I SEMPRE\",\"isPartOf\":{\"@id\":\"https:\/\/araisemprecultura.cat\/#website\"},\"datePublished\":\"2024-12-08T21:21:48+00:00\",\"dateModified\":\"2025-01-26T13:29:21+00:00\",\"breadcrumb\":{\"@id\":\"https:\/\/araisemprecultura.cat\/index.php\/el-ball-despases-al-mercat-medieval-de-vic\/noticies\/araisempre\/#breadcrumb\"},\"inLanguage\":\"ca\",\"potentialAction\":[{\"@type\":\"ReadAction\",\"target\":[\"https:\/\/araisemprecultura.cat\/index.php\/el-ball-despases-al-mercat-medieval-de-vic\/noticies\/araisempre\/\"]}]},{\"@type\":\"BreadcrumbList\",\"@id\":\"https:\/\/araisemprecultura.cat\/index.php\/el-ball-despases-al-mercat-medieval-de-vic\/noticies\/araisempre\/#breadcrumb\",\"itemListElement\":[{\"@type\":\"ListItem\",\"position\":1,\"name\":\"Inici\",\"item\":\"https:\/\/araisemprecultura.cat\/\"},{\"@type\":\"ListItem\",\"position\":2,\"name\":\"El Ball d&#8217;Espases al Mercat Medieval de Vic\"}]},{\"@type\":\"WebSite\",\"@id\":\"https:\/\/araisemprecultura.cat\/#website\",\"url\":\"https:\/\/araisemprecultura.cat\/\",\"name\":\"ARA I SEMPRE\",\"description\":\"\",\"publisher\":{\"@id\":\"https:\/\/araisemprecultura.cat\/#organization\"},\"potentialAction\":[{\"@type\":\"SearchAction\",\"target\":{\"@type\":\"EntryPoint\",\"urlTemplate\":\"https:\/\/araisemprecultura.cat\/?s={search_term_string}\"},\"query-input\":\"required name=search_term_string\"}],\"inLanguage\":\"ca\"},{\"@type\":\"Organization\",\"@id\":\"https:\/\/araisemprecultura.cat\/#organization\",\"name\":\"ARA I SEMPRE\",\"url\":\"https:\/\/araisemprecultura.cat\/\",\"logo\":{\"@type\":\"ImageObject\",\"inLanguage\":\"ca\",\"@id\":\"https:\/\/araisemprecultura.cat\/#\/schema\/logo\/image\/\",\"url\":\"https:\/\/araisemprecultura.cat\/wp-content\/uploads\/2022\/02\/Disseny-imatge-ara-i-sempre-161.png\",\"contentUrl\":\"https:\/\/araisemprecultura.cat\/wp-content\/uploads\/2022\/02\/Disseny-imatge-ara-i-sempre-161.png\",\"width\":\"1962\",\"height\":\"713\",\"caption\":\"ARA I SEMPRE\"},\"image\":{\"@id\":\"https:\/\/araisemprecultura.cat\/#\/schema\/logo\/image\/\"}},{\"@type\":\"Person\",\"@id\":\"https:\/\/araisemprecultura.cat\/#\/schema\/person\/63f5d9084c529771425e563e055e9753\",\"name\":\"Associaci\u00f3 ARA I SEMPRE\",\"image\":{\"@type\":\"ImageObject\",\"inLanguage\":\"ca\",\"@id\":\"https:\/\/araisemprecultura.cat\/#\/schema\/person\/image\/\",\"url\":\"https:\/\/secure.gravatar.com\/avatar\/79119cae4235670f2cf10d32f7e31d7e8ddcdc1f4fa0a59abe7d167411092c01?s=96&r=g\",\"contentUrl\":\"https:\/\/secure.gravatar.com\/avatar\/79119cae4235670f2cf10d32f7e31d7e8ddcdc1f4fa0a59abe7d167411092c01?s=96&r=g\",\"caption\":\"Associaci\u00f3 ARA I SEMPRE\"},\"url\":\"https:\/\/araisemprecultura.cat\/index.php\/author\/araisempre\/\"}]}<\/script>\n<!-- \/ Yoast SEO plugin. -->","yoast_head_json":{"title":"El Ball d'Espases al Mercat Medieval de Vic - ARA I SEMPRE","robots":{"index":"index","follow":"follow","max-snippet":"max-snippet:-1","max-image-preview":"max-image-preview:large","max-video-preview":"max-video-preview:-1"},"canonical":"https:\/\/araisemprecultura.cat\/index.php\/el-ball-despases-al-mercat-medieval-de-vic\/noticies\/araisempre\/","og_locale":"ca_ES","og_type":"article","og_title":"El Ball d'Espases al Mercat Medieval de Vic - ARA I SEMPRE","og_description":"El Mercat Medieval de Vic \u00e9s un dels mercats i festivitats d&#8217;aquestes caracter\u00edstiques m\u00e9s gran de tota Catalunya. Durant tres dies, al llarg del pont de desembre, aquesta ciutat s&#8217;embogeix d&#8217;una m\u00e0gia especial que transporta a les i els visitants a una \u00e8poca passada. Si b\u00e9 l&#8217;any 2023, ARA I SEMPRE va participar tot presentant [&hellip;]","og_url":"https:\/\/araisemprecultura.cat\/index.php\/el-ball-despases-al-mercat-medieval-de-vic\/noticies\/araisempre\/","og_site_name":"ARA I SEMPRE","article_published_time":"2024-12-08T21:21:48+00:00","article_modified_time":"2025-01-26T13:29:21+00:00","og_image":[{"width":"2560","height":"1707","url":"https:\/\/araisemprecultura.cat\/wp-content\/uploads\/2025\/01\/DSC03690-scaled.jpg","type":"image\/jpeg"}],"author":"Associaci\u00f3 ARA I SEMPRE","twitter_card":"summary_large_image","twitter_misc":{"Escrit per":"Associaci\u00f3 ARA I SEMPRE","Temps estimat de lectura":"1 minut"},"schema":{"@context":"https:\/\/schema.org","@graph":[{"@type":"Article","@id":"https:\/\/araisemprecultura.cat\/index.php\/el-ball-despases-al-mercat-medieval-de-vic\/noticies\/araisempre\/#article","isPartOf":{"@id":"https:\/\/araisemprecultura.cat\/index.php\/el-ball-despases-al-mercat-medieval-de-vic\/noticies\/araisempre\/"},"author":{"name":"Associaci\u00f3 ARA I SEMPRE","@id":"https:\/\/araisemprecultura.cat\/#\/schema\/person\/63f5d9084c529771425e563e055e9753"},"headline":"El Ball d&#8217;Espases al Mercat Medieval de Vic","datePublished":"2024-12-08T21:21:48+00:00","dateModified":"2025-01-26T13:29:21+00:00","mainEntityOfPage":{"@id":"https:\/\/araisemprecultura.cat\/index.php\/el-ball-despases-al-mercat-medieval-de-vic\/noticies\/araisempre\/"},"wordCount":169,"publisher":{"@id":"https:\/\/araisemprecultura.cat\/#organization"},"articleSection":["Ball d\u2019Espases","Not\u00edcies"],"inLanguage":"ca"},{"@type":"WebPage","@id":"https:\/\/araisemprecultura.cat\/index.php\/el-ball-despases-al-mercat-medieval-de-vic\/noticies\/araisempre\/","url":"https:\/\/araisemprecultura.cat\/index.php\/el-ball-despases-al-mercat-medieval-de-vic\/noticies\/araisempre\/","name":"El Ball d'Espases al Mercat Medieval de Vic - ARA I SEMPRE","isPartOf":{"@id":"https:\/\/araisemprecultura.cat\/#website"},"datePublished":"2024-12-08T21:21:48+00:00","dateModified":"2025-01-26T13:29:21+00:00","breadcrumb":{"@id":"https:\/\/araisemprecultura.cat\/index.php\/el-ball-despases-al-mercat-medieval-de-vic\/noticies\/araisempre\/#breadcrumb"},"inLanguage":"ca","potentialAction":[{"@type":"ReadAction","target":["https:\/\/araisemprecultura.cat\/index.php\/el-ball-despases-al-mercat-medieval-de-vic\/noticies\/araisempre\/"]}]},{"@type":"BreadcrumbList","@id":"https:\/\/araisemprecultura.cat\/index.php\/el-ball-despases-al-mercat-medieval-de-vic\/noticies\/araisempre\/#breadcrumb","itemListElement":[{"@type":"ListItem","position":1,"name":"Inici","item":"https:\/\/araisemprecultura.cat\/"},{"@type":"ListItem","position":2,"name":"El Ball d&#8217;Espases al Mercat Medieval de Vic"}]},{"@type":"WebSite","@id":"https:\/\/araisemprecultura.cat\/#website","url":"https:\/\/araisemprecultura.cat\/","name":"ARA I SEMPRE","description":"","publisher":{"@id":"https:\/\/araisemprecultura.cat\/#organization"},"potentialAction":[{"@type":"SearchAction","target":{"@type":"EntryPoint","urlTemplate":"https:\/\/araisemprecultura.cat\/?s={search_term_string}"},"query-input":"required name=search_term_string"}],"inLanguage":"ca"},{"@type":"Organization","@id":"https:\/\/araisemprecultura.cat\/#organization","name":"ARA I SEMPRE","url":"https:\/\/araisemprecultura.cat\/","logo":{"@type":"ImageObject","inLanguage":"ca","@id":"https:\/\/araisemprecultura.cat\/#\/schema\/logo\/image\/","url":"https:\/\/araisemprecultura.cat\/wp-content\/uploads\/2022\/02\/Disseny-imatge-ara-i-sempre-161.png","contentUrl":"https:\/\/araisemprecultura.cat\/wp-content\/uploads\/2022\/02\/Disseny-imatge-ara-i-sempre-161.png","width":"1962","height":"713","caption":"ARA I SEMPRE"},"image":{"@id":"https:\/\/araisemprecultura.cat\/#\/schema\/logo\/image\/"}},{"@type":"Person","@id":"https:\/\/araisemprecultura.cat\/#\/schema\/person\/63f5d9084c529771425e563e055e9753","name":"Associaci\u00f3 ARA I SEMPRE","image":{"@type":"ImageObject","inLanguage":"ca","@id":"https:\/\/araisemprecultura.cat\/#\/schema\/person\/image\/","url":"https:\/\/secure.gravatar.com\/avatar\/79119cae4235670f2cf10d32f7e31d7e8ddcdc1f4fa0a59abe7d167411092c01?s=96&r=g","contentUrl":"https:\/\/secure.gravatar.com\/avatar\/79119cae4235670f2cf10d32f7e31d7e8ddcdc1f4fa0a59abe7d167411092c01?s=96&r=g","caption":"Associaci\u00f3 ARA I SEMPRE"},"url":"https:\/\/araisemprecultura.cat\/index.php\/author\/araisempre\/"}]}},"_links":{"self":[{"href":"https:\/\/araisemprecultura.cat\/index.php\/wp-json\/wp\/v2\/posts\/5140","targetHints":{"allow":["GET"]}}],"collection":[{"href":"https:\/\/araisemprecultura.cat\/index.php\/wp-json\/wp\/v2\/posts"}],"about":[{"href":"https:\/\/araisemprecultura.cat\/index.php\/wp-json\/wp\/v2\/types\/post"}],"author":[{"embeddable":true,"href":"https:\/\/araisemprecultura.cat\/index.php\/wp-json\/wp\/v2\/users\/3"}],"replies":[{"embeddable":true,"href":"https:\/\/araisemprecultura.cat\/index.php\/wp-json\/wp\/v2\/comments?post=5140"}],"version-history":[{"count":4,"href":"https:\/\/araisemprecultura.cat\/index.php\/wp-json\/wp\/v2\/posts\/5140\/revisions"}],"predecessor-version":[{"id":5144,"href":"https:\/\/araisemprecultura.cat\/index.php\/wp-json\/wp\/v2\/posts\/5140\/revisions\/5144"}],"wp:featuredmedia":[{"embeddable":true,"href":"https:\/\/araisemprecultura.cat\/index.php\/wp-json\/wp\/v2\/media\/5116"}],"wp:attachment":[{"href":"https:\/\/araisemprecultura.cat\/index.php\/wp-json\/wp\/v2\/media?parent=5140"}],"wp:term":[{"taxonomy":"category","embeddable":true,"href":"https:\/\/araisemprecultura.cat\/index.php\/wp-json\/wp\/v2\/categories?post=5140"},{"taxonomy":"post_tag","embeddable":true,"href":"https:\/\/araisemprecultura.cat\/index.php\/wp-json\/wp\/v2\/tags?post=5140"}],"curies":[{"name":"wp","href":"https:\/\/api.w.org\/{rel}","templated":true}]}}