{"id":4824,"date":"2024-12-31T18:33:00","date_gmt":"2024-12-31T18:33:00","guid":{"rendered":"https:\/\/araisemprecultura.cat\/?p=4824"},"modified":"2024-12-31T18:46:28","modified_gmt":"2024-12-31T18:46:28","slug":"veredicte-1r-concurs-de-fotografia-ara-i-sempre-ball-de-panderos-i-panderetes","status":"publish","type":"post","link":"https:\/\/araisemprecultura.cat\/index.php\/veredicte-1r-concurs-de-fotografia-ara-i-sempre-ball-de-panderos-i-panderetes\/noticies\/araisempre\/","title":{"rendered":"[Veredicte] 1r concurs de fotografia ARA I SEMPRE: Ball de Panderos i Panderetes"},"content":{"rendered":"\t\t<div data-elementor-type=\"wp-post\" data-elementor-id=\"4824\" class=\"elementor elementor-4824\">\n\t\t\t\t\t\t<section class=\"elementor-section elementor-top-section elementor-element elementor-element-4566b714 elementor-section-boxed elementor-section-height-default elementor-section-height-default\" data-id=\"4566b714\" data-element_type=\"section\" data-settings=\"{&quot;_ha_eqh_enable&quot;:false}\">\n\t\t\t\t\t\t<div class=\"elementor-container elementor-column-gap-default\">\n\t\t\t\t\t<div class=\"elementor-column elementor-col-100 elementor-top-column elementor-element elementor-element-4a5f4662\" data-id=\"4a5f4662\" data-element_type=\"column\">\n\t\t\t<div class=\"elementor-widget-wrap elementor-element-populated\">\n\t\t\t\t\t\t<div class=\"elementor-element elementor-element-28aa1c1b elementor-widget elementor-widget-text-editor\" data-id=\"28aa1c1b\" data-element_type=\"widget\" data-widget_type=\"text-editor.default\">\n\t\t\t\t<div class=\"elementor-widget-container\">\n\t\t\t<style>\/*! elementor - v3.21.0 - 18-04-2024 *\/\n.elementor-widget-text-editor.elementor-drop-cap-view-stacked .elementor-drop-cap{background-color:#69727d;color:#fff}.elementor-widget-text-editor.elementor-drop-cap-view-framed .elementor-drop-cap{color:#69727d;border:3px solid;background-color:transparent}.elementor-widget-text-editor:not(.elementor-drop-cap-view-default) .elementor-drop-cap{margin-top:8px}.elementor-widget-text-editor:not(.elementor-drop-cap-view-default) .elementor-drop-cap-letter{width:1em;height:1em}.elementor-widget-text-editor .elementor-drop-cap{float:left;text-align:center;line-height:1;font-size:50px}.elementor-widget-text-editor .elementor-drop-cap-letter{display:inline-block}<\/style>\t\t\t\t<p style=\"text-align: justify;\" data-pm-slice=\"1 1 []\">El passat 21 de desembre de 2024, coincidint amb la commemoraci\u00f3 del mil\u00b7lenari de Montserrat i la celebraci\u00f3 de la Trobada Nacional de Ball de Panderos i Panderetes, es va convocar el 1r Concurs de Fotografia ARA I SEMPRE. Aquesta iniciativa va ser creada amb l&#8217;objectiu de difondre i immortalitzar aquest esdeveniment tan especial, promovent la col\u00b7laboraci\u00f3 entre la cultura popular catalana i el m\u00f3n de la fotografia.<\/p><p style=\"text-align: justify;\">El concurs ha comptat amb la participaci\u00f3 de persones aficionades i professionals que van capturar moments \u00fanics de la jornada a Montserrat.\u00a0<\/p><p style=\"text-align: justify;\">Ahir, 30 de desembre, es va reunir el jurat, format per dotze persones relacionades amb el Ball de Panderos de Barber\u00e0 del Vall\u00e8s, algunes de les quals lligades tamb\u00e9 al m\u00f3n de la fotografia. Despr\u00e9s de la deliberaci\u00f3 del jurat, es va decidir que el primer premi quedava desert, reflectint el rigor i l\u2019exig\u00e8ncia del certamen. Tot i aix\u00f2, dues fotografies de Josep Margarit Casas van ser guardonades amb els segons premis, dotats amb 50 euros cadascun. Podeu trobar les obres guanyadores adjuntes a aquesta publicaci\u00f3.<\/p><p style=\"text-align: justify;\">A m\u00e9s, entre tots els participants es van sortejar dos lots de productes de cultura popular ARA I SEMPRE. Els guanyadors dels sortejos van ser Josep Margarit Casas, qui tamb\u00e9 va triomfar amb les seves fotografies, i Santi Estrada.<\/p><p style=\"text-align: justify;\">Des d\u2019ARA I SEMPRE volem agrair a totes les persones participants, al jurat i a totes les colles que van formar part d\u2019aquesta trobada hist\u00f2rica. Gr\u00e0cies a la vostra implicaci\u00f3, hem aconseguit que el Ball de Panderos i Panderetes i la cultura popular catalana quedin plasmats amb bellesa i emocions per a la posteritat.<\/p><p style=\"text-align: justify;\"><strong>VISCA EL BALL DE PANDEROS I EL BALL DE PANDERETES! ARA I SEMPRE!<\/strong><\/p>\t\t\t\t\t\t<\/div>\n\t\t\t\t<\/div>\n\t\t\t\t<div class=\"elementor-element elementor-element-b0052ce elementor-arrows-position-inside elementor-pagination-position-outside elementor-widget elementor-widget-image-carousel\" data-id=\"b0052ce\" data-element_type=\"widget\" data-settings=\"{&quot;slides_to_show&quot;:&quot;1&quot;,&quot;navigation&quot;:&quot;both&quot;,&quot;autoplay&quot;:&quot;yes&quot;,&quot;pause_on_hover&quot;:&quot;yes&quot;,&quot;pause_on_interaction&quot;:&quot;yes&quot;,&quot;autoplay_speed&quot;:5000,&quot;infinite&quot;:&quot;yes&quot;,&quot;effect&quot;:&quot;slide&quot;,&quot;speed&quot;:500}\" data-widget_type=\"image-carousel.default\">\n\t\t\t\t<div class=\"elementor-widget-container\">\n\t\t\t<style>\/*! elementor - v3.21.0 - 18-04-2024 *\/\n.elementor-widget-image-carousel .swiper,.elementor-widget-image-carousel .swiper-container{position:static}.elementor-widget-image-carousel .swiper-container .swiper-slide figure,.elementor-widget-image-carousel .swiper .swiper-slide figure{line-height:inherit}.elementor-widget-image-carousel .swiper-slide{text-align:center}.elementor-image-carousel-wrapper:not(.swiper-container-initialized):not(.swiper-initialized) .swiper-slide{max-width:calc(100% \/ var(--e-image-carousel-slides-to-show, 3))}<\/style>\t\t<div class=\"elementor-image-carousel-wrapper swiper\" dir=\"ltr\">\n\t\t\t<div class=\"elementor-image-carousel swiper-wrapper\" aria-live=\"off\">\n\t\t\t\t\t\t\t\t<div class=\"swiper-slide\" role=\"group\" aria-roledescription=\"slide\" aria-label=\"1 de 2\"><figure class=\"swiper-slide-inner\"><img decoding=\"async\" class=\"swiper-slide-image\" src=\"https:\/\/araisemprecultura.cat\/wp-content\/uploads\/2024\/12\/1735037173762-1.jpg\" alt=\"1735037173762 (1)\" \/><\/figure><\/div><div class=\"swiper-slide\" role=\"group\" aria-roledescription=\"slide\" aria-label=\"2 de 2\"><figure class=\"swiper-slide-inner\"><img decoding=\"async\" class=\"swiper-slide-image\" src=\"https:\/\/araisemprecultura.cat\/wp-content\/uploads\/2024\/12\/1735338664482.jpg\" alt=\"1735338664482\" \/><\/figure><\/div>\t\t\t<\/div>\n\t\t\t\t\t\t\t\t\t\t\t\t<div class=\"elementor-swiper-button elementor-swiper-button-prev\" role=\"button\" tabindex=\"0\">\n\t\t\t\t\t\t<i aria-hidden=\"true\" class=\"eicon-chevron-left\"><\/i>\t\t\t\t\t<\/div>\n\t\t\t\t\t<div class=\"elementor-swiper-button elementor-swiper-button-next\" role=\"button\" tabindex=\"0\">\n\t\t\t\t\t\t<i aria-hidden=\"true\" class=\"eicon-chevron-right\"><\/i>\t\t\t\t\t<\/div>\n\t\t\t\t\n\t\t\t\t\t\t\t\t\t<div class=\"swiper-pagination\"><\/div>\n\t\t\t\t\t\t\t\t\t<\/div>\n\t\t\t\t<\/div>\n\t\t\t\t<\/div>\n\t\t\t\t\t<\/div>\n\t\t<\/div>\n\t\t\t\t\t<\/div>\n\t\t<\/section>\n\t\t\t\t<\/div>\n\t\t","protected":false},"excerpt":{"rendered":"<p>El passat 21 de desembre de 2024, coincidint amb la commemoraci\u00f3 del mil\u00b7lenari de Montserrat i la celebraci\u00f3 de la Trobada Nacional de Ball de Panderos i Panderetes, es va convocar el 1r Concurs de Fotografia ARA I SEMPRE. Aquesta iniciativa va ser creada amb l&#8217;objectiu de difondre i immortalitzar aquest esdeveniment tan especial, promovent [&hellip;]<\/p>\n","protected":false},"author":3,"featured_media":4743,"comment_status":"closed","ping_status":"closed","sticky":false,"template":"","format":"standard","meta":{"_acf_changed":false,"footnotes":""},"categories":[6,1],"tags":[],"class_list":["post-4824","post","type-post","status-publish","format-standard","has-post-thumbnail","hentry","category-ball-de-panderos","category-noticies"],"acf":[],"yoast_head":"<!-- This site is optimized with the Yoast SEO plugin v21.8 - https:\/\/yoast.com\/wordpress\/plugins\/seo\/ -->\n<title>[Veredicte] 1r concurs de fotografia ARA I SEMPRE: Ball de Panderos i Panderetes - ARA I SEMPRE<\/title>\n<meta name=\"robots\" content=\"index, follow, max-snippet:-1, max-image-preview:large, max-video-preview:-1\" \/>\n<link rel=\"canonical\" href=\"https:\/\/araisemprecultura.cat\/index.php\/veredicte-1r-concurs-de-fotografia-ara-i-sempre-ball-de-panderos-i-panderetes\/noticies\/araisempre\/\" \/>\n<meta property=\"og:locale\" content=\"ca_ES\" \/>\n<meta property=\"og:type\" content=\"article\" \/>\n<meta property=\"og:title\" content=\"[Veredicte] 1r concurs de fotografia ARA I SEMPRE: Ball de Panderos i Panderetes - ARA I SEMPRE\" \/>\n<meta property=\"og:description\" content=\"El passat 21 de desembre de 2024, coincidint amb la commemoraci\u00f3 del mil\u00b7lenari de Montserrat i la celebraci\u00f3 de la Trobada Nacional de Ball de Panderos i Panderetes, es va convocar el 1r Concurs de Fotografia ARA I SEMPRE. Aquesta iniciativa va ser creada amb l&#8217;objectiu de difondre i immortalitzar aquest esdeveniment tan especial, promovent [&hellip;]\" \/>\n<meta property=\"og:url\" content=\"https:\/\/araisemprecultura.cat\/index.php\/veredicte-1r-concurs-de-fotografia-ara-i-sempre-ball-de-panderos-i-panderetes\/noticies\/araisempre\/\" \/>\n<meta property=\"og:site_name\" content=\"ARA I SEMPRE\" \/>\n<meta property=\"article:published_time\" content=\"2024-12-31T18:33:00+00:00\" \/>\n<meta property=\"article:modified_time\" content=\"2024-12-31T18:46:28+00:00\" \/>\n<meta property=\"og:image\" content=\"https:\/\/araisemprecultura.cat\/wp-content\/uploads\/2024\/12\/0.-Catifa-scaled.jpg\" \/>\n\t<meta property=\"og:image:width\" content=\"2560\" \/>\n\t<meta property=\"og:image:height\" content=\"1707\" \/>\n\t<meta property=\"og:image:type\" content=\"image\/jpeg\" \/>\n<meta name=\"author\" content=\"Associaci\u00f3 ARA I SEMPRE\" \/>\n<meta name=\"twitter:card\" content=\"summary_large_image\" \/>\n<meta name=\"twitter:label1\" content=\"Escrit per\" \/>\n\t<meta name=\"twitter:data1\" content=\"Associaci\u00f3 ARA I SEMPRE\" \/>\n\t<meta name=\"twitter:label2\" content=\"Temps estimat de lectura\" \/>\n\t<meta name=\"twitter:data2\" content=\"3 minuts\" \/>\n<script type=\"application\/ld+json\" class=\"yoast-schema-graph\">{\"@context\":\"https:\/\/schema.org\",\"@graph\":[{\"@type\":\"Article\",\"@id\":\"https:\/\/araisemprecultura.cat\/index.php\/veredicte-1r-concurs-de-fotografia-ara-i-sempre-ball-de-panderos-i-panderetes\/noticies\/araisempre\/#article\",\"isPartOf\":{\"@id\":\"https:\/\/araisemprecultura.cat\/index.php\/veredicte-1r-concurs-de-fotografia-ara-i-sempre-ball-de-panderos-i-panderetes\/noticies\/araisempre\/\"},\"author\":{\"name\":\"Associaci\u00f3 ARA I SEMPRE\",\"@id\":\"https:\/\/araisemprecultura.cat\/#\/schema\/person\/63f5d9084c529771425e563e055e9753\"},\"headline\":\"[Veredicte] 1r concurs de fotografia ARA I SEMPRE: Ball de Panderos i Panderetes\",\"datePublished\":\"2024-12-31T18:33:00+00:00\",\"dateModified\":\"2024-12-31T18:46:28+00:00\",\"mainEntityOfPage\":{\"@id\":\"https:\/\/araisemprecultura.cat\/index.php\/veredicte-1r-concurs-de-fotografia-ara-i-sempre-ball-de-panderos-i-panderetes\/noticies\/araisempre\/\"},\"wordCount\":304,\"publisher\":{\"@id\":\"https:\/\/araisemprecultura.cat\/#organization\"},\"articleSection\":[\"Ball de Panderos\",\"Not\u00edcies\"],\"inLanguage\":\"ca\"},{\"@type\":\"WebPage\",\"@id\":\"https:\/\/araisemprecultura.cat\/index.php\/veredicte-1r-concurs-de-fotografia-ara-i-sempre-ball-de-panderos-i-panderetes\/noticies\/araisempre\/\",\"url\":\"https:\/\/araisemprecultura.cat\/index.php\/veredicte-1r-concurs-de-fotografia-ara-i-sempre-ball-de-panderos-i-panderetes\/noticies\/araisempre\/\",\"name\":\"[Veredicte] 1r concurs de fotografia ARA I SEMPRE: Ball de Panderos i Panderetes - ARA I SEMPRE\",\"isPartOf\":{\"@id\":\"https:\/\/araisemprecultura.cat\/#website\"},\"datePublished\":\"2024-12-31T18:33:00+00:00\",\"dateModified\":\"2024-12-31T18:46:28+00:00\",\"breadcrumb\":{\"@id\":\"https:\/\/araisemprecultura.cat\/index.php\/veredicte-1r-concurs-de-fotografia-ara-i-sempre-ball-de-panderos-i-panderetes\/noticies\/araisempre\/#breadcrumb\"},\"inLanguage\":\"ca\",\"potentialAction\":[{\"@type\":\"ReadAction\",\"target\":[\"https:\/\/araisemprecultura.cat\/index.php\/veredicte-1r-concurs-de-fotografia-ara-i-sempre-ball-de-panderos-i-panderetes\/noticies\/araisempre\/\"]}]},{\"@type\":\"BreadcrumbList\",\"@id\":\"https:\/\/araisemprecultura.cat\/index.php\/veredicte-1r-concurs-de-fotografia-ara-i-sempre-ball-de-panderos-i-panderetes\/noticies\/araisempre\/#breadcrumb\",\"itemListElement\":[{\"@type\":\"ListItem\",\"position\":1,\"name\":\"Inici\",\"item\":\"https:\/\/araisemprecultura.cat\/\"},{\"@type\":\"ListItem\",\"position\":2,\"name\":\"[Veredicte] 1r concurs de fotografia ARA I SEMPRE: Ball de Panderos i Panderetes\"}]},{\"@type\":\"WebSite\",\"@id\":\"https:\/\/araisemprecultura.cat\/#website\",\"url\":\"https:\/\/araisemprecultura.cat\/\",\"name\":\"ARA I SEMPRE\",\"description\":\"\",\"publisher\":{\"@id\":\"https:\/\/araisemprecultura.cat\/#organization\"},\"potentialAction\":[{\"@type\":\"SearchAction\",\"target\":{\"@type\":\"EntryPoint\",\"urlTemplate\":\"https:\/\/araisemprecultura.cat\/?s={search_term_string}\"},\"query-input\":\"required name=search_term_string\"}],\"inLanguage\":\"ca\"},{\"@type\":\"Organization\",\"@id\":\"https:\/\/araisemprecultura.cat\/#organization\",\"name\":\"ARA I SEMPRE\",\"url\":\"https:\/\/araisemprecultura.cat\/\",\"logo\":{\"@type\":\"ImageObject\",\"inLanguage\":\"ca\",\"@id\":\"https:\/\/araisemprecultura.cat\/#\/schema\/logo\/image\/\",\"url\":\"https:\/\/araisemprecultura.cat\/wp-content\/uploads\/2022\/02\/Disseny-imatge-ara-i-sempre-161.png\",\"contentUrl\":\"https:\/\/araisemprecultura.cat\/wp-content\/uploads\/2022\/02\/Disseny-imatge-ara-i-sempre-161.png\",\"width\":\"1962\",\"height\":\"713\",\"caption\":\"ARA I SEMPRE\"},\"image\":{\"@id\":\"https:\/\/araisemprecultura.cat\/#\/schema\/logo\/image\/\"}},{\"@type\":\"Person\",\"@id\":\"https:\/\/araisemprecultura.cat\/#\/schema\/person\/63f5d9084c529771425e563e055e9753\",\"name\":\"Associaci\u00f3 ARA I SEMPRE\",\"image\":{\"@type\":\"ImageObject\",\"inLanguage\":\"ca\",\"@id\":\"https:\/\/araisemprecultura.cat\/#\/schema\/person\/image\/\",\"url\":\"https:\/\/secure.gravatar.com\/avatar\/79119cae4235670f2cf10d32f7e31d7e8ddcdc1f4fa0a59abe7d167411092c01?s=96&r=g\",\"contentUrl\":\"https:\/\/secure.gravatar.com\/avatar\/79119cae4235670f2cf10d32f7e31d7e8ddcdc1f4fa0a59abe7d167411092c01?s=96&r=g\",\"caption\":\"Associaci\u00f3 ARA I SEMPRE\"},\"url\":\"https:\/\/araisemprecultura.cat\/index.php\/author\/araisempre\/\"}]}<\/script>\n<!-- \/ Yoast SEO plugin. -->","yoast_head_json":{"title":"[Veredicte] 1r concurs de fotografia ARA I SEMPRE: Ball de Panderos i Panderetes - ARA I SEMPRE","robots":{"index":"index","follow":"follow","max-snippet":"max-snippet:-1","max-image-preview":"max-image-preview:large","max-video-preview":"max-video-preview:-1"},"canonical":"https:\/\/araisemprecultura.cat\/index.php\/veredicte-1r-concurs-de-fotografia-ara-i-sempre-ball-de-panderos-i-panderetes\/noticies\/araisempre\/","og_locale":"ca_ES","og_type":"article","og_title":"[Veredicte] 1r concurs de fotografia ARA I SEMPRE: Ball de Panderos i Panderetes - ARA I SEMPRE","og_description":"El passat 21 de desembre de 2024, coincidint amb la commemoraci\u00f3 del mil\u00b7lenari de Montserrat i la celebraci\u00f3 de la Trobada Nacional de Ball de Panderos i Panderetes, es va convocar el 1r Concurs de Fotografia ARA I SEMPRE. Aquesta iniciativa va ser creada amb l&#8217;objectiu de difondre i immortalitzar aquest esdeveniment tan especial, promovent [&hellip;]","og_url":"https:\/\/araisemprecultura.cat\/index.php\/veredicte-1r-concurs-de-fotografia-ara-i-sempre-ball-de-panderos-i-panderetes\/noticies\/araisempre\/","og_site_name":"ARA I SEMPRE","article_published_time":"2024-12-31T18:33:00+00:00","article_modified_time":"2024-12-31T18:46:28+00:00","og_image":[{"width":2560,"height":1707,"url":"https:\/\/araisemprecultura.cat\/wp-content\/uploads\/2024\/12\/0.-Catifa-scaled.jpg","type":"image\/jpeg"}],"author":"Associaci\u00f3 ARA I SEMPRE","twitter_card":"summary_large_image","twitter_misc":{"Escrit per":"Associaci\u00f3 ARA I SEMPRE","Temps estimat de lectura":"3 minuts"},"schema":{"@context":"https:\/\/schema.org","@graph":[{"@type":"Article","@id":"https:\/\/araisemprecultura.cat\/index.php\/veredicte-1r-concurs-de-fotografia-ara-i-sempre-ball-de-panderos-i-panderetes\/noticies\/araisempre\/#article","isPartOf":{"@id":"https:\/\/araisemprecultura.cat\/index.php\/veredicte-1r-concurs-de-fotografia-ara-i-sempre-ball-de-panderos-i-panderetes\/noticies\/araisempre\/"},"author":{"name":"Associaci\u00f3 ARA I SEMPRE","@id":"https:\/\/araisemprecultura.cat\/#\/schema\/person\/63f5d9084c529771425e563e055e9753"},"headline":"[Veredicte] 1r concurs de fotografia ARA I SEMPRE: Ball de Panderos i Panderetes","datePublished":"2024-12-31T18:33:00+00:00","dateModified":"2024-12-31T18:46:28+00:00","mainEntityOfPage":{"@id":"https:\/\/araisemprecultura.cat\/index.php\/veredicte-1r-concurs-de-fotografia-ara-i-sempre-ball-de-panderos-i-panderetes\/noticies\/araisempre\/"},"wordCount":304,"publisher":{"@id":"https:\/\/araisemprecultura.cat\/#organization"},"articleSection":["Ball de Panderos","Not\u00edcies"],"inLanguage":"ca"},{"@type":"WebPage","@id":"https:\/\/araisemprecultura.cat\/index.php\/veredicte-1r-concurs-de-fotografia-ara-i-sempre-ball-de-panderos-i-panderetes\/noticies\/araisempre\/","url":"https:\/\/araisemprecultura.cat\/index.php\/veredicte-1r-concurs-de-fotografia-ara-i-sempre-ball-de-panderos-i-panderetes\/noticies\/araisempre\/","name":"[Veredicte] 1r concurs de fotografia ARA I SEMPRE: Ball de Panderos i Panderetes - ARA I SEMPRE","isPartOf":{"@id":"https:\/\/araisemprecultura.cat\/#website"},"datePublished":"2024-12-31T18:33:00+00:00","dateModified":"2024-12-31T18:46:28+00:00","breadcrumb":{"@id":"https:\/\/araisemprecultura.cat\/index.php\/veredicte-1r-concurs-de-fotografia-ara-i-sempre-ball-de-panderos-i-panderetes\/noticies\/araisempre\/#breadcrumb"},"inLanguage":"ca","potentialAction":[{"@type":"ReadAction","target":["https:\/\/araisemprecultura.cat\/index.php\/veredicte-1r-concurs-de-fotografia-ara-i-sempre-ball-de-panderos-i-panderetes\/noticies\/araisempre\/"]}]},{"@type":"BreadcrumbList","@id":"https:\/\/araisemprecultura.cat\/index.php\/veredicte-1r-concurs-de-fotografia-ara-i-sempre-ball-de-panderos-i-panderetes\/noticies\/araisempre\/#breadcrumb","itemListElement":[{"@type":"ListItem","position":1,"name":"Inici","item":"https:\/\/araisemprecultura.cat\/"},{"@type":"ListItem","position":2,"name":"[Veredicte] 1r concurs de fotografia ARA I SEMPRE: Ball de Panderos i Panderetes"}]},{"@type":"WebSite","@id":"https:\/\/araisemprecultura.cat\/#website","url":"https:\/\/araisemprecultura.cat\/","name":"ARA I SEMPRE","description":"","publisher":{"@id":"https:\/\/araisemprecultura.cat\/#organization"},"potentialAction":[{"@type":"SearchAction","target":{"@type":"EntryPoint","urlTemplate":"https:\/\/araisemprecultura.cat\/?s={search_term_string}"},"query-input":"required name=search_term_string"}],"inLanguage":"ca"},{"@type":"Organization","@id":"https:\/\/araisemprecultura.cat\/#organization","name":"ARA I SEMPRE","url":"https:\/\/araisemprecultura.cat\/","logo":{"@type":"ImageObject","inLanguage":"ca","@id":"https:\/\/araisemprecultura.cat\/#\/schema\/logo\/image\/","url":"https:\/\/araisemprecultura.cat\/wp-content\/uploads\/2022\/02\/Disseny-imatge-ara-i-sempre-161.png","contentUrl":"https:\/\/araisemprecultura.cat\/wp-content\/uploads\/2022\/02\/Disseny-imatge-ara-i-sempre-161.png","width":"1962","height":"713","caption":"ARA I SEMPRE"},"image":{"@id":"https:\/\/araisemprecultura.cat\/#\/schema\/logo\/image\/"}},{"@type":"Person","@id":"https:\/\/araisemprecultura.cat\/#\/schema\/person\/63f5d9084c529771425e563e055e9753","name":"Associaci\u00f3 ARA I SEMPRE","image":{"@type":"ImageObject","inLanguage":"ca","@id":"https:\/\/araisemprecultura.cat\/#\/schema\/person\/image\/","url":"https:\/\/secure.gravatar.com\/avatar\/79119cae4235670f2cf10d32f7e31d7e8ddcdc1f4fa0a59abe7d167411092c01?s=96&r=g","contentUrl":"https:\/\/secure.gravatar.com\/avatar\/79119cae4235670f2cf10d32f7e31d7e8ddcdc1f4fa0a59abe7d167411092c01?s=96&r=g","caption":"Associaci\u00f3 ARA I SEMPRE"},"url":"https:\/\/araisemprecultura.cat\/index.php\/author\/araisempre\/"}]}},"_links":{"self":[{"href":"https:\/\/araisemprecultura.cat\/index.php\/wp-json\/wp\/v2\/posts\/4824","targetHints":{"allow":["GET"]}}],"collection":[{"href":"https:\/\/araisemprecultura.cat\/index.php\/wp-json\/wp\/v2\/posts"}],"about":[{"href":"https:\/\/araisemprecultura.cat\/index.php\/wp-json\/wp\/v2\/types\/post"}],"author":[{"embeddable":true,"href":"https:\/\/araisemprecultura.cat\/index.php\/wp-json\/wp\/v2\/users\/3"}],"replies":[{"embeddable":true,"href":"https:\/\/araisemprecultura.cat\/index.php\/wp-json\/wp\/v2\/comments?post=4824"}],"version-history":[{"count":11,"href":"https:\/\/araisemprecultura.cat\/index.php\/wp-json\/wp\/v2\/posts\/4824\/revisions"}],"predecessor-version":[{"id":4836,"href":"https:\/\/araisemprecultura.cat\/index.php\/wp-json\/wp\/v2\/posts\/4824\/revisions\/4836"}],"wp:featuredmedia":[{"embeddable":true,"href":"https:\/\/araisemprecultura.cat\/index.php\/wp-json\/wp\/v2\/media\/4743"}],"wp:attachment":[{"href":"https:\/\/araisemprecultura.cat\/index.php\/wp-json\/wp\/v2\/media?parent=4824"}],"wp:term":[{"taxonomy":"category","embeddable":true,"href":"https:\/\/araisemprecultura.cat\/index.php\/wp-json\/wp\/v2\/categories?post=4824"},{"taxonomy":"post_tag","embeddable":true,"href":"https:\/\/araisemprecultura.cat\/index.php\/wp-json\/wp\/v2\/tags?post=4824"}],"curies":[{"name":"wp","href":"https:\/\/api.w.org\/{rel}","templated":true}]}}