{"id":4587,"date":"2024-10-07T19:35:27","date_gmt":"2024-10-07T19:35:27","guid":{"rendered":"https:\/\/araisemprecultura.cat\/?p=4587"},"modified":"2024-10-07T20:23:06","modified_gmt":"2024-10-07T20:23:06","slug":"barbera-del-valles-acollira-la-50a-trobada-nacional-de-ball-de-bastons-de-catalunya-el-2025","status":"publish","type":"post","link":"https:\/\/araisemprecultura.cat\/index.php\/barbera-del-valles-acollira-la-50a-trobada-nacional-de-ball-de-bastons-de-catalunya-el-2025\/noticies\/araisempre\/","title":{"rendered":"Barber\u00e0 del Vall\u00e8s acollir\u00e0 la 50a Trobada Nacional de Ball de Bastons de Catalunya, el 2025"},"content":{"rendered":"\t\t<div data-elementor-type=\"wp-post\" data-elementor-id=\"4587\" class=\"elementor elementor-4587\">\n\t\t\t\t\t\t<section class=\"elementor-section elementor-top-section elementor-element elementor-element-4566b714 elementor-section-boxed elementor-section-height-default elementor-section-height-default\" data-id=\"4566b714\" data-element_type=\"section\" data-settings=\"{&quot;_ha_eqh_enable&quot;:false}\">\n\t\t\t\t\t\t<div class=\"elementor-container elementor-column-gap-default\">\n\t\t\t\t\t<div class=\"elementor-column elementor-col-100 elementor-top-column elementor-element elementor-element-4a5f4662\" data-id=\"4a5f4662\" data-element_type=\"column\">\n\t\t\t<div class=\"elementor-widget-wrap elementor-element-populated\">\n\t\t\t\t\t\t<div class=\"elementor-element elementor-element-28aa1c1b elementor-widget elementor-widget-text-editor\" data-id=\"28aa1c1b\" data-element_type=\"widget\" data-widget_type=\"text-editor.default\">\n\t\t\t\t<div class=\"elementor-widget-container\">\n\t\t\t<style>\/*! elementor - v3.21.0 - 18-04-2024 *\/\n.elementor-widget-text-editor.elementor-drop-cap-view-stacked .elementor-drop-cap{background-color:#69727d;color:#fff}.elementor-widget-text-editor.elementor-drop-cap-view-framed .elementor-drop-cap{color:#69727d;border:3px solid;background-color:transparent}.elementor-widget-text-editor:not(.elementor-drop-cap-view-default) .elementor-drop-cap{margin-top:8px}.elementor-widget-text-editor:not(.elementor-drop-cap-view-default) .elementor-drop-cap-letter{width:1em;height:1em}.elementor-widget-text-editor .elementor-drop-cap{float:left;text-align:center;line-height:1;font-size:50px}.elementor-widget-text-editor .elementor-drop-cap-letter{display:inline-block}<\/style>\t\t\t\t<p><!-- wp:paragraph --><\/p>\n<p style=\"text-align: justify;\">El passat dissabte 5 d&#8217;octubre es va celebrar la 49a Trobada Nacional de Ball de Bastons de Catalunya, al municipi de Lleida, organitzada per la Colla Bastonera Pla de l&#8217;Aigua i la Coordinadora de Ball de Bastons de Catalunya. Amb una assist\u00e8ncia de m\u00e9s de 60 colles d&#8217;arreu del territori catal\u00e0, la ciutat ponentina es va convertir en la capital del Ball de Bastons amb diferents cercaviles que van confluir a la vora del riu Segre on es van dur a terme la ballada final, els parlaments i la proclamaci\u00f3 de la colla i localitat que organitzar\u00e0 la seg\u00fcent edici\u00f3 de l&#8217;esdeveniment de Ball de Bastons m\u00e9s gran de l&#8217;any.<\/p>\n<p style=\"text-align: justify;\">Per l&#8217;Associaci\u00f3 ARA I SEMPRE \u00e9s un honor i un somni poder dir que la 50a Trobada Nacional de Ball de Bastons de Catalunya es dur\u00e0 a terme al municipi de Barber\u00e0 del Vall\u00e8s, impulsada per la Colla Bastonera Les Romanes. Una trobada que arriba just 25 anys despr\u00e9s que l&#8217;any 2000 Barber\u00e0 del Vall\u00e8s acoll\u00eds l&#8217;esdeveniment de Ciutat Gegantera de Catalunya, impulsada per la colla local.<\/p>\n<p style=\"text-align: justify;\">Cal dir que la Trobada Nacional de Ball de Bastons de Catalunya s&#8217;organitza, de forma ininterrompuda, des de l&#8217;any 1976, essent dels pocs esdeveniments nacionals de cultura popular que no han tingut cap par\u00e8ntesi, ni tan sols quan les restriccions de la gesti\u00f3 de la pand\u00e8mia per la COVID-19 van fer decaure gran part dels esdeveniments culturals de tot el nostre territori. Aix\u00ed doncs, Barber\u00e0 del Vall\u00e8s acollir\u00e0 una edici\u00f3 carregada d&#8217;il\u00b7lusi\u00f3 i m\u00e0gia, per l&#8217;afegit extra que ser\u00e0 la 50a edici\u00f3 de l&#8217;esdeveniment.<\/p>\n<p style=\"text-align: justify;\">Com a comprom\u00eds i col\u00b7laboraci\u00f3 entre el projecte i l&#8217;Ajuntament de Barber\u00e0 del Vall\u00e8s, el regidor de cultura del municipi, en Joan Mu\u00f1oz Altimira, es va despla\u00e7ar fins a Lleida per acompanyar a la Colla Bastonera les Romanes, que de la m\u00e0 de les seves responsables la Irene, la Nadine i la Marta, van recollir la bandera de la Coordinadora de Ball de Bastons de Catalunya per part de les autoritats locals i la colla organitzadora. Un acte que simbolitza el trasp\u00e0s entre colles organitzadores d&#8217;aquest esdeveniment nacional.<\/p>\n<p style=\"text-align: justify;\">Aprofitem el comunicat per agrair a totes les persones que ja fa temps que treballen per aquesta candidatura, la qual s&#8217;uneix als altres esdeveniments nacionals organitzats amb ADN barberenc, per l&#8217;Associaci\u00f3 ARA I SEMPRE, com s\u00f3n la Trobada Nacional de Ball de Panderos i Panderetes de Catalunya, i la Trobada Nacional de Ball de Pastorets de Catalunya, totes dues a Montserrat en commemoraci\u00f3 a la celebraci\u00f3 del seu mil\u00b7lenari.<\/p>\n<p style=\"text-align: justify;\"><strong>VISCA LA CULTURA POPULAR! ARA I SEMPRE!<\/strong><\/p>\t\t\t\t\t\t<\/div>\n\t\t\t\t<\/div>\n\t\t\t\t\t<\/div>\n\t\t<\/div>\n\t\t\t\t\t<\/div>\n\t\t<\/section>\n\t\t\t\t<section class=\"elementor-section elementor-top-section elementor-element elementor-element-f76ff21 elementor-section-stretched elementor-section-boxed elementor-section-height-default elementor-section-height-default\" data-id=\"f76ff21\" data-element_type=\"section\" data-settings=\"{&quot;stretch_section&quot;:&quot;section-stretched&quot;,&quot;_ha_eqh_enable&quot;:false}\">\n\t\t\t\t\t\t<div class=\"elementor-container elementor-column-gap-default\">\n\t\t\t\t\t<div class=\"elementor-column elementor-col-100 elementor-top-column elementor-element elementor-element-14a5f21\" data-id=\"14a5f21\" data-element_type=\"column\">\n\t\t\t<div class=\"elementor-widget-wrap elementor-element-populated\">\n\t\t\t\t\t\t<div class=\"elementor-element elementor-element-f252b0e elementor-widget elementor-widget-video\" data-id=\"f252b0e\" data-element_type=\"widget\" data-settings=\"{&quot;youtube_url&quot;:&quot;https:\\\/\\\/youtu.be\\\/RAmFHiJg5UI&quot;,&quot;autoplay&quot;:&quot;yes&quot;,&quot;video_type&quot;:&quot;youtube&quot;,&quot;controls&quot;:&quot;yes&quot;}\" data-widget_type=\"video.default\">\n\t\t\t\t<div class=\"elementor-widget-container\">\n\t\t\t<style>\/*! elementor - v3.21.0 - 18-04-2024 *\/\n.elementor-widget-video .elementor-widget-container{overflow:hidden;transform:translateZ(0)}.elementor-widget-video .elementor-wrapper{aspect-ratio:var(--video-aspect-ratio)}.elementor-widget-video .elementor-wrapper iframe,.elementor-widget-video .elementor-wrapper video{height:100%;width:100%;display:flex;border:none;background-color:#000}@supports not (aspect-ratio:1\/1){.elementor-widget-video .elementor-wrapper{position:relative;overflow:hidden;height:0;padding-bottom:calc(100% \/ var(--video-aspect-ratio))}.elementor-widget-video .elementor-wrapper iframe,.elementor-widget-video .elementor-wrapper video{position:absolute;top:0;right:0;bottom:0;left:0}}.elementor-widget-video .elementor-open-inline .elementor-custom-embed-image-overlay{position:absolute;top:0;right:0;bottom:0;left:0;background-size:cover;background-position:50%}.elementor-widget-video .elementor-custom-embed-image-overlay{cursor:pointer;text-align:center}.elementor-widget-video .elementor-custom-embed-image-overlay:hover .elementor-custom-embed-play i{opacity:1}.elementor-widget-video .elementor-custom-embed-image-overlay img{display:block;width:100%;aspect-ratio:var(--video-aspect-ratio);-o-object-fit:cover;object-fit:cover;-o-object-position:center center;object-position:center center}@supports not (aspect-ratio:1\/1){.elementor-widget-video .elementor-custom-embed-image-overlay{position:relative;overflow:hidden;height:0;padding-bottom:calc(100% \/ var(--video-aspect-ratio))}.elementor-widget-video .elementor-custom-embed-image-overlay img{position:absolute;top:0;right:0;bottom:0;left:0}}.elementor-widget-video .e-hosted-video .elementor-video{-o-object-fit:cover;object-fit:cover}.e-con-inner>.elementor-widget-video,.e-con>.elementor-widget-video{width:var(--container-widget-width);--flex-grow:var(--container-widget-flex-grow)}<\/style>\t\t<div class=\"elementor-wrapper elementor-open-inline\">\n\t\t\t<div class=\"elementor-video\"><\/div>\t\t<\/div>\n\t\t\t\t<\/div>\n\t\t\t\t<\/div>\n\t\t\t\t\t<\/div>\n\t\t<\/div>\n\t\t\t\t\t<\/div>\n\t\t<\/section>\n\t\t\t\t<\/div>\n\t\t","protected":false},"excerpt":{"rendered":"<p>El passat dissabte 5 d&#8217;octubre es va celebrar la 49a Trobada Nacional de Ball de Bastons de Catalunya, al municipi de Lleida, organitzada per la Colla Bastonera Pla de l&#8217;Aigua i la Coordinadora de Ball de Bastons de Catalunya. Amb una assist\u00e8ncia de m\u00e9s de 60 colles d&#8217;arreu del territori catal\u00e0, la ciutat ponentina es [&hellip;]<\/p>\n","protected":false},"author":3,"featured_media":4590,"comment_status":"closed","ping_status":"closed","sticky":false,"template":"","format":"standard","meta":{"_acf_changed":false,"footnotes":""},"categories":[7,1],"tags":[],"class_list":["post-4587","post","type-post","status-publish","format-standard","has-post-thumbnail","hentry","category-ball-de-bastons","category-noticies"],"acf":[],"yoast_head":"<!-- This site is optimized with the Yoast SEO plugin v21.8 - https:\/\/yoast.com\/wordpress\/plugins\/seo\/ -->\n<title>Barber\u00e0 del Vall\u00e8s acollir\u00e0 la 50a Trobada Nacional de Ball de Bastons de Catalunya, el 2025 - ARA I SEMPRE<\/title>\n<meta name=\"robots\" content=\"index, follow, max-snippet:-1, max-image-preview:large, max-video-preview:-1\" \/>\n<link rel=\"canonical\" href=\"https:\/\/araisemprecultura.cat\/index.php\/barbera-del-valles-acollira-la-50a-trobada-nacional-de-ball-de-bastons-de-catalunya-el-2025\/noticies\/araisempre\/\" \/>\n<meta property=\"og:locale\" content=\"ca_ES\" \/>\n<meta property=\"og:type\" content=\"article\" \/>\n<meta property=\"og:title\" content=\"Barber\u00e0 del Vall\u00e8s acollir\u00e0 la 50a Trobada Nacional de Ball de Bastons de Catalunya, el 2025 - ARA I SEMPRE\" \/>\n<meta property=\"og:description\" content=\"El passat dissabte 5 d&#8217;octubre es va celebrar la 49a Trobada Nacional de Ball de Bastons de Catalunya, al municipi de Lleida, organitzada per la Colla Bastonera Pla de l&#8217;Aigua i la Coordinadora de Ball de Bastons de Catalunya. Amb una assist\u00e8ncia de m\u00e9s de 60 colles d&#8217;arreu del territori catal\u00e0, la ciutat ponentina es [&hellip;]\" \/>\n<meta property=\"og:url\" content=\"https:\/\/araisemprecultura.cat\/index.php\/barbera-del-valles-acollira-la-50a-trobada-nacional-de-ball-de-bastons-de-catalunya-el-2025\/noticies\/araisempre\/\" \/>\n<meta property=\"og:site_name\" content=\"ARA I SEMPRE\" \/>\n<meta property=\"article:published_time\" content=\"2024-10-07T19:35:27+00:00\" \/>\n<meta property=\"article:modified_time\" content=\"2024-10-07T20:23:06+00:00\" \/>\n<meta property=\"og:image\" content=\"https:\/\/araisemprecultura.cat\/wp-content\/uploads\/2024\/10\/Foto-traspas-bandera-1024x805.png\" \/>\n\t<meta property=\"og:image:width\" content=\"1024\" \/>\n\t<meta property=\"og:image:height\" content=\"805\" \/>\n\t<meta property=\"og:image:type\" content=\"image\/png\" \/>\n<meta name=\"author\" content=\"Associaci\u00f3 ARA I SEMPRE\" \/>\n<meta name=\"twitter:card\" content=\"summary_large_image\" \/>\n<meta name=\"twitter:label1\" content=\"Escrit per\" \/>\n\t<meta name=\"twitter:data1\" content=\"Associaci\u00f3 ARA I SEMPRE\" \/>\n\t<meta name=\"twitter:label2\" content=\"Temps estimat de lectura\" \/>\n\t<meta name=\"twitter:data2\" content=\"3 minuts\" \/>\n<script type=\"application\/ld+json\" class=\"yoast-schema-graph\">{\"@context\":\"https:\/\/schema.org\",\"@graph\":[{\"@type\":\"Article\",\"@id\":\"https:\/\/araisemprecultura.cat\/index.php\/barbera-del-valles-acollira-la-50a-trobada-nacional-de-ball-de-bastons-de-catalunya-el-2025\/noticies\/araisempre\/#article\",\"isPartOf\":{\"@id\":\"https:\/\/araisemprecultura.cat\/index.php\/barbera-del-valles-acollira-la-50a-trobada-nacional-de-ball-de-bastons-de-catalunya-el-2025\/noticies\/araisempre\/\"},\"author\":{\"name\":\"Associaci\u00f3 ARA I SEMPRE\",\"@id\":\"https:\/\/araisemprecultura.cat\/#\/schema\/person\/63f5d9084c529771425e563e055e9753\"},\"headline\":\"Barber\u00e0 del Vall\u00e8s acollir\u00e0 la 50a Trobada Nacional de Ball de Bastons de Catalunya, el 2025\",\"datePublished\":\"2024-10-07T19:35:27+00:00\",\"dateModified\":\"2024-10-07T20:23:06+00:00\",\"mainEntityOfPage\":{\"@id\":\"https:\/\/araisemprecultura.cat\/index.php\/barbera-del-valles-acollira-la-50a-trobada-nacional-de-ball-de-bastons-de-catalunya-el-2025\/noticies\/araisempre\/\"},\"wordCount\":462,\"publisher\":{\"@id\":\"https:\/\/araisemprecultura.cat\/#organization\"},\"articleSection\":[\"Ball de Bastons\",\"Not\u00edcies\"],\"inLanguage\":\"ca\"},{\"@type\":\"WebPage\",\"@id\":\"https:\/\/araisemprecultura.cat\/index.php\/barbera-del-valles-acollira-la-50a-trobada-nacional-de-ball-de-bastons-de-catalunya-el-2025\/noticies\/araisempre\/\",\"url\":\"https:\/\/araisemprecultura.cat\/index.php\/barbera-del-valles-acollira-la-50a-trobada-nacional-de-ball-de-bastons-de-catalunya-el-2025\/noticies\/araisempre\/\",\"name\":\"Barber\u00e0 del Vall\u00e8s acollir\u00e0 la 50a Trobada Nacional de Ball de Bastons de Catalunya, el 2025 - ARA I SEMPRE\",\"isPartOf\":{\"@id\":\"https:\/\/araisemprecultura.cat\/#website\"},\"datePublished\":\"2024-10-07T19:35:27+00:00\",\"dateModified\":\"2024-10-07T20:23:06+00:00\",\"breadcrumb\":{\"@id\":\"https:\/\/araisemprecultura.cat\/index.php\/barbera-del-valles-acollira-la-50a-trobada-nacional-de-ball-de-bastons-de-catalunya-el-2025\/noticies\/araisempre\/#breadcrumb\"},\"inLanguage\":\"ca\",\"potentialAction\":[{\"@type\":\"ReadAction\",\"target\":[\"https:\/\/araisemprecultura.cat\/index.php\/barbera-del-valles-acollira-la-50a-trobada-nacional-de-ball-de-bastons-de-catalunya-el-2025\/noticies\/araisempre\/\"]}]},{\"@type\":\"BreadcrumbList\",\"@id\":\"https:\/\/araisemprecultura.cat\/index.php\/barbera-del-valles-acollira-la-50a-trobada-nacional-de-ball-de-bastons-de-catalunya-el-2025\/noticies\/araisempre\/#breadcrumb\",\"itemListElement\":[{\"@type\":\"ListItem\",\"position\":1,\"name\":\"Inici\",\"item\":\"https:\/\/araisemprecultura.cat\/\"},{\"@type\":\"ListItem\",\"position\":2,\"name\":\"Barber\u00e0 del Vall\u00e8s acollir\u00e0 la 50a Trobada Nacional de Ball de Bastons de Catalunya, el 2025\"}]},{\"@type\":\"WebSite\",\"@id\":\"https:\/\/araisemprecultura.cat\/#website\",\"url\":\"https:\/\/araisemprecultura.cat\/\",\"name\":\"ARA I SEMPRE\",\"description\":\"\",\"publisher\":{\"@id\":\"https:\/\/araisemprecultura.cat\/#organization\"},\"potentialAction\":[{\"@type\":\"SearchAction\",\"target\":{\"@type\":\"EntryPoint\",\"urlTemplate\":\"https:\/\/araisemprecultura.cat\/?s={search_term_string}\"},\"query-input\":\"required name=search_term_string\"}],\"inLanguage\":\"ca\"},{\"@type\":\"Organization\",\"@id\":\"https:\/\/araisemprecultura.cat\/#organization\",\"name\":\"ARA I SEMPRE\",\"url\":\"https:\/\/araisemprecultura.cat\/\",\"logo\":{\"@type\":\"ImageObject\",\"inLanguage\":\"ca\",\"@id\":\"https:\/\/araisemprecultura.cat\/#\/schema\/logo\/image\/\",\"url\":\"https:\/\/araisemprecultura.cat\/wp-content\/uploads\/2022\/02\/Disseny-imatge-ara-i-sempre-161.png\",\"contentUrl\":\"https:\/\/araisemprecultura.cat\/wp-content\/uploads\/2022\/02\/Disseny-imatge-ara-i-sempre-161.png\",\"width\":\"1962\",\"height\":\"713\",\"caption\":\"ARA I SEMPRE\"},\"image\":{\"@id\":\"https:\/\/araisemprecultura.cat\/#\/schema\/logo\/image\/\"}},{\"@type\":\"Person\",\"@id\":\"https:\/\/araisemprecultura.cat\/#\/schema\/person\/63f5d9084c529771425e563e055e9753\",\"name\":\"Associaci\u00f3 ARA I SEMPRE\",\"image\":{\"@type\":\"ImageObject\",\"inLanguage\":\"ca\",\"@id\":\"https:\/\/araisemprecultura.cat\/#\/schema\/person\/image\/\",\"url\":\"https:\/\/secure.gravatar.com\/avatar\/79119cae4235670f2cf10d32f7e31d7e8ddcdc1f4fa0a59abe7d167411092c01?s=96&r=g\",\"contentUrl\":\"https:\/\/secure.gravatar.com\/avatar\/79119cae4235670f2cf10d32f7e31d7e8ddcdc1f4fa0a59abe7d167411092c01?s=96&r=g\",\"caption\":\"Associaci\u00f3 ARA I SEMPRE\"},\"url\":\"https:\/\/araisemprecultura.cat\/index.php\/author\/araisempre\/\"}]}<\/script>\n<!-- \/ Yoast SEO plugin. -->","yoast_head_json":{"title":"Barber\u00e0 del Vall\u00e8s acollir\u00e0 la 50a Trobada Nacional de Ball de Bastons de Catalunya, el 2025 - ARA I SEMPRE","robots":{"index":"index","follow":"follow","max-snippet":"max-snippet:-1","max-image-preview":"max-image-preview:large","max-video-preview":"max-video-preview:-1"},"canonical":"https:\/\/araisemprecultura.cat\/index.php\/barbera-del-valles-acollira-la-50a-trobada-nacional-de-ball-de-bastons-de-catalunya-el-2025\/noticies\/araisempre\/","og_locale":"ca_ES","og_type":"article","og_title":"Barber\u00e0 del Vall\u00e8s acollir\u00e0 la 50a Trobada Nacional de Ball de Bastons de Catalunya, el 2025 - ARA I SEMPRE","og_description":"El passat dissabte 5 d&#8217;octubre es va celebrar la 49a Trobada Nacional de Ball de Bastons de Catalunya, al municipi de Lleida, organitzada per la Colla Bastonera Pla de l&#8217;Aigua i la Coordinadora de Ball de Bastons de Catalunya. Amb una assist\u00e8ncia de m\u00e9s de 60 colles d&#8217;arreu del territori catal\u00e0, la ciutat ponentina es [&hellip;]","og_url":"https:\/\/araisemprecultura.cat\/index.php\/barbera-del-valles-acollira-la-50a-trobada-nacional-de-ball-de-bastons-de-catalunya-el-2025\/noticies\/araisempre\/","og_site_name":"ARA I SEMPRE","article_published_time":"2024-10-07T19:35:27+00:00","article_modified_time":"2024-10-07T20:23:06+00:00","og_image":[{"width":"1024","height":"805","url":"https:\/\/araisemprecultura.cat\/wp-content\/uploads\/2024\/10\/Foto-traspas-bandera-1024x805.png","type":"image\/png"}],"author":"Associaci\u00f3 ARA I SEMPRE","twitter_card":"summary_large_image","twitter_misc":{"Escrit per":"Associaci\u00f3 ARA I SEMPRE","Temps estimat de lectura":"3 minuts"},"schema":{"@context":"https:\/\/schema.org","@graph":[{"@type":"Article","@id":"https:\/\/araisemprecultura.cat\/index.php\/barbera-del-valles-acollira-la-50a-trobada-nacional-de-ball-de-bastons-de-catalunya-el-2025\/noticies\/araisempre\/#article","isPartOf":{"@id":"https:\/\/araisemprecultura.cat\/index.php\/barbera-del-valles-acollira-la-50a-trobada-nacional-de-ball-de-bastons-de-catalunya-el-2025\/noticies\/araisempre\/"},"author":{"name":"Associaci\u00f3 ARA I SEMPRE","@id":"https:\/\/araisemprecultura.cat\/#\/schema\/person\/63f5d9084c529771425e563e055e9753"},"headline":"Barber\u00e0 del Vall\u00e8s acollir\u00e0 la 50a Trobada Nacional de Ball de Bastons de Catalunya, el 2025","datePublished":"2024-10-07T19:35:27+00:00","dateModified":"2024-10-07T20:23:06+00:00","mainEntityOfPage":{"@id":"https:\/\/araisemprecultura.cat\/index.php\/barbera-del-valles-acollira-la-50a-trobada-nacional-de-ball-de-bastons-de-catalunya-el-2025\/noticies\/araisempre\/"},"wordCount":462,"publisher":{"@id":"https:\/\/araisemprecultura.cat\/#organization"},"articleSection":["Ball de Bastons","Not\u00edcies"],"inLanguage":"ca"},{"@type":"WebPage","@id":"https:\/\/araisemprecultura.cat\/index.php\/barbera-del-valles-acollira-la-50a-trobada-nacional-de-ball-de-bastons-de-catalunya-el-2025\/noticies\/araisempre\/","url":"https:\/\/araisemprecultura.cat\/index.php\/barbera-del-valles-acollira-la-50a-trobada-nacional-de-ball-de-bastons-de-catalunya-el-2025\/noticies\/araisempre\/","name":"Barber\u00e0 del Vall\u00e8s acollir\u00e0 la 50a Trobada Nacional de Ball de Bastons de Catalunya, el 2025 - ARA I SEMPRE","isPartOf":{"@id":"https:\/\/araisemprecultura.cat\/#website"},"datePublished":"2024-10-07T19:35:27+00:00","dateModified":"2024-10-07T20:23:06+00:00","breadcrumb":{"@id":"https:\/\/araisemprecultura.cat\/index.php\/barbera-del-valles-acollira-la-50a-trobada-nacional-de-ball-de-bastons-de-catalunya-el-2025\/noticies\/araisempre\/#breadcrumb"},"inLanguage":"ca","potentialAction":[{"@type":"ReadAction","target":["https:\/\/araisemprecultura.cat\/index.php\/barbera-del-valles-acollira-la-50a-trobada-nacional-de-ball-de-bastons-de-catalunya-el-2025\/noticies\/araisempre\/"]}]},{"@type":"BreadcrumbList","@id":"https:\/\/araisemprecultura.cat\/index.php\/barbera-del-valles-acollira-la-50a-trobada-nacional-de-ball-de-bastons-de-catalunya-el-2025\/noticies\/araisempre\/#breadcrumb","itemListElement":[{"@type":"ListItem","position":1,"name":"Inici","item":"https:\/\/araisemprecultura.cat\/"},{"@type":"ListItem","position":2,"name":"Barber\u00e0 del Vall\u00e8s acollir\u00e0 la 50a Trobada Nacional de Ball de Bastons de Catalunya, el 2025"}]},{"@type":"WebSite","@id":"https:\/\/araisemprecultura.cat\/#website","url":"https:\/\/araisemprecultura.cat\/","name":"ARA I SEMPRE","description":"","publisher":{"@id":"https:\/\/araisemprecultura.cat\/#organization"},"potentialAction":[{"@type":"SearchAction","target":{"@type":"EntryPoint","urlTemplate":"https:\/\/araisemprecultura.cat\/?s={search_term_string}"},"query-input":"required name=search_term_string"}],"inLanguage":"ca"},{"@type":"Organization","@id":"https:\/\/araisemprecultura.cat\/#organization","name":"ARA I SEMPRE","url":"https:\/\/araisemprecultura.cat\/","logo":{"@type":"ImageObject","inLanguage":"ca","@id":"https:\/\/araisemprecultura.cat\/#\/schema\/logo\/image\/","url":"https:\/\/araisemprecultura.cat\/wp-content\/uploads\/2022\/02\/Disseny-imatge-ara-i-sempre-161.png","contentUrl":"https:\/\/araisemprecultura.cat\/wp-content\/uploads\/2022\/02\/Disseny-imatge-ara-i-sempre-161.png","width":"1962","height":"713","caption":"ARA I SEMPRE"},"image":{"@id":"https:\/\/araisemprecultura.cat\/#\/schema\/logo\/image\/"}},{"@type":"Person","@id":"https:\/\/araisemprecultura.cat\/#\/schema\/person\/63f5d9084c529771425e563e055e9753","name":"Associaci\u00f3 ARA I SEMPRE","image":{"@type":"ImageObject","inLanguage":"ca","@id":"https:\/\/araisemprecultura.cat\/#\/schema\/person\/image\/","url":"https:\/\/secure.gravatar.com\/avatar\/79119cae4235670f2cf10d32f7e31d7e8ddcdc1f4fa0a59abe7d167411092c01?s=96&r=g","contentUrl":"https:\/\/secure.gravatar.com\/avatar\/79119cae4235670f2cf10d32f7e31d7e8ddcdc1f4fa0a59abe7d167411092c01?s=96&r=g","caption":"Associaci\u00f3 ARA I SEMPRE"},"url":"https:\/\/araisemprecultura.cat\/index.php\/author\/araisempre\/"}]}},"_links":{"self":[{"href":"https:\/\/araisemprecultura.cat\/index.php\/wp-json\/wp\/v2\/posts\/4587","targetHints":{"allow":["GET"]}}],"collection":[{"href":"https:\/\/araisemprecultura.cat\/index.php\/wp-json\/wp\/v2\/posts"}],"about":[{"href":"https:\/\/araisemprecultura.cat\/index.php\/wp-json\/wp\/v2\/types\/post"}],"author":[{"embeddable":true,"href":"https:\/\/araisemprecultura.cat\/index.php\/wp-json\/wp\/v2\/users\/3"}],"replies":[{"embeddable":true,"href":"https:\/\/araisemprecultura.cat\/index.php\/wp-json\/wp\/v2\/comments?post=4587"}],"version-history":[{"count":7,"href":"https:\/\/araisemprecultura.cat\/index.php\/wp-json\/wp\/v2\/posts\/4587\/revisions"}],"predecessor-version":[{"id":4598,"href":"https:\/\/araisemprecultura.cat\/index.php\/wp-json\/wp\/v2\/posts\/4587\/revisions\/4598"}],"wp:featuredmedia":[{"embeddable":true,"href":"https:\/\/araisemprecultura.cat\/index.php\/wp-json\/wp\/v2\/media\/4590"}],"wp:attachment":[{"href":"https:\/\/araisemprecultura.cat\/index.php\/wp-json\/wp\/v2\/media?parent=4587"}],"wp:term":[{"taxonomy":"category","embeddable":true,"href":"https:\/\/araisemprecultura.cat\/index.php\/wp-json\/wp\/v2\/categories?post=4587"},{"taxonomy":"post_tag","embeddable":true,"href":"https:\/\/araisemprecultura.cat\/index.php\/wp-json\/wp\/v2\/tags?post=4587"}],"curies":[{"name":"wp","href":"https:\/\/api.w.org\/{rel}","templated":true}]}}