{"id":3238,"date":"2024-02-10T21:58:00","date_gmt":"2024-02-10T21:58:00","guid":{"rendered":"https:\/\/araisemprecultura.cat\/?p=3238"},"modified":"2024-02-11T13:03:28","modified_gmt":"2024-02-11T13:03:28","slug":"carnestoltes-ara-i-sempre-2024","status":"publish","type":"post","link":"https:\/\/araisemprecultura.cat\/index.php\/carnestoltes-ara-i-sempre-2024\/noticies\/araisempre\/","title":{"rendered":"Carnestoltes ARA I SEMPRE 2024"},"content":{"rendered":"\t\t<div data-elementor-type=\"wp-post\" data-elementor-id=\"3238\" class=\"elementor elementor-3238\">\n\t\t\t\t\t\t<section class=\"elementor-section elementor-top-section elementor-element elementor-element-4566b714 elementor-section-boxed elementor-section-height-default elementor-section-height-default\" data-id=\"4566b714\" data-element_type=\"section\" data-settings=\"{&quot;_ha_eqh_enable&quot;:false}\">\n\t\t\t\t\t\t<div class=\"elementor-container elementor-column-gap-default\">\n\t\t\t\t\t<div class=\"elementor-column elementor-col-100 elementor-top-column elementor-element elementor-element-4a5f4662\" data-id=\"4a5f4662\" data-element_type=\"column\">\n\t\t\t<div class=\"elementor-widget-wrap elementor-element-populated\">\n\t\t\t\t\t\t<div class=\"elementor-element elementor-element-28aa1c1b elementor-widget elementor-widget-text-editor\" data-id=\"28aa1c1b\" data-element_type=\"widget\" data-widget_type=\"text-editor.default\">\n\t\t\t\t<div class=\"elementor-widget-container\">\n\t\t\t<style>\/*! elementor - v3.21.0 - 18-04-2024 *\/\n.elementor-widget-text-editor.elementor-drop-cap-view-stacked .elementor-drop-cap{background-color:#69727d;color:#fff}.elementor-widget-text-editor.elementor-drop-cap-view-framed .elementor-drop-cap{color:#69727d;border:3px solid;background-color:transparent}.elementor-widget-text-editor:not(.elementor-drop-cap-view-default) .elementor-drop-cap{margin-top:8px}.elementor-widget-text-editor:not(.elementor-drop-cap-view-default) .elementor-drop-cap-letter{width:1em;height:1em}.elementor-widget-text-editor .elementor-drop-cap{float:left;text-align:center;line-height:1;font-size:50px}.elementor-widget-text-editor .elementor-drop-cap-letter{display:inline-block}<\/style>\t\t\t\t<p><!-- wp:paragraph --><\/p>\n<p style=\"text-align: justify;\">El 10 de febrer, ARA I SEMPRE va tornar a participar a la Rua de Carnestoltes de Barber\u00e0 del Vall\u00e8s! Aquest cop amb la comparsa <strong>Els autos de xoc bojos d\u2019ARA I SEMPRE<\/strong>, una cinquantena de persones de la fam\u00edlia ARA I SEMPRE van sortir a donar-ho tot amb il\u00b7lusi\u00f3, energia i la m\u00e0gia dels SOMRIURES! El millor regal? Precisament els centenars de somriures que van dibuixar en les cares de les persones que les van veure ballar! Per\u00f2, ep! Que vam tenir una cirereta-sorpresa ben xula! La nostra comparsa va guanyar el premi a la m\u00e9s divertida! Tot plegat una tarda \u00fanica que cohesion\u00e0 encara m\u00e9s la nostra gran fam\u00edlia! Gr\u00e0cies i m\u00e9s gr\u00e0cies a totes les persones que ho heu fet possible!<br \/><br \/><strong>VISCA LA CULTURA POPULAR I VISCA LA BOGERIA! ARA I SEMPRE!<\/strong><\/p>\t\t\t\t\t\t<\/div>\n\t\t\t\t<\/div>\n\t\t\t\t<div class=\"elementor-element elementor-element-b0052ce elementor-arrows-position-inside elementor-pagination-position-outside elementor-widget elementor-widget-image-carousel\" data-id=\"b0052ce\" data-element_type=\"widget\" data-settings=\"{&quot;slides_to_show&quot;:&quot;1&quot;,&quot;navigation&quot;:&quot;both&quot;,&quot;autoplay&quot;:&quot;yes&quot;,&quot;pause_on_hover&quot;:&quot;yes&quot;,&quot;pause_on_interaction&quot;:&quot;yes&quot;,&quot;autoplay_speed&quot;:5000,&quot;infinite&quot;:&quot;yes&quot;,&quot;effect&quot;:&quot;slide&quot;,&quot;speed&quot;:500}\" data-widget_type=\"image-carousel.default\">\n\t\t\t\t<div class=\"elementor-widget-container\">\n\t\t\t<style>\/*! elementor - v3.21.0 - 18-04-2024 *\/\n.elementor-widget-image-carousel .swiper,.elementor-widget-image-carousel .swiper-container{position:static}.elementor-widget-image-carousel .swiper-container .swiper-slide figure,.elementor-widget-image-carousel .swiper .swiper-slide figure{line-height:inherit}.elementor-widget-image-carousel .swiper-slide{text-align:center}.elementor-image-carousel-wrapper:not(.swiper-container-initialized):not(.swiper-initialized) .swiper-slide{max-width:calc(100% \/ var(--e-image-carousel-slides-to-show, 3))}<\/style>\t\t<div class=\"elementor-image-carousel-wrapper swiper\" dir=\"ltr\">\n\t\t\t<div class=\"elementor-image-carousel swiper-wrapper\" aria-live=\"off\">\n\t\t\t\t\t\t\t\t<div class=\"swiper-slide\" role=\"group\" aria-roledescription=\"slide\" aria-label=\"1 de 10\"><figure class=\"swiper-slide-inner\"><img decoding=\"async\" class=\"swiper-slide-image\" src=\"https:\/\/araisemprecultura.cat\/wp-content\/uploads\/2024\/02\/AvuiARAISEMPREhemtornataparticiparalaRuadeCarnestoltesdeBarberadelVallesEnguanyamblacomparsaElsautosdexocbojosdARAISEMPREunacinquantenadepersonesdelafamiliaARAISEMPREhemso.jpg\" alt=\"Avui+ARA+I+SEMPRE+hem+tornat+a+participar+a+la+Rua+de+Carnestoltes+de+Barber\u00e0+del+Vall\u00e8s!+Enguany+amb+la+comparsa+Els+autos+de+xoc+bojos+d\u2019ARA+I+SEMPRE,+una+cinquantena+de+persones+de+la+fam\u00edlia+ARA+I+SEMPRE+hem+so\" \/><\/figure><\/div><div class=\"swiper-slide\" role=\"group\" aria-roledescription=\"slide\" aria-label=\"2 de 10\"><figure class=\"swiper-slide-inner\"><img decoding=\"async\" class=\"swiper-slide-image\" src=\"https:\/\/araisemprecultura.cat\/wp-content\/uploads\/2024\/02\/AvuiARAISEMPREhemtornataparticiparalaRuadeCarnestoltesdeBarberadelVallesEnguanyamblacomparsaElsautosdexocbojosdARAISEMPREunacinquantenadepersonesdelafamiliaARAISEMPREhe-1.jpg\" alt=\"Avui+ARA+I+SEMPRE+hem+tornat+a+participar+a+la+Rua+de+Carnestoltes+de+Barber\u00e0+del+Vall\u00e8s!+Enguany+amb+la+comparsa+Els+autos+de+xoc+bojos+d\u2019ARA+I+SEMPRE,+una+cinquantena+de+persones+de+la+fam\u00edlia+ARA+I+SEMPRE+he (1)\" \/><\/figure><\/div><div class=\"swiper-slide\" role=\"group\" aria-roledescription=\"slide\" aria-label=\"3 de 10\"><figure class=\"swiper-slide-inner\"><img decoding=\"async\" class=\"swiper-slide-image\" src=\"https:\/\/araisemprecultura.cat\/wp-content\/uploads\/2024\/02\/AvuiARAISEMPREhemtornataparticiparalaRuadeCarnestoltesdeBarberadelVallesEnguanyamblacomparsaElsautosdexocbojosdARAISEMPREunacinquantenadepersonesdelafamiliaARAISEMPREhe-2.jpg\" alt=\"Avui+ARA+I+SEMPRE+hem+tornat+a+participar+a+la+Rua+de+Carnestoltes+de+Barber\u00e0+del+Vall\u00e8s!+Enguany+amb+la+comparsa+Els+autos+de+xoc+bojos+d\u2019ARA+I+SEMPRE,+una+cinquantena+de+persones+de+la+fam\u00edlia+ARA+I+SEMPRE+he (2)\" \/><\/figure><\/div><div class=\"swiper-slide\" role=\"group\" aria-roledescription=\"slide\" aria-label=\"4 de 10\"><figure class=\"swiper-slide-inner\"><img decoding=\"async\" class=\"swiper-slide-image\" src=\"https:\/\/araisemprecultura.cat\/wp-content\/uploads\/2024\/02\/AvuiARAISEMPREhemtornataparticiparalaRuadeCarnestoltesdeBarberadelVallesEnguanyamblacomparsaElsautosdexocbojosdARAISEMPREunacinquantenadepersonesdelafamiliaARAISEMPREhe-3.jpg\" alt=\"Avui+ARA+I+SEMPRE+hem+tornat+a+participar+a+la+Rua+de+Carnestoltes+de+Barber\u00e0+del+Vall\u00e8s!+Enguany+amb+la+comparsa+Els+autos+de+xoc+bojos+d\u2019ARA+I+SEMPRE,+una+cinquantena+de+persones+de+la+fam\u00edlia+ARA+I+SEMPRE+he (3)\" \/><\/figure><\/div><div class=\"swiper-slide\" role=\"group\" aria-roledescription=\"slide\" aria-label=\"5 de 10\"><figure class=\"swiper-slide-inner\"><img decoding=\"async\" class=\"swiper-slide-image\" src=\"https:\/\/araisemprecultura.cat\/wp-content\/uploads\/2024\/02\/AvuiARAISEMPREhemtornataparticiparalaRuadeCarnestoltesdeBarberadelVallesEnguanyamblacomparsaElsautosdexocbojosdARAISEMPREunacinquantenadepersonesdelafamiliaARAISEMPREhe-4.jpg\" alt=\"Avui+ARA+I+SEMPRE+hem+tornat+a+participar+a+la+Rua+de+Carnestoltes+de+Barber\u00e0+del+Vall\u00e8s!+Enguany+amb+la+comparsa+Els+autos+de+xoc+bojos+d\u2019ARA+I+SEMPRE,+una+cinquantena+de+persones+de+la+fam\u00edlia+ARA+I+SEMPRE+he (4)\" \/><\/figure><\/div><div class=\"swiper-slide\" role=\"group\" aria-roledescription=\"slide\" aria-label=\"6 de 10\"><figure class=\"swiper-slide-inner\"><img decoding=\"async\" class=\"swiper-slide-image\" src=\"https:\/\/araisemprecultura.cat\/wp-content\/uploads\/2024\/02\/AvuiARAISEMPREhemtornataparticiparalaRuadeCarnestoltesdeBarberadelVallesEnguanyamblacomparsaElsautosdexocbojosdARAISEMPREunacinquantenadepersonesdelafamiliaARAISEMPREhe-5.jpg\" alt=\"Avui+ARA+I+SEMPRE+hem+tornat+a+participar+a+la+Rua+de+Carnestoltes+de+Barber\u00e0+del+Vall\u00e8s!+Enguany+amb+la+comparsa+Els+autos+de+xoc+bojos+d\u2019ARA+I+SEMPRE,+una+cinquantena+de+persones+de+la+fam\u00edlia+ARA+I+SEMPRE+he (5)\" \/><\/figure><\/div><div class=\"swiper-slide\" role=\"group\" aria-roledescription=\"slide\" aria-label=\"7 de 10\"><figure class=\"swiper-slide-inner\"><img decoding=\"async\" class=\"swiper-slide-image\" src=\"https:\/\/araisemprecultura.cat\/wp-content\/uploads\/2024\/02\/AvuiARAISEMPREhemtornataparticiparalaRuadeCarnestoltesdeBarberadelVallesEnguanyamblacomparsaElsautosdexocbojosdARAISEMPREunacinquantenadepersonesdelafamiliaARAISEMPREhe-6.jpg\" alt=\"Avui+ARA+I+SEMPRE+hem+tornat+a+participar+a+la+Rua+de+Carnestoltes+de+Barber\u00e0+del+Vall\u00e8s!+Enguany+amb+la+comparsa+Els+autos+de+xoc+bojos+d\u2019ARA+I+SEMPRE,+una+cinquantena+de+persones+de+la+fam\u00edlia+ARA+I+SEMPRE+he (6)\" \/><\/figure><\/div><div class=\"swiper-slide\" role=\"group\" aria-roledescription=\"slide\" aria-label=\"8 de 10\"><figure class=\"swiper-slide-inner\"><img decoding=\"async\" class=\"swiper-slide-image\" src=\"https:\/\/araisemprecultura.cat\/wp-content\/uploads\/2024\/02\/AvuiARAISEMPREhemtornataparticiparalaRuadeCarnestoltesdeBarberadelVallesEnguanyamblacomparsaElsautosdexocbojosdARAISEMPREunacinquantenadepersonesdelafamiliaARAISEMPREhe-7.jpg\" alt=\"Avui+ARA+I+SEMPRE+hem+tornat+a+participar+a+la+Rua+de+Carnestoltes+de+Barber\u00e0+del+Vall\u00e8s!+Enguany+amb+la+comparsa+Els+autos+de+xoc+bojos+d\u2019ARA+I+SEMPRE,+una+cinquantena+de+persones+de+la+fam\u00edlia+ARA+I+SEMPRE+he (7)\" \/><\/figure><\/div><div class=\"swiper-slide\" role=\"group\" aria-roledescription=\"slide\" aria-label=\"9 de 10\"><figure class=\"swiper-slide-inner\"><img decoding=\"async\" class=\"swiper-slide-image\" src=\"https:\/\/araisemprecultura.cat\/wp-content\/uploads\/2024\/02\/AvuiARAISEMPREhemtornataparticiparalaRuadeCarnestoltesdeBarberadelVallesEnguanyamblacomparsaElsautosdexocbojosdARAISEMPREunacinquantenadepersonesdelafamiliaARAISEMPREhe-8.jpg\" alt=\"Avui+ARA+I+SEMPRE+hem+tornat+a+participar+a+la+Rua+de+Carnestoltes+de+Barber\u00e0+del+Vall\u00e8s!+Enguany+amb+la+comparsa+Els+autos+de+xoc+bojos+d\u2019ARA+I+SEMPRE,+una+cinquantena+de+persones+de+la+fam\u00edlia+ARA+I+SEMPRE+he (8)\" \/><\/figure><\/div><div class=\"swiper-slide\" role=\"group\" aria-roledescription=\"slide\" aria-label=\"10 de 10\"><figure class=\"swiper-slide-inner\"><img decoding=\"async\" class=\"swiper-slide-image\" src=\"https:\/\/araisemprecultura.cat\/wp-content\/uploads\/2024\/02\/AvuiARAISEMPREhemtornataparticiparalaRuadeCarnestoltesdeBarberadelVallesEnguanyamblacomparsaElsautosdexocbojosdARAISEMPREunacinquantenadepersonesdelafamiliaARAISEMPREhe-9.jpg\" alt=\"Avui+ARA+I+SEMPRE+hem+tornat+a+participar+a+la+Rua+de+Carnestoltes+de+Barber\u00e0+del+Vall\u00e8s!+Enguany+amb+la+comparsa+Els+autos+de+xoc+bojos+d\u2019ARA+I+SEMPRE,+una+cinquantena+de+persones+de+la+fam\u00edlia+ARA+I+SEMPRE+he (9)\" \/><\/figure><\/div>\t\t\t<\/div>\n\t\t\t\t\t\t\t\t\t\t\t\t<div class=\"elementor-swiper-button elementor-swiper-button-prev\" role=\"button\" tabindex=\"0\">\n\t\t\t\t\t\t<i aria-hidden=\"true\" class=\"eicon-chevron-left\"><\/i>\t\t\t\t\t<\/div>\n\t\t\t\t\t<div class=\"elementor-swiper-button elementor-swiper-button-next\" role=\"button\" tabindex=\"0\">\n\t\t\t\t\t\t<i aria-hidden=\"true\" class=\"eicon-chevron-right\"><\/i>\t\t\t\t\t<\/div>\n\t\t\t\t\n\t\t\t\t\t\t\t\t\t<div class=\"swiper-pagination\"><\/div>\n\t\t\t\t\t\t\t\t\t<\/div>\n\t\t\t\t<\/div>\n\t\t\t\t<\/div>\n\t\t\t\t\t<\/div>\n\t\t<\/div>\n\t\t\t\t\t<\/div>\n\t\t<\/section>\n\t\t\t\t<\/div>\n\t\t","protected":false},"excerpt":{"rendered":"<p>El 10 de febrer, ARA I SEMPRE va tornar a participar a la Rua de Carnestoltes de Barber\u00e0 del Vall\u00e8s! Aquest cop amb la comparsa Els autos de xoc bojos d\u2019ARA I SEMPRE, una cinquantena de persones de la fam\u00edlia ARA I SEMPRE van sortir a donar-ho tot amb il\u00b7lusi\u00f3, energia i la m\u00e0gia dels [&hellip;]<\/p>\n","protected":false},"author":3,"featured_media":3244,"comment_status":"closed","ping_status":"closed","sticky":false,"template":"","format":"standard","meta":{"_acf_changed":false,"footnotes":""},"categories":[1],"tags":[],"class_list":["post-3238","post","type-post","status-publish","format-standard","has-post-thumbnail","hentry","category-noticies"],"acf":[],"yoast_head":"<!-- This site is optimized with the Yoast SEO plugin v21.8 - https:\/\/yoast.com\/wordpress\/plugins\/seo\/ -->\n<title>Carnestoltes ARA I SEMPRE 2024 - ARA I SEMPRE<\/title>\n<meta name=\"robots\" content=\"index, follow, max-snippet:-1, max-image-preview:large, max-video-preview:-1\" \/>\n<link rel=\"canonical\" href=\"https:\/\/araisemprecultura.cat\/index.php\/carnestoltes-ara-i-sempre-2024\/noticies\/araisempre\/\" \/>\n<meta property=\"og:locale\" content=\"ca_ES\" \/>\n<meta property=\"og:type\" content=\"article\" \/>\n<meta property=\"og:title\" content=\"Carnestoltes ARA I SEMPRE 2024 - ARA I SEMPRE\" \/>\n<meta property=\"og:description\" content=\"El 10 de febrer, ARA I SEMPRE va tornar a participar a la Rua de Carnestoltes de Barber\u00e0 del Vall\u00e8s! Aquest cop amb la comparsa Els autos de xoc bojos d\u2019ARA I SEMPRE, una cinquantena de persones de la fam\u00edlia ARA I SEMPRE van sortir a donar-ho tot amb il\u00b7lusi\u00f3, energia i la m\u00e0gia dels [&hellip;]\" \/>\n<meta property=\"og:url\" content=\"https:\/\/araisemprecultura.cat\/index.php\/carnestoltes-ara-i-sempre-2024\/noticies\/araisempre\/\" \/>\n<meta property=\"og:site_name\" content=\"ARA I SEMPRE\" \/>\n<meta property=\"article:published_time\" content=\"2024-02-10T21:58:00+00:00\" \/>\n<meta property=\"article:modified_time\" content=\"2024-02-11T13:03:28+00:00\" \/>\n<meta property=\"og:image\" content=\"https:\/\/araisemprecultura.cat\/wp-content\/uploads\/2024\/02\/AvuiARAISEMPREhemtornataparticiparalaRuadeCarnestoltesdeBarberadelVallesEnguanyamblacomparsaElsautosdexocbojosdARAISEMPREunacinquantenadepersonesdelafamiliaARAISEMPREhe-4.jpg\" \/>\n\t<meta property=\"og:image:width\" content=\"1080\" \/>\n\t<meta property=\"og:image:height\" content=\"1080\" \/>\n\t<meta property=\"og:image:type\" content=\"image\/jpeg\" \/>\n<meta name=\"author\" content=\"Associaci\u00f3 ARA I SEMPRE\" \/>\n<meta name=\"twitter:card\" content=\"summary_large_image\" \/>\n<meta name=\"twitter:label1\" content=\"Escrit per\" \/>\n\t<meta name=\"twitter:data1\" content=\"Associaci\u00f3 ARA I SEMPRE\" \/>\n\t<meta name=\"twitter:label2\" content=\"Temps estimat de lectura\" \/>\n\t<meta name=\"twitter:data2\" content=\"4 minuts\" \/>\n<script type=\"application\/ld+json\" class=\"yoast-schema-graph\">{\"@context\":\"https:\/\/schema.org\",\"@graph\":[{\"@type\":\"Article\",\"@id\":\"https:\/\/araisemprecultura.cat\/index.php\/carnestoltes-ara-i-sempre-2024\/noticies\/araisempre\/#article\",\"isPartOf\":{\"@id\":\"https:\/\/araisemprecultura.cat\/index.php\/carnestoltes-ara-i-sempre-2024\/noticies\/araisempre\/\"},\"author\":{\"name\":\"Associaci\u00f3 ARA I SEMPRE\",\"@id\":\"https:\/\/araisemprecultura.cat\/#\/schema\/person\/63f5d9084c529771425e563e055e9753\"},\"headline\":\"Carnestoltes ARA I SEMPRE 2024\",\"datePublished\":\"2024-02-10T21:58:00+00:00\",\"dateModified\":\"2024-02-11T13:03:28+00:00\",\"mainEntityOfPage\":{\"@id\":\"https:\/\/araisemprecultura.cat\/index.php\/carnestoltes-ara-i-sempre-2024\/noticies\/araisempre\/\"},\"wordCount\":149,\"publisher\":{\"@id\":\"https:\/\/araisemprecultura.cat\/#organization\"},\"articleSection\":[\"Not\u00edcies\"],\"inLanguage\":\"ca\"},{\"@type\":\"WebPage\",\"@id\":\"https:\/\/araisemprecultura.cat\/index.php\/carnestoltes-ara-i-sempre-2024\/noticies\/araisempre\/\",\"url\":\"https:\/\/araisemprecultura.cat\/index.php\/carnestoltes-ara-i-sempre-2024\/noticies\/araisempre\/\",\"name\":\"Carnestoltes ARA I SEMPRE 2024 - ARA I SEMPRE\",\"isPartOf\":{\"@id\":\"https:\/\/araisemprecultura.cat\/#website\"},\"datePublished\":\"2024-02-10T21:58:00+00:00\",\"dateModified\":\"2024-02-11T13:03:28+00:00\",\"breadcrumb\":{\"@id\":\"https:\/\/araisemprecultura.cat\/index.php\/carnestoltes-ara-i-sempre-2024\/noticies\/araisempre\/#breadcrumb\"},\"inLanguage\":\"ca\",\"potentialAction\":[{\"@type\":\"ReadAction\",\"target\":[\"https:\/\/araisemprecultura.cat\/index.php\/carnestoltes-ara-i-sempre-2024\/noticies\/araisempre\/\"]}]},{\"@type\":\"BreadcrumbList\",\"@id\":\"https:\/\/araisemprecultura.cat\/index.php\/carnestoltes-ara-i-sempre-2024\/noticies\/araisempre\/#breadcrumb\",\"itemListElement\":[{\"@type\":\"ListItem\",\"position\":1,\"name\":\"Inici\",\"item\":\"https:\/\/araisemprecultura.cat\/\"},{\"@type\":\"ListItem\",\"position\":2,\"name\":\"Carnestoltes ARA I SEMPRE 2024\"}]},{\"@type\":\"WebSite\",\"@id\":\"https:\/\/araisemprecultura.cat\/#website\",\"url\":\"https:\/\/araisemprecultura.cat\/\",\"name\":\"ARA I SEMPRE\",\"description\":\"\",\"publisher\":{\"@id\":\"https:\/\/araisemprecultura.cat\/#organization\"},\"potentialAction\":[{\"@type\":\"SearchAction\",\"target\":{\"@type\":\"EntryPoint\",\"urlTemplate\":\"https:\/\/araisemprecultura.cat\/?s={search_term_string}\"},\"query-input\":\"required name=search_term_string\"}],\"inLanguage\":\"ca\"},{\"@type\":\"Organization\",\"@id\":\"https:\/\/araisemprecultura.cat\/#organization\",\"name\":\"ARA I SEMPRE\",\"url\":\"https:\/\/araisemprecultura.cat\/\",\"logo\":{\"@type\":\"ImageObject\",\"inLanguage\":\"ca\",\"@id\":\"https:\/\/araisemprecultura.cat\/#\/schema\/logo\/image\/\",\"url\":\"https:\/\/araisemprecultura.cat\/wp-content\/uploads\/2022\/02\/Disseny-imatge-ara-i-sempre-161.png\",\"contentUrl\":\"https:\/\/araisemprecultura.cat\/wp-content\/uploads\/2022\/02\/Disseny-imatge-ara-i-sempre-161.png\",\"width\":\"1962\",\"height\":\"713\",\"caption\":\"ARA I SEMPRE\"},\"image\":{\"@id\":\"https:\/\/araisemprecultura.cat\/#\/schema\/logo\/image\/\"}},{\"@type\":\"Person\",\"@id\":\"https:\/\/araisemprecultura.cat\/#\/schema\/person\/63f5d9084c529771425e563e055e9753\",\"name\":\"Associaci\u00f3 ARA I SEMPRE\",\"image\":{\"@type\":\"ImageObject\",\"inLanguage\":\"ca\",\"@id\":\"https:\/\/araisemprecultura.cat\/#\/schema\/person\/image\/\",\"url\":\"https:\/\/secure.gravatar.com\/avatar\/79119cae4235670f2cf10d32f7e31d7e8ddcdc1f4fa0a59abe7d167411092c01?s=96&r=g\",\"contentUrl\":\"https:\/\/secure.gravatar.com\/avatar\/79119cae4235670f2cf10d32f7e31d7e8ddcdc1f4fa0a59abe7d167411092c01?s=96&r=g\",\"caption\":\"Associaci\u00f3 ARA I SEMPRE\"},\"url\":\"https:\/\/araisemprecultura.cat\/index.php\/author\/araisempre\/\"}]}<\/script>\n<!-- \/ Yoast SEO plugin. -->","yoast_head_json":{"title":"Carnestoltes ARA I SEMPRE 2024 - ARA I SEMPRE","robots":{"index":"index","follow":"follow","max-snippet":"max-snippet:-1","max-image-preview":"max-image-preview:large","max-video-preview":"max-video-preview:-1"},"canonical":"https:\/\/araisemprecultura.cat\/index.php\/carnestoltes-ara-i-sempre-2024\/noticies\/araisempre\/","og_locale":"ca_ES","og_type":"article","og_title":"Carnestoltes ARA I SEMPRE 2024 - ARA I SEMPRE","og_description":"El 10 de febrer, ARA I SEMPRE va tornar a participar a la Rua de Carnestoltes de Barber\u00e0 del Vall\u00e8s! Aquest cop amb la comparsa Els autos de xoc bojos d\u2019ARA I SEMPRE, una cinquantena de persones de la fam\u00edlia ARA I SEMPRE van sortir a donar-ho tot amb il\u00b7lusi\u00f3, energia i la m\u00e0gia dels [&hellip;]","og_url":"https:\/\/araisemprecultura.cat\/index.php\/carnestoltes-ara-i-sempre-2024\/noticies\/araisempre\/","og_site_name":"ARA I SEMPRE","article_published_time":"2024-02-10T21:58:00+00:00","article_modified_time":"2024-02-11T13:03:28+00:00","og_image":[{"width":"1080","height":"1080","url":"https:\/\/araisemprecultura.cat\/wp-content\/uploads\/2024\/02\/AvuiARAISEMPREhemtornataparticiparalaRuadeCarnestoltesdeBarberadelVallesEnguanyamblacomparsaElsautosdexocbojosdARAISEMPREunacinquantenadepersonesdelafamiliaARAISEMPREhe-4.jpg","type":"image\/jpeg"}],"author":"Associaci\u00f3 ARA I SEMPRE","twitter_card":"summary_large_image","twitter_misc":{"Escrit per":"Associaci\u00f3 ARA I SEMPRE","Temps estimat de lectura":"4 minuts"},"schema":{"@context":"https:\/\/schema.org","@graph":[{"@type":"Article","@id":"https:\/\/araisemprecultura.cat\/index.php\/carnestoltes-ara-i-sempre-2024\/noticies\/araisempre\/#article","isPartOf":{"@id":"https:\/\/araisemprecultura.cat\/index.php\/carnestoltes-ara-i-sempre-2024\/noticies\/araisempre\/"},"author":{"name":"Associaci\u00f3 ARA I SEMPRE","@id":"https:\/\/araisemprecultura.cat\/#\/schema\/person\/63f5d9084c529771425e563e055e9753"},"headline":"Carnestoltes ARA I SEMPRE 2024","datePublished":"2024-02-10T21:58:00+00:00","dateModified":"2024-02-11T13:03:28+00:00","mainEntityOfPage":{"@id":"https:\/\/araisemprecultura.cat\/index.php\/carnestoltes-ara-i-sempre-2024\/noticies\/araisempre\/"},"wordCount":149,"publisher":{"@id":"https:\/\/araisemprecultura.cat\/#organization"},"articleSection":["Not\u00edcies"],"inLanguage":"ca"},{"@type":"WebPage","@id":"https:\/\/araisemprecultura.cat\/index.php\/carnestoltes-ara-i-sempre-2024\/noticies\/araisempre\/","url":"https:\/\/araisemprecultura.cat\/index.php\/carnestoltes-ara-i-sempre-2024\/noticies\/araisempre\/","name":"Carnestoltes ARA I SEMPRE 2024 - ARA I SEMPRE","isPartOf":{"@id":"https:\/\/araisemprecultura.cat\/#website"},"datePublished":"2024-02-10T21:58:00+00:00","dateModified":"2024-02-11T13:03:28+00:00","breadcrumb":{"@id":"https:\/\/araisemprecultura.cat\/index.php\/carnestoltes-ara-i-sempre-2024\/noticies\/araisempre\/#breadcrumb"},"inLanguage":"ca","potentialAction":[{"@type":"ReadAction","target":["https:\/\/araisemprecultura.cat\/index.php\/carnestoltes-ara-i-sempre-2024\/noticies\/araisempre\/"]}]},{"@type":"BreadcrumbList","@id":"https:\/\/araisemprecultura.cat\/index.php\/carnestoltes-ara-i-sempre-2024\/noticies\/araisempre\/#breadcrumb","itemListElement":[{"@type":"ListItem","position":1,"name":"Inici","item":"https:\/\/araisemprecultura.cat\/"},{"@type":"ListItem","position":2,"name":"Carnestoltes ARA I SEMPRE 2024"}]},{"@type":"WebSite","@id":"https:\/\/araisemprecultura.cat\/#website","url":"https:\/\/araisemprecultura.cat\/","name":"ARA I SEMPRE","description":"","publisher":{"@id":"https:\/\/araisemprecultura.cat\/#organization"},"potentialAction":[{"@type":"SearchAction","target":{"@type":"EntryPoint","urlTemplate":"https:\/\/araisemprecultura.cat\/?s={search_term_string}"},"query-input":"required name=search_term_string"}],"inLanguage":"ca"},{"@type":"Organization","@id":"https:\/\/araisemprecultura.cat\/#organization","name":"ARA I SEMPRE","url":"https:\/\/araisemprecultura.cat\/","logo":{"@type":"ImageObject","inLanguage":"ca","@id":"https:\/\/araisemprecultura.cat\/#\/schema\/logo\/image\/","url":"https:\/\/araisemprecultura.cat\/wp-content\/uploads\/2022\/02\/Disseny-imatge-ara-i-sempre-161.png","contentUrl":"https:\/\/araisemprecultura.cat\/wp-content\/uploads\/2022\/02\/Disseny-imatge-ara-i-sempre-161.png","width":"1962","height":"713","caption":"ARA I SEMPRE"},"image":{"@id":"https:\/\/araisemprecultura.cat\/#\/schema\/logo\/image\/"}},{"@type":"Person","@id":"https:\/\/araisemprecultura.cat\/#\/schema\/person\/63f5d9084c529771425e563e055e9753","name":"Associaci\u00f3 ARA I SEMPRE","image":{"@type":"ImageObject","inLanguage":"ca","@id":"https:\/\/araisemprecultura.cat\/#\/schema\/person\/image\/","url":"https:\/\/secure.gravatar.com\/avatar\/79119cae4235670f2cf10d32f7e31d7e8ddcdc1f4fa0a59abe7d167411092c01?s=96&r=g","contentUrl":"https:\/\/secure.gravatar.com\/avatar\/79119cae4235670f2cf10d32f7e31d7e8ddcdc1f4fa0a59abe7d167411092c01?s=96&r=g","caption":"Associaci\u00f3 ARA I SEMPRE"},"url":"https:\/\/araisemprecultura.cat\/index.php\/author\/araisempre\/"}]}},"_links":{"self":[{"href":"https:\/\/araisemprecultura.cat\/index.php\/wp-json\/wp\/v2\/posts\/3238","targetHints":{"allow":["GET"]}}],"collection":[{"href":"https:\/\/araisemprecultura.cat\/index.php\/wp-json\/wp\/v2\/posts"}],"about":[{"href":"https:\/\/araisemprecultura.cat\/index.php\/wp-json\/wp\/v2\/types\/post"}],"author":[{"embeddable":true,"href":"https:\/\/araisemprecultura.cat\/index.php\/wp-json\/wp\/v2\/users\/3"}],"replies":[{"embeddable":true,"href":"https:\/\/araisemprecultura.cat\/index.php\/wp-json\/wp\/v2\/comments?post=3238"}],"version-history":[{"count":4,"href":"https:\/\/araisemprecultura.cat\/index.php\/wp-json\/wp\/v2\/posts\/3238\/revisions"}],"predecessor-version":[{"id":3252,"href":"https:\/\/araisemprecultura.cat\/index.php\/wp-json\/wp\/v2\/posts\/3238\/revisions\/3252"}],"wp:featuredmedia":[{"embeddable":true,"href":"https:\/\/araisemprecultura.cat\/index.php\/wp-json\/wp\/v2\/media\/3244"}],"wp:attachment":[{"href":"https:\/\/araisemprecultura.cat\/index.php\/wp-json\/wp\/v2\/media?parent=3238"}],"wp:term":[{"taxonomy":"category","embeddable":true,"href":"https:\/\/araisemprecultura.cat\/index.php\/wp-json\/wp\/v2\/categories?post=3238"},{"taxonomy":"post_tag","embeddable":true,"href":"https:\/\/araisemprecultura.cat\/index.php\/wp-json\/wp\/v2\/tags?post=3238"}],"curies":[{"name":"wp","href":"https:\/\/api.w.org\/{rel}","templated":true}]}}