{"id":2124,"date":"2023-09-11T23:39:00","date_gmt":"2023-09-11T23:39:00","guid":{"rendered":"https:\/\/araisemprecultura.cat\/?p=2124"},"modified":"2024-02-11T13:48:31","modified_gmt":"2024-02-11T13:48:31","slug":"ara-i-sempre-al-parlament-de-catalunya","status":"publish","type":"post","link":"https:\/\/araisemprecultura.cat\/index.php\/ara-i-sempre-al-parlament-de-catalunya\/noticies\/araisempre\/","title":{"rendered":"ARA I SEMPRE al Parlament de Catalunya"},"content":{"rendered":"\t\t<div data-elementor-type=\"wp-post\" data-elementor-id=\"2124\" class=\"elementor elementor-2124\">\n\t\t\t\t\t\t<section class=\"elementor-section elementor-top-section elementor-element elementor-element-4566b714 elementor-section-boxed elementor-section-height-default elementor-section-height-default\" data-id=\"4566b714\" data-element_type=\"section\" data-settings=\"{&quot;_ha_eqh_enable&quot;:false}\">\n\t\t\t\t\t\t<div class=\"elementor-container elementor-column-gap-default\">\n\t\t\t\t\t<div class=\"elementor-column elementor-col-100 elementor-top-column elementor-element elementor-element-4a5f4662\" data-id=\"4a5f4662\" data-element_type=\"column\">\n\t\t\t<div class=\"elementor-widget-wrap elementor-element-populated\">\n\t\t\t\t\t\t<div class=\"elementor-element elementor-element-28aa1c1b elementor-widget elementor-widget-text-editor\" data-id=\"28aa1c1b\" data-element_type=\"widget\" data-widget_type=\"text-editor.default\">\n\t\t\t\t<div class=\"elementor-widget-container\">\n\t\t\t<style>\/*! elementor - v3.21.0 - 18-04-2024 *\/\n.elementor-widget-text-editor.elementor-drop-cap-view-stacked .elementor-drop-cap{background-color:#69727d;color:#fff}.elementor-widget-text-editor.elementor-drop-cap-view-framed .elementor-drop-cap{color:#69727d;border:3px solid;background-color:transparent}.elementor-widget-text-editor:not(.elementor-drop-cap-view-default) .elementor-drop-cap{margin-top:8px}.elementor-widget-text-editor:not(.elementor-drop-cap-view-default) .elementor-drop-cap-letter{width:1em;height:1em}.elementor-widget-text-editor .elementor-drop-cap{float:left;text-align:center;line-height:1;font-size:50px}.elementor-widget-text-editor .elementor-drop-cap-letter{display:inline-block}<\/style>\t\t\t\t<p><!-- wp:paragraph --><\/p>\n<p style=\"text-align: justify;\"><span style=\"font-weight: 400;\">Aquest mat\u00ed, <\/span><a href=\"https:\/\/www.instagram.com\/araisemprecultura\/\"><span style=\"font-weight: 400;\">@araisemprecultura<\/span><\/a><span style=\"font-weight: 400;\"> ha estat present al Parlament de Catalunya, en la II Mostra de Cultura Popular al Parlament de Catalunya, organitzada per <\/span><a href=\"https:\/\/www.instagram.com\/adifolk_culturacatalana\/\"><span style=\"font-weight: 400;\">@adifolk_culturacatalana<\/span><\/a><span style=\"font-weight: 400;\">, a trav\u00e9s dels grups barberencs de <\/span><a href=\"https:\/\/www.instagram.com\/balldegitanesdebdv\/\"><span style=\"font-weight: 400;\">@balldegitanesdebdv<\/span><\/a> <a href=\"https:\/\/www.instagram.com\/balldepanderosdebdv\/\"><span style=\"font-weight: 400;\">@balldepanderosdebdv<\/span><\/a> <a href=\"https:\/\/www.instagram.com\/collabastoneraromanes\/\"><span style=\"font-weight: 400;\">@collabastoneraromanes<\/span><\/a> <a href=\"https:\/\/www.instagram.com\/balldepastoretsdebdv\/\"><span style=\"font-weight: 400;\">@balldepastoretsdebdv<\/span><\/a><span style=\"font-weight: 400;\">. Un honor i un orgull representar a la cultura popular de Catalunya, en un dia tan especial com aquest. Gr\u00e0cies per la confian\u00e7a i sobretot gr\u00e0cies a totes les persones que formen part d&#8217;aquesta gran fam\u00edlia que fan possible aquests instants plens de m\u00e0gia! \ud83d\ude0d<\/span><\/p>\n<p style=\"text-align: justify;\"><span style=\"font-weight: 400;\">Amb aquesta imatge de fam\u00edlia us desitgem una MOLT BONA DIADA DE CATALUNYA! VISCA LA CULTURA POPULAR! \ud83e\udef6\ud83c\udffc<\/span><\/p>\t\t\t\t\t\t<\/div>\n\t\t\t\t<\/div>\n\t\t\t\t<div class=\"elementor-element elementor-element-b0052ce elementor-arrows-position-inside elementor-pagination-position-outside elementor-widget elementor-widget-image-carousel\" data-id=\"b0052ce\" data-element_type=\"widget\" data-settings=\"{&quot;slides_to_show&quot;:&quot;1&quot;,&quot;navigation&quot;:&quot;both&quot;,&quot;autoplay&quot;:&quot;yes&quot;,&quot;pause_on_hover&quot;:&quot;yes&quot;,&quot;pause_on_interaction&quot;:&quot;yes&quot;,&quot;autoplay_speed&quot;:5000,&quot;infinite&quot;:&quot;yes&quot;,&quot;effect&quot;:&quot;slide&quot;,&quot;speed&quot;:500}\" data-widget_type=\"image-carousel.default\">\n\t\t\t\t<div class=\"elementor-widget-container\">\n\t\t\t<style>\/*! elementor - v3.21.0 - 18-04-2024 *\/\n.elementor-widget-image-carousel .swiper,.elementor-widget-image-carousel .swiper-container{position:static}.elementor-widget-image-carousel .swiper-container .swiper-slide figure,.elementor-widget-image-carousel .swiper .swiper-slide figure{line-height:inherit}.elementor-widget-image-carousel .swiper-slide{text-align:center}.elementor-image-carousel-wrapper:not(.swiper-container-initialized):not(.swiper-initialized) .swiper-slide{max-width:calc(100% \/ var(--e-image-carousel-slides-to-show, 3))}<\/style>\t\t<div class=\"elementor-image-carousel-wrapper swiper\" dir=\"ltr\">\n\t\t\t<div class=\"elementor-image-carousel swiper-wrapper\" aria-live=\"off\">\n\t\t\t\t\t\t\t\t<div class=\"swiper-slide\" role=\"group\" aria-roledescription=\"slide\" aria-label=\"1 de 5\"><figure class=\"swiper-slide-inner\"><img decoding=\"async\" class=\"swiper-slide-image\" src=\"https:\/\/araisemprecultura.cat\/wp-content\/uploads\/2024\/01\/Aquestmati@araisempreculturahaestatpresentalParlamentdeCatalunyaenlaIIMostradeCulturaPopularalParlamentdeCatalunyaorganitzadaper@adifolk_culturacatalanaatravesdelsgrups.jpg\" alt=\"Aquest+mat\u00ed,+@araisemprecultura+ha+estat+present+al+Parlament+de+Catalunya,+en+la+II+Mostra+de+Cultura+Popular+al+Parlament+de+Catalunya,+organitzada+per+@adifolk_culturacatalana,+a+trav\u00e9s+dels+grups\" \/><\/figure><\/div><div class=\"swiper-slide\" role=\"group\" aria-roledescription=\"slide\" aria-label=\"2 de 5\"><figure class=\"swiper-slide-inner\"><img decoding=\"async\" class=\"swiper-slide-image\" src=\"https:\/\/araisemprecultura.cat\/wp-content\/uploads\/2024\/02\/Ball-de-Gitanes.png\" alt=\"Ball de Gitanes\" \/><\/figure><\/div><div class=\"swiper-slide\" role=\"group\" aria-roledescription=\"slide\" aria-label=\"3 de 5\"><figure class=\"swiper-slide-inner\"><img decoding=\"async\" class=\"swiper-slide-image\" src=\"https:\/\/araisemprecultura.cat\/wp-content\/uploads\/2024\/02\/Ball-de-Bastons.png\" alt=\"Ball de Bastons\" \/><\/figure><\/div><div class=\"swiper-slide\" role=\"group\" aria-roledescription=\"slide\" aria-label=\"4 de 5\"><figure class=\"swiper-slide-inner\"><img decoding=\"async\" class=\"swiper-slide-image\" src=\"https:\/\/araisemprecultura.cat\/wp-content\/uploads\/2024\/02\/Ball-de-Panderos-1.png\" alt=\"Ball de Panderos (1)\" \/><\/figure><\/div><div class=\"swiper-slide\" role=\"group\" aria-roledescription=\"slide\" aria-label=\"5 de 5\"><figure class=\"swiper-slide-inner\"><img decoding=\"async\" class=\"swiper-slide-image\" src=\"https:\/\/araisemprecultura.cat\/wp-content\/uploads\/2024\/02\/Ball-de-Pastorets.png\" alt=\"Ball de Pastorets\" \/><\/figure><\/div>\t\t\t<\/div>\n\t\t\t\t\t\t\t\t\t\t\t\t<div class=\"elementor-swiper-button elementor-swiper-button-prev\" role=\"button\" tabindex=\"0\">\n\t\t\t\t\t\t<i aria-hidden=\"true\" class=\"eicon-chevron-left\"><\/i>\t\t\t\t\t<\/div>\n\t\t\t\t\t<div class=\"elementor-swiper-button elementor-swiper-button-next\" role=\"button\" tabindex=\"0\">\n\t\t\t\t\t\t<i aria-hidden=\"true\" class=\"eicon-chevron-right\"><\/i>\t\t\t\t\t<\/div>\n\t\t\t\t\n\t\t\t\t\t\t\t\t\t<div class=\"swiper-pagination\"><\/div>\n\t\t\t\t\t\t\t\t\t<\/div>\n\t\t\t\t<\/div>\n\t\t\t\t<\/div>\n\t\t\t\t\t<\/div>\n\t\t<\/div>\n\t\t\t\t\t<\/div>\n\t\t<\/section>\n\t\t\t\t<\/div>\n\t\t","protected":false},"excerpt":{"rendered":"<p>Aquest mat\u00ed, @araisemprecultura ha estat present al Parlament de Catalunya, en la II Mostra de Cultura Popular al Parlament de Catalunya, organitzada per @adifolk_culturacatalana, a trav\u00e9s dels grups barberencs de @balldegitanesdebdv @balldepanderosdebdv @collabastoneraromanes @balldepastoretsdebdv. Un honor i un orgull representar a la cultura popular de Catalunya, en un dia tan especial com aquest. Gr\u00e0cies per [&hellip;]<\/p>\n","protected":false},"author":3,"featured_media":0,"comment_status":"closed","ping_status":"closed","sticky":false,"template":"","format":"standard","meta":{"_acf_changed":false,"footnotes":""},"categories":[7,13,6,8,1],"tags":[],"class_list":["post-2124","post","type-post","status-publish","format-standard","hentry","category-ball-de-bastons","category-ball-de-gitanes","category-ball-de-panderos","category-ball-de-pastorets","category-noticies"],"acf":[],"yoast_head":"<!-- This site is optimized with the Yoast SEO plugin v21.8 - https:\/\/yoast.com\/wordpress\/plugins\/seo\/ -->\n<title>ARA I SEMPRE al Parlament de Catalunya - ARA I SEMPRE<\/title>\n<meta name=\"robots\" content=\"index, follow, max-snippet:-1, max-image-preview:large, max-video-preview:-1\" \/>\n<link rel=\"canonical\" href=\"https:\/\/araisemprecultura.cat\/index.php\/ara-i-sempre-al-parlament-de-catalunya\/noticies\/araisempre\/\" \/>\n<meta property=\"og:locale\" content=\"ca_ES\" \/>\n<meta property=\"og:type\" content=\"article\" \/>\n<meta property=\"og:title\" content=\"ARA I SEMPRE al Parlament de Catalunya - ARA I SEMPRE\" \/>\n<meta property=\"og:description\" content=\"Aquest mat\u00ed, @araisemprecultura ha estat present al Parlament de Catalunya, en la II Mostra de Cultura Popular al Parlament de Catalunya, organitzada per @adifolk_culturacatalana, a trav\u00e9s dels grups barberencs de @balldegitanesdebdv @balldepanderosdebdv @collabastoneraromanes @balldepastoretsdebdv. Un honor i un orgull representar a la cultura popular de Catalunya, en un dia tan especial com aquest. Gr\u00e0cies per [&hellip;]\" \/>\n<meta property=\"og:url\" content=\"https:\/\/araisemprecultura.cat\/index.php\/ara-i-sempre-al-parlament-de-catalunya\/noticies\/araisempre\/\" \/>\n<meta property=\"og:site_name\" content=\"ARA I SEMPRE\" \/>\n<meta property=\"article:published_time\" content=\"2023-09-11T23:39:00+00:00\" \/>\n<meta property=\"article:modified_time\" content=\"2024-02-11T13:48:31+00:00\" \/>\n<meta property=\"og:image\" content=\"https:\/\/araisemprecultura.cat\/wp-content\/uploads\/2024\/01\/Aquestmati@araisempreculturahaestatpresentalParlamentdeCatalunyaenlaIIMostradeCulturaPopularalParlamentdeCatalunyaorganitzadaper@adifolk_culturacatalanaatravesdelsgrups.jpg\" \/>\n<meta name=\"author\" content=\"Associaci\u00f3 ARA I SEMPRE\" \/>\n<meta name=\"twitter:card\" content=\"summary_large_image\" \/>\n<meta name=\"twitter:label1\" content=\"Escrit per\" \/>\n\t<meta name=\"twitter:data1\" content=\"Associaci\u00f3 ARA I SEMPRE\" \/>\n\t<meta name=\"twitter:label2\" content=\"Temps estimat de lectura\" \/>\n\t<meta name=\"twitter:data2\" content=\"3 minuts\" \/>\n<script type=\"application\/ld+json\" class=\"yoast-schema-graph\">{\"@context\":\"https:\/\/schema.org\",\"@graph\":[{\"@type\":\"Article\",\"@id\":\"https:\/\/araisemprecultura.cat\/index.php\/ara-i-sempre-al-parlament-de-catalunya\/noticies\/araisempre\/#article\",\"isPartOf\":{\"@id\":\"https:\/\/araisemprecultura.cat\/index.php\/ara-i-sempre-al-parlament-de-catalunya\/noticies\/araisempre\/\"},\"author\":{\"name\":\"Associaci\u00f3 ARA I SEMPRE\",\"@id\":\"https:\/\/araisemprecultura.cat\/#\/schema\/person\/63f5d9084c529771425e563e055e9753\"},\"headline\":\"ARA I SEMPRE al Parlament de Catalunya\",\"datePublished\":\"2023-09-11T23:39:00+00:00\",\"dateModified\":\"2024-02-11T13:48:31+00:00\",\"mainEntityOfPage\":{\"@id\":\"https:\/\/araisemprecultura.cat\/index.php\/ara-i-sempre-al-parlament-de-catalunya\/noticies\/araisempre\/\"},\"wordCount\":110,\"publisher\":{\"@id\":\"https:\/\/araisemprecultura.cat\/#organization\"},\"articleSection\":[\"Ball de Bastons\",\"Ball de Gitanes\",\"Ball de Panderos\",\"Ball de Pastorets\",\"Not\u00edcies\"],\"inLanguage\":\"ca\"},{\"@type\":\"WebPage\",\"@id\":\"https:\/\/araisemprecultura.cat\/index.php\/ara-i-sempre-al-parlament-de-catalunya\/noticies\/araisempre\/\",\"url\":\"https:\/\/araisemprecultura.cat\/index.php\/ara-i-sempre-al-parlament-de-catalunya\/noticies\/araisempre\/\",\"name\":\"ARA I SEMPRE al Parlament de Catalunya - ARA I SEMPRE\",\"isPartOf\":{\"@id\":\"https:\/\/araisemprecultura.cat\/#website\"},\"datePublished\":\"2023-09-11T23:39:00+00:00\",\"dateModified\":\"2024-02-11T13:48:31+00:00\",\"breadcrumb\":{\"@id\":\"https:\/\/araisemprecultura.cat\/index.php\/ara-i-sempre-al-parlament-de-catalunya\/noticies\/araisempre\/#breadcrumb\"},\"inLanguage\":\"ca\",\"potentialAction\":[{\"@type\":\"ReadAction\",\"target\":[\"https:\/\/araisemprecultura.cat\/index.php\/ara-i-sempre-al-parlament-de-catalunya\/noticies\/araisempre\/\"]}]},{\"@type\":\"BreadcrumbList\",\"@id\":\"https:\/\/araisemprecultura.cat\/index.php\/ara-i-sempre-al-parlament-de-catalunya\/noticies\/araisempre\/#breadcrumb\",\"itemListElement\":[{\"@type\":\"ListItem\",\"position\":1,\"name\":\"Inici\",\"item\":\"https:\/\/araisemprecultura.cat\/\"},{\"@type\":\"ListItem\",\"position\":2,\"name\":\"ARA I SEMPRE al Parlament de Catalunya\"}]},{\"@type\":\"WebSite\",\"@id\":\"https:\/\/araisemprecultura.cat\/#website\",\"url\":\"https:\/\/araisemprecultura.cat\/\",\"name\":\"ARA I SEMPRE\",\"description\":\"\",\"publisher\":{\"@id\":\"https:\/\/araisemprecultura.cat\/#organization\"},\"potentialAction\":[{\"@type\":\"SearchAction\",\"target\":{\"@type\":\"EntryPoint\",\"urlTemplate\":\"https:\/\/araisemprecultura.cat\/?s={search_term_string}\"},\"query-input\":\"required name=search_term_string\"}],\"inLanguage\":\"ca\"},{\"@type\":\"Organization\",\"@id\":\"https:\/\/araisemprecultura.cat\/#organization\",\"name\":\"ARA I SEMPRE\",\"url\":\"https:\/\/araisemprecultura.cat\/\",\"logo\":{\"@type\":\"ImageObject\",\"inLanguage\":\"ca\",\"@id\":\"https:\/\/araisemprecultura.cat\/#\/schema\/logo\/image\/\",\"url\":\"https:\/\/araisemprecultura.cat\/wp-content\/uploads\/2022\/02\/Disseny-imatge-ara-i-sempre-161.png\",\"contentUrl\":\"https:\/\/araisemprecultura.cat\/wp-content\/uploads\/2022\/02\/Disseny-imatge-ara-i-sempre-161.png\",\"width\":\"1962\",\"height\":\"713\",\"caption\":\"ARA I SEMPRE\"},\"image\":{\"@id\":\"https:\/\/araisemprecultura.cat\/#\/schema\/logo\/image\/\"}},{\"@type\":\"Person\",\"@id\":\"https:\/\/araisemprecultura.cat\/#\/schema\/person\/63f5d9084c529771425e563e055e9753\",\"name\":\"Associaci\u00f3 ARA I SEMPRE\",\"image\":{\"@type\":\"ImageObject\",\"inLanguage\":\"ca\",\"@id\":\"https:\/\/araisemprecultura.cat\/#\/schema\/person\/image\/\",\"url\":\"https:\/\/secure.gravatar.com\/avatar\/79119cae4235670f2cf10d32f7e31d7e8ddcdc1f4fa0a59abe7d167411092c01?s=96&r=g\",\"contentUrl\":\"https:\/\/secure.gravatar.com\/avatar\/79119cae4235670f2cf10d32f7e31d7e8ddcdc1f4fa0a59abe7d167411092c01?s=96&r=g\",\"caption\":\"Associaci\u00f3 ARA I SEMPRE\"},\"url\":\"https:\/\/araisemprecultura.cat\/index.php\/author\/araisempre\/\"}]}<\/script>\n<!-- \/ Yoast SEO plugin. -->","yoast_head_json":{"title":"ARA I SEMPRE al Parlament de Catalunya - ARA I SEMPRE","robots":{"index":"index","follow":"follow","max-snippet":"max-snippet:-1","max-image-preview":"max-image-preview:large","max-video-preview":"max-video-preview:-1"},"canonical":"https:\/\/araisemprecultura.cat\/index.php\/ara-i-sempre-al-parlament-de-catalunya\/noticies\/araisempre\/","og_locale":"ca_ES","og_type":"article","og_title":"ARA I SEMPRE al Parlament de Catalunya - ARA I SEMPRE","og_description":"Aquest mat\u00ed, @araisemprecultura ha estat present al Parlament de Catalunya, en la II Mostra de Cultura Popular al Parlament de Catalunya, organitzada per @adifolk_culturacatalana, a trav\u00e9s dels grups barberencs de @balldegitanesdebdv @balldepanderosdebdv @collabastoneraromanes @balldepastoretsdebdv. Un honor i un orgull representar a la cultura popular de Catalunya, en un dia tan especial com aquest. Gr\u00e0cies per [&hellip;]","og_url":"https:\/\/araisemprecultura.cat\/index.php\/ara-i-sempre-al-parlament-de-catalunya\/noticies\/araisempre\/","og_site_name":"ARA I SEMPRE","article_published_time":"2023-09-11T23:39:00+00:00","article_modified_time":"2024-02-11T13:48:31+00:00","og_image":[{"url":"https:\/\/araisemprecultura.cat\/wp-content\/uploads\/2024\/01\/Aquestmati@araisempreculturahaestatpresentalParlamentdeCatalunyaenlaIIMostradeCulturaPopularalParlamentdeCatalunyaorganitzadaper@adifolk_culturacatalanaatravesdelsgrups.jpg"}],"author":"Associaci\u00f3 ARA I SEMPRE","twitter_card":"summary_large_image","twitter_misc":{"Escrit per":"Associaci\u00f3 ARA I SEMPRE","Temps estimat de lectura":"3 minuts"},"schema":{"@context":"https:\/\/schema.org","@graph":[{"@type":"Article","@id":"https:\/\/araisemprecultura.cat\/index.php\/ara-i-sempre-al-parlament-de-catalunya\/noticies\/araisempre\/#article","isPartOf":{"@id":"https:\/\/araisemprecultura.cat\/index.php\/ara-i-sempre-al-parlament-de-catalunya\/noticies\/araisempre\/"},"author":{"name":"Associaci\u00f3 ARA I SEMPRE","@id":"https:\/\/araisemprecultura.cat\/#\/schema\/person\/63f5d9084c529771425e563e055e9753"},"headline":"ARA I SEMPRE al Parlament de Catalunya","datePublished":"2023-09-11T23:39:00+00:00","dateModified":"2024-02-11T13:48:31+00:00","mainEntityOfPage":{"@id":"https:\/\/araisemprecultura.cat\/index.php\/ara-i-sempre-al-parlament-de-catalunya\/noticies\/araisempre\/"},"wordCount":110,"publisher":{"@id":"https:\/\/araisemprecultura.cat\/#organization"},"articleSection":["Ball de Bastons","Ball de Gitanes","Ball de Panderos","Ball de Pastorets","Not\u00edcies"],"inLanguage":"ca"},{"@type":"WebPage","@id":"https:\/\/araisemprecultura.cat\/index.php\/ara-i-sempre-al-parlament-de-catalunya\/noticies\/araisempre\/","url":"https:\/\/araisemprecultura.cat\/index.php\/ara-i-sempre-al-parlament-de-catalunya\/noticies\/araisempre\/","name":"ARA I SEMPRE al Parlament de Catalunya - ARA I SEMPRE","isPartOf":{"@id":"https:\/\/araisemprecultura.cat\/#website"},"datePublished":"2023-09-11T23:39:00+00:00","dateModified":"2024-02-11T13:48:31+00:00","breadcrumb":{"@id":"https:\/\/araisemprecultura.cat\/index.php\/ara-i-sempre-al-parlament-de-catalunya\/noticies\/araisempre\/#breadcrumb"},"inLanguage":"ca","potentialAction":[{"@type":"ReadAction","target":["https:\/\/araisemprecultura.cat\/index.php\/ara-i-sempre-al-parlament-de-catalunya\/noticies\/araisempre\/"]}]},{"@type":"BreadcrumbList","@id":"https:\/\/araisemprecultura.cat\/index.php\/ara-i-sempre-al-parlament-de-catalunya\/noticies\/araisempre\/#breadcrumb","itemListElement":[{"@type":"ListItem","position":1,"name":"Inici","item":"https:\/\/araisemprecultura.cat\/"},{"@type":"ListItem","position":2,"name":"ARA I SEMPRE al Parlament de Catalunya"}]},{"@type":"WebSite","@id":"https:\/\/araisemprecultura.cat\/#website","url":"https:\/\/araisemprecultura.cat\/","name":"ARA I SEMPRE","description":"","publisher":{"@id":"https:\/\/araisemprecultura.cat\/#organization"},"potentialAction":[{"@type":"SearchAction","target":{"@type":"EntryPoint","urlTemplate":"https:\/\/araisemprecultura.cat\/?s={search_term_string}"},"query-input":"required name=search_term_string"}],"inLanguage":"ca"},{"@type":"Organization","@id":"https:\/\/araisemprecultura.cat\/#organization","name":"ARA I SEMPRE","url":"https:\/\/araisemprecultura.cat\/","logo":{"@type":"ImageObject","inLanguage":"ca","@id":"https:\/\/araisemprecultura.cat\/#\/schema\/logo\/image\/","url":"https:\/\/araisemprecultura.cat\/wp-content\/uploads\/2022\/02\/Disseny-imatge-ara-i-sempre-161.png","contentUrl":"https:\/\/araisemprecultura.cat\/wp-content\/uploads\/2022\/02\/Disseny-imatge-ara-i-sempre-161.png","width":"1962","height":"713","caption":"ARA I SEMPRE"},"image":{"@id":"https:\/\/araisemprecultura.cat\/#\/schema\/logo\/image\/"}},{"@type":"Person","@id":"https:\/\/araisemprecultura.cat\/#\/schema\/person\/63f5d9084c529771425e563e055e9753","name":"Associaci\u00f3 ARA I SEMPRE","image":{"@type":"ImageObject","inLanguage":"ca","@id":"https:\/\/araisemprecultura.cat\/#\/schema\/person\/image\/","url":"https:\/\/secure.gravatar.com\/avatar\/79119cae4235670f2cf10d32f7e31d7e8ddcdc1f4fa0a59abe7d167411092c01?s=96&r=g","contentUrl":"https:\/\/secure.gravatar.com\/avatar\/79119cae4235670f2cf10d32f7e31d7e8ddcdc1f4fa0a59abe7d167411092c01?s=96&r=g","caption":"Associaci\u00f3 ARA I SEMPRE"},"url":"https:\/\/araisemprecultura.cat\/index.php\/author\/araisempre\/"}]}},"_links":{"self":[{"href":"https:\/\/araisemprecultura.cat\/index.php\/wp-json\/wp\/v2\/posts\/2124","targetHints":{"allow":["GET"]}}],"collection":[{"href":"https:\/\/araisemprecultura.cat\/index.php\/wp-json\/wp\/v2\/posts"}],"about":[{"href":"https:\/\/araisemprecultura.cat\/index.php\/wp-json\/wp\/v2\/types\/post"}],"author":[{"embeddable":true,"href":"https:\/\/araisemprecultura.cat\/index.php\/wp-json\/wp\/v2\/users\/3"}],"replies":[{"embeddable":true,"href":"https:\/\/araisemprecultura.cat\/index.php\/wp-json\/wp\/v2\/comments?post=2124"}],"version-history":[{"count":13,"href":"https:\/\/araisemprecultura.cat\/index.php\/wp-json\/wp\/v2\/posts\/2124\/revisions"}],"predecessor-version":[{"id":3154,"href":"https:\/\/araisemprecultura.cat\/index.php\/wp-json\/wp\/v2\/posts\/2124\/revisions\/3154"}],"wp:attachment":[{"href":"https:\/\/araisemprecultura.cat\/index.php\/wp-json\/wp\/v2\/media?parent=2124"}],"wp:term":[{"taxonomy":"category","embeddable":true,"href":"https:\/\/araisemprecultura.cat\/index.php\/wp-json\/wp\/v2\/categories?post=2124"},{"taxonomy":"post_tag","embeddable":true,"href":"https:\/\/araisemprecultura.cat\/index.php\/wp-json\/wp\/v2\/tags?post=2124"}],"curies":[{"name":"wp","href":"https:\/\/api.w.org\/{rel}","templated":true}]}}