{"id":1411,"date":"2022-12-19T23:06:00","date_gmt":"2022-12-19T23:06:00","guid":{"rendered":"https:\/\/araisemprecultura.cat\/?p=1411"},"modified":"2024-02-11T17:25:12","modified_gmt":"2024-02-11T17:25:12","slug":"el-ball-de-panderos-a-cornella","status":"publish","type":"post","link":"https:\/\/araisemprecultura.cat\/index.php\/el-ball-de-panderos-a-cornella\/noticies\/araisempre\/","title":{"rendered":"El Ball de Panderos a Cornell\u00e0"},"content":{"rendered":"\t\t<div data-elementor-type=\"wp-post\" data-elementor-id=\"1411\" class=\"elementor elementor-1411\">\n\t\t\t\t\t\t<section class=\"elementor-section elementor-top-section elementor-element elementor-element-4566b714 elementor-section-boxed elementor-section-height-default elementor-section-height-default\" data-id=\"4566b714\" data-element_type=\"section\" data-settings=\"{&quot;_ha_eqh_enable&quot;:false}\">\n\t\t\t\t\t\t<div class=\"elementor-container elementor-column-gap-default\">\n\t\t\t\t\t<div class=\"elementor-column elementor-col-100 elementor-top-column elementor-element elementor-element-4a5f4662\" data-id=\"4a5f4662\" data-element_type=\"column\">\n\t\t\t<div class=\"elementor-widget-wrap elementor-element-populated\">\n\t\t\t\t\t\t<div class=\"elementor-element elementor-element-28aa1c1b elementor-widget elementor-widget-text-editor\" data-id=\"28aa1c1b\" data-element_type=\"widget\" data-widget_type=\"text-editor.default\">\n\t\t\t\t<div class=\"elementor-widget-container\">\n\t\t\t<style>\/*! elementor - v3.21.0 - 18-04-2024 *\/\n.elementor-widget-text-editor.elementor-drop-cap-view-stacked .elementor-drop-cap{background-color:#69727d;color:#fff}.elementor-widget-text-editor.elementor-drop-cap-view-framed .elementor-drop-cap{color:#69727d;border:3px solid;background-color:transparent}.elementor-widget-text-editor:not(.elementor-drop-cap-view-default) .elementor-drop-cap{margin-top:8px}.elementor-widget-text-editor:not(.elementor-drop-cap-view-default) .elementor-drop-cap-letter{width:1em;height:1em}.elementor-widget-text-editor .elementor-drop-cap{float:left;text-align:center;line-height:1;font-size:50px}.elementor-widget-text-editor .elementor-drop-cap-letter{display:inline-block}<\/style>\t\t\t\t<p><!-- wp:paragraph --><\/p>\n<p style=\"text-align: justify;\"><span style=\"font-weight: 400;\">Diumenge v\u00e8iem com la nostra colla germana <a href=\"https:\/\/www.instagram.com\/collabastoneraromanes\/\">@collabastoneraromanes<\/a> feia hist\u00f2ria amb el r\u00e8cord de 10 hores sense parar de ballar. Avui, i amb tota la il\u00b7lusi\u00f3 possible, ens ha tocat a nosaltres representar a Barber\u00e0 del Vall\u00e8s! Una actuaci\u00f3 m\u00e0gica a Cornell\u00e0, convidades pel Ball de Bastons de l\u2019<\/span><a href=\"https:\/\/www.instagram.com\/agrupacornella\/\"><span style=\"font-weight: 400;\">@agrupacornella<\/span><\/a><span style=\"font-weight: 400;\"> amb qui vam compartir una tarda espectacular amb la combinaci\u00f3 dels sons dels seus bastons i dels nostres panderos \ud83e\udd0d\ud83d\udda4<\/span><\/p>\n<p style=\"text-align: justify;\"><span style=\"font-weight: 400;\">Gr\u00e0cies per convidar-nos i endolcir el primer dia de la setmana! Sou una canya! Nosaltres encantades d&#8217;anar-hi! I gr\u00e0cies a <\/span><a href=\"https:\/\/www.instagram.com\/voravent\/\"><span style=\"font-weight: 400;\">@voravent<\/span><\/a><span style=\"font-weight: 400;\"> per portar la seva m\u00fasica amb nosaltres! \ud83e\udef6\ud83c\udffc<\/span><\/p>\n<p style=\"text-align: justify;\"><span style=\"font-weight: 400;\">PD1. A m\u00e9s a m\u00e9s, va ser l&#8217;estrena oficial de les nostres caps de colla <\/span><a href=\"https:\/\/www.instagram.com\/paaulamolinaaa\/\"><span style=\"font-weight: 400;\">@paaulamolinaaa<\/span><\/a><span style=\"font-weight: 400;\"> i <\/span><a href=\"https:\/\/www.instagram.com\/anna.mejia_\/\"><span style=\"font-weight: 400;\">@anna.mejia_<\/span><\/a><span style=\"font-weight: 400;\"> a les quals estimem amb bogeria! Gr\u00e0cies per fer-ho possible i ENHORABONA! \ud83d\ude0d<\/span><\/p>\n<p style=\"text-align: justify;\"><span style=\"font-weight: 400;\">PD2. Aquest dissabte al mat\u00ed, ens trobareu ballant per places i carrers del nostre poble! Res com una actuaci\u00f3 de cultura popular per desitjar a tothom un MOLT BON NADAL!\u2764\ufe0f\ud83d\udc9b\ud83d\udc9a<\/span><\/p>\n<p style=\"text-align: justify;\"><span style=\"font-weight: 400;\">VISCA LA CULTURA POPULAR! ARA I SEMPRE!\ud83e\udd29<\/span><\/p>\n<p><!-- \/wp:paragraph --><\/p>\t\t\t\t\t\t<\/div>\n\t\t\t\t<\/div>\n\t\t\t\t<div class=\"elementor-element elementor-element-b0052ce elementor-arrows-position-inside elementor-pagination-position-outside elementor-widget elementor-widget-image-carousel\" data-id=\"b0052ce\" data-element_type=\"widget\" data-settings=\"{&quot;slides_to_show&quot;:&quot;1&quot;,&quot;navigation&quot;:&quot;both&quot;,&quot;autoplay&quot;:&quot;yes&quot;,&quot;pause_on_hover&quot;:&quot;yes&quot;,&quot;pause_on_interaction&quot;:&quot;yes&quot;,&quot;autoplay_speed&quot;:5000,&quot;infinite&quot;:&quot;yes&quot;,&quot;effect&quot;:&quot;slide&quot;,&quot;speed&quot;:500}\" data-widget_type=\"image-carousel.default\">\n\t\t\t\t<div class=\"elementor-widget-container\">\n\t\t\t<style>\/*! elementor - v3.21.0 - 18-04-2024 *\/\n.elementor-widget-image-carousel .swiper,.elementor-widget-image-carousel .swiper-container{position:static}.elementor-widget-image-carousel .swiper-container .swiper-slide figure,.elementor-widget-image-carousel .swiper .swiper-slide figure{line-height:inherit}.elementor-widget-image-carousel .swiper-slide{text-align:center}.elementor-image-carousel-wrapper:not(.swiper-container-initialized):not(.swiper-initialized) .swiper-slide{max-width:calc(100% \/ var(--e-image-carousel-slides-to-show, 3))}<\/style>\t\t<div class=\"elementor-image-carousel-wrapper swiper\" dir=\"ltr\">\n\t\t\t<div class=\"elementor-image-carousel swiper-wrapper\" aria-live=\"off\">\n\t\t\t\t\t\t\t\t<div class=\"swiper-slide\" role=\"group\" aria-roledescription=\"slide\" aria-label=\"1 de 10\"><figure class=\"swiper-slide-inner\"><img decoding=\"async\" class=\"swiper-slide-image\" src=\"https:\/\/araisemprecultura.cat\/wp-content\/uploads\/2024\/01\/320684928_855326452524008_6540623411651473344_n.jpg\" alt=\"320684928_855326452524008_6540623411651473344_n\" \/><\/figure><\/div><div class=\"swiper-slide\" role=\"group\" aria-roledescription=\"slide\" aria-label=\"2 de 10\"><figure class=\"swiper-slide-inner\"><img decoding=\"async\" class=\"swiper-slide-image\" src=\"https:\/\/araisemprecultura.cat\/wp-content\/uploads\/2024\/01\/320799421_706390111203243_327876774942023260_n.jpg\" alt=\"320799421_706390111203243_327876774942023260_n\" \/><\/figure><\/div><div class=\"swiper-slide\" role=\"group\" aria-roledescription=\"slide\" aria-label=\"3 de 10\"><figure class=\"swiper-slide-inner\"><img decoding=\"async\" class=\"swiper-slide-image\" src=\"https:\/\/araisemprecultura.cat\/wp-content\/uploads\/2024\/01\/320750571_812181576513537_1603215088236046022_n.jpg\" alt=\"320750571_812181576513537_1603215088236046022_n\" \/><\/figure><\/div><div class=\"swiper-slide\" role=\"group\" aria-roledescription=\"slide\" aria-label=\"4 de 10\"><figure class=\"swiper-slide-inner\"><img decoding=\"async\" class=\"swiper-slide-image\" src=\"https:\/\/araisemprecultura.cat\/wp-content\/uploads\/2024\/01\/320792808_496219615909682_1844963549787592784_n.jpg\" alt=\"320792808_496219615909682_1844963549787592784_n\" \/><\/figure><\/div><div class=\"swiper-slide\" role=\"group\" aria-roledescription=\"slide\" aria-label=\"5 de 10\"><figure class=\"swiper-slide-inner\"><img decoding=\"async\" class=\"swiper-slide-image\" src=\"https:\/\/araisemprecultura.cat\/wp-content\/uploads\/2024\/01\/320429902_196502799572663_2944038838664353352_n.jpg\" alt=\"320429902_196502799572663_2944038838664353352_n\" \/><\/figure><\/div><div class=\"swiper-slide\" role=\"group\" aria-roledescription=\"slide\" aria-label=\"6 de 10\"><figure class=\"swiper-slide-inner\"><img decoding=\"async\" class=\"swiper-slide-image\" src=\"https:\/\/araisemprecultura.cat\/wp-content\/uploads\/2024\/01\/320940723_890934582047176_7484102282153917346_n.jpg\" alt=\"320940723_890934582047176_7484102282153917346_n\" \/><\/figure><\/div><div class=\"swiper-slide\" role=\"group\" aria-roledescription=\"slide\" aria-label=\"7 de 10\"><figure class=\"swiper-slide-inner\"><img decoding=\"async\" class=\"swiper-slide-image\" src=\"https:\/\/araisemprecultura.cat\/wp-content\/uploads\/2024\/01\/321304827_826044121832798_229422549082527974_n.jpg\" alt=\"321304827_826044121832798_229422549082527974_n\" \/><\/figure><\/div><div class=\"swiper-slide\" role=\"group\" aria-roledescription=\"slide\" aria-label=\"8 de 10\"><figure class=\"swiper-slide-inner\"><img decoding=\"async\" class=\"swiper-slide-image\" src=\"https:\/\/araisemprecultura.cat\/wp-content\/uploads\/2024\/01\/320942695_887698578895638_2171518809960223863_n.jpg\" alt=\"320942695_887698578895638_2171518809960223863_n\" \/><\/figure><\/div><div class=\"swiper-slide\" role=\"group\" aria-roledescription=\"slide\" aria-label=\"9 de 10\"><figure class=\"swiper-slide-inner\"><img decoding=\"async\" class=\"swiper-slide-image\" src=\"https:\/\/araisemprecultura.cat\/wp-content\/uploads\/2024\/01\/320749169_878616326614666_8508028710532726909_n.jpg\" alt=\"320749169_878616326614666_8508028710532726909_n\" \/><\/figure><\/div><div class=\"swiper-slide\" role=\"group\" aria-roledescription=\"slide\" aria-label=\"10 de 10\"><figure class=\"swiper-slide-inner\"><img decoding=\"async\" class=\"swiper-slide-image\" src=\"https:\/\/araisemprecultura.cat\/wp-content\/uploads\/2024\/01\/320875632_672252477877050_6493540628052816582_n.jpg\" alt=\"320875632_672252477877050_6493540628052816582_n\" \/><\/figure><\/div>\t\t\t<\/div>\n\t\t\t\t\t\t\t\t\t\t\t\t<div class=\"elementor-swiper-button elementor-swiper-button-prev\" role=\"button\" tabindex=\"0\">\n\t\t\t\t\t\t<i aria-hidden=\"true\" class=\"eicon-chevron-left\"><\/i>\t\t\t\t\t<\/div>\n\t\t\t\t\t<div class=\"elementor-swiper-button elementor-swiper-button-next\" role=\"button\" tabindex=\"0\">\n\t\t\t\t\t\t<i aria-hidden=\"true\" class=\"eicon-chevron-right\"><\/i>\t\t\t\t\t<\/div>\n\t\t\t\t\n\t\t\t\t\t\t\t\t\t<div class=\"swiper-pagination\"><\/div>\n\t\t\t\t\t\t\t\t\t<\/div>\n\t\t\t\t<\/div>\n\t\t\t\t<\/div>\n\t\t\t\t\t<\/div>\n\t\t<\/div>\n\t\t\t\t\t<\/div>\n\t\t<\/section>\n\t\t\t\t<\/div>\n\t\t","protected":false},"excerpt":{"rendered":"<p>Diumenge v\u00e8iem com la nostra colla germana @collabastoneraromanes feia hist\u00f2ria amb el r\u00e8cord de 10 hores sense parar de ballar. Avui, i amb tota la il\u00b7lusi\u00f3 possible, ens ha tocat a nosaltres representar a Barber\u00e0 del Vall\u00e8s! Una actuaci\u00f3 m\u00e0gica a Cornell\u00e0, convidades pel Ball de Bastons de l\u2019@agrupacornella amb qui vam compartir una tarda [&hellip;]<\/p>\n","protected":false},"author":3,"featured_media":1538,"comment_status":"closed","ping_status":"closed","sticky":false,"template":"","format":"standard","meta":{"_acf_changed":false,"footnotes":""},"categories":[7,6,1],"tags":[],"class_list":["post-1411","post","type-post","status-publish","format-standard","has-post-thumbnail","hentry","category-ball-de-bastons","category-ball-de-panderos","category-noticies"],"acf":[],"yoast_head":"<!-- This site is optimized with the Yoast SEO plugin v21.8 - https:\/\/yoast.com\/wordpress\/plugins\/seo\/ -->\n<title>El Ball de Panderos a Cornell\u00e0 - ARA I SEMPRE<\/title>\n<meta name=\"robots\" content=\"index, follow, max-snippet:-1, max-image-preview:large, max-video-preview:-1\" \/>\n<link rel=\"canonical\" href=\"https:\/\/araisemprecultura.cat\/index.php\/el-ball-de-panderos-a-cornella\/noticies\/araisempre\/\" \/>\n<meta property=\"og:locale\" content=\"ca_ES\" \/>\n<meta property=\"og:type\" content=\"article\" \/>\n<meta property=\"og:title\" content=\"El Ball de Panderos a Cornell\u00e0 - ARA I SEMPRE\" \/>\n<meta property=\"og:description\" content=\"Diumenge v\u00e8iem com la nostra colla germana @collabastoneraromanes feia hist\u00f2ria amb el r\u00e8cord de 10 hores sense parar de ballar. Avui, i amb tota la il\u00b7lusi\u00f3 possible, ens ha tocat a nosaltres representar a Barber\u00e0 del Vall\u00e8s! Una actuaci\u00f3 m\u00e0gica a Cornell\u00e0, convidades pel Ball de Bastons de l\u2019@agrupacornella amb qui vam compartir una tarda [&hellip;]\" \/>\n<meta property=\"og:url\" content=\"https:\/\/araisemprecultura.cat\/index.php\/el-ball-de-panderos-a-cornella\/noticies\/araisempre\/\" \/>\n<meta property=\"og:site_name\" content=\"ARA I SEMPRE\" \/>\n<meta property=\"article:published_time\" content=\"2022-12-19T23:06:00+00:00\" \/>\n<meta property=\"article:modified_time\" content=\"2024-02-11T17:25:12+00:00\" \/>\n<meta property=\"og:image\" content=\"https:\/\/araisemprecultura.cat\/wp-content\/uploads\/2024\/01\/320749169_878616326614666_8508028710532726909_n.jpg\" \/>\n\t<meta property=\"og:image:width\" content=\"1080\" \/>\n\t<meta property=\"og:image:height\" content=\"810\" \/>\n\t<meta property=\"og:image:type\" content=\"image\/jpeg\" \/>\n<meta name=\"author\" content=\"Associaci\u00f3 ARA I SEMPRE\" \/>\n<meta name=\"twitter:card\" content=\"summary_large_image\" \/>\n<meta name=\"twitter:label1\" content=\"Escrit per\" \/>\n\t<meta name=\"twitter:data1\" content=\"Associaci\u00f3 ARA I SEMPRE\" \/>\n\t<meta name=\"twitter:label2\" content=\"Temps estimat de lectura\" \/>\n\t<meta name=\"twitter:data2\" content=\"4 minuts\" \/>\n<script type=\"application\/ld+json\" class=\"yoast-schema-graph\">{\"@context\":\"https:\/\/schema.org\",\"@graph\":[{\"@type\":\"Article\",\"@id\":\"https:\/\/araisemprecultura.cat\/index.php\/el-ball-de-panderos-a-cornella\/noticies\/araisempre\/#article\",\"isPartOf\":{\"@id\":\"https:\/\/araisemprecultura.cat\/index.php\/el-ball-de-panderos-a-cornella\/noticies\/araisempre\/\"},\"author\":{\"name\":\"Associaci\u00f3 ARA I SEMPRE\",\"@id\":\"https:\/\/araisemprecultura.cat\/#\/schema\/person\/63f5d9084c529771425e563e055e9753\"},\"headline\":\"El Ball de Panderos a Cornell\u00e0\",\"datePublished\":\"2022-12-19T23:06:00+00:00\",\"dateModified\":\"2024-02-11T17:25:12+00:00\",\"mainEntityOfPage\":{\"@id\":\"https:\/\/araisemprecultura.cat\/index.php\/el-ball-de-panderos-a-cornella\/noticies\/araisempre\/\"},\"wordCount\":182,\"publisher\":{\"@id\":\"https:\/\/araisemprecultura.cat\/#organization\"},\"articleSection\":[\"Ball de Bastons\",\"Ball de Panderos\",\"Not\u00edcies\"],\"inLanguage\":\"ca\"},{\"@type\":\"WebPage\",\"@id\":\"https:\/\/araisemprecultura.cat\/index.php\/el-ball-de-panderos-a-cornella\/noticies\/araisempre\/\",\"url\":\"https:\/\/araisemprecultura.cat\/index.php\/el-ball-de-panderos-a-cornella\/noticies\/araisempre\/\",\"name\":\"El Ball de Panderos a Cornell\u00e0 - ARA I SEMPRE\",\"isPartOf\":{\"@id\":\"https:\/\/araisemprecultura.cat\/#website\"},\"datePublished\":\"2022-12-19T23:06:00+00:00\",\"dateModified\":\"2024-02-11T17:25:12+00:00\",\"breadcrumb\":{\"@id\":\"https:\/\/araisemprecultura.cat\/index.php\/el-ball-de-panderos-a-cornella\/noticies\/araisempre\/#breadcrumb\"},\"inLanguage\":\"ca\",\"potentialAction\":[{\"@type\":\"ReadAction\",\"target\":[\"https:\/\/araisemprecultura.cat\/index.php\/el-ball-de-panderos-a-cornella\/noticies\/araisempre\/\"]}]},{\"@type\":\"BreadcrumbList\",\"@id\":\"https:\/\/araisemprecultura.cat\/index.php\/el-ball-de-panderos-a-cornella\/noticies\/araisempre\/#breadcrumb\",\"itemListElement\":[{\"@type\":\"ListItem\",\"position\":1,\"name\":\"Inici\",\"item\":\"https:\/\/araisemprecultura.cat\/\"},{\"@type\":\"ListItem\",\"position\":2,\"name\":\"El Ball de Panderos a Cornell\u00e0\"}]},{\"@type\":\"WebSite\",\"@id\":\"https:\/\/araisemprecultura.cat\/#website\",\"url\":\"https:\/\/araisemprecultura.cat\/\",\"name\":\"ARA I SEMPRE\",\"description\":\"\",\"publisher\":{\"@id\":\"https:\/\/araisemprecultura.cat\/#organization\"},\"potentialAction\":[{\"@type\":\"SearchAction\",\"target\":{\"@type\":\"EntryPoint\",\"urlTemplate\":\"https:\/\/araisemprecultura.cat\/?s={search_term_string}\"},\"query-input\":\"required name=search_term_string\"}],\"inLanguage\":\"ca\"},{\"@type\":\"Organization\",\"@id\":\"https:\/\/araisemprecultura.cat\/#organization\",\"name\":\"ARA I SEMPRE\",\"url\":\"https:\/\/araisemprecultura.cat\/\",\"logo\":{\"@type\":\"ImageObject\",\"inLanguage\":\"ca\",\"@id\":\"https:\/\/araisemprecultura.cat\/#\/schema\/logo\/image\/\",\"url\":\"https:\/\/araisemprecultura.cat\/wp-content\/uploads\/2022\/02\/Disseny-imatge-ara-i-sempre-161.png\",\"contentUrl\":\"https:\/\/araisemprecultura.cat\/wp-content\/uploads\/2022\/02\/Disseny-imatge-ara-i-sempre-161.png\",\"width\":\"1962\",\"height\":\"713\",\"caption\":\"ARA I SEMPRE\"},\"image\":{\"@id\":\"https:\/\/araisemprecultura.cat\/#\/schema\/logo\/image\/\"}},{\"@type\":\"Person\",\"@id\":\"https:\/\/araisemprecultura.cat\/#\/schema\/person\/63f5d9084c529771425e563e055e9753\",\"name\":\"Associaci\u00f3 ARA I SEMPRE\",\"image\":{\"@type\":\"ImageObject\",\"inLanguage\":\"ca\",\"@id\":\"https:\/\/araisemprecultura.cat\/#\/schema\/person\/image\/\",\"url\":\"https:\/\/secure.gravatar.com\/avatar\/79119cae4235670f2cf10d32f7e31d7e8ddcdc1f4fa0a59abe7d167411092c01?s=96&r=g\",\"contentUrl\":\"https:\/\/secure.gravatar.com\/avatar\/79119cae4235670f2cf10d32f7e31d7e8ddcdc1f4fa0a59abe7d167411092c01?s=96&r=g\",\"caption\":\"Associaci\u00f3 ARA I SEMPRE\"},\"url\":\"https:\/\/araisemprecultura.cat\/index.php\/author\/araisempre\/\"}]}<\/script>\n<!-- \/ Yoast SEO plugin. -->","yoast_head_json":{"title":"El Ball de Panderos a Cornell\u00e0 - ARA I SEMPRE","robots":{"index":"index","follow":"follow","max-snippet":"max-snippet:-1","max-image-preview":"max-image-preview:large","max-video-preview":"max-video-preview:-1"},"canonical":"https:\/\/araisemprecultura.cat\/index.php\/el-ball-de-panderos-a-cornella\/noticies\/araisempre\/","og_locale":"ca_ES","og_type":"article","og_title":"El Ball de Panderos a Cornell\u00e0 - ARA I SEMPRE","og_description":"Diumenge v\u00e8iem com la nostra colla germana @collabastoneraromanes feia hist\u00f2ria amb el r\u00e8cord de 10 hores sense parar de ballar. Avui, i amb tota la il\u00b7lusi\u00f3 possible, ens ha tocat a nosaltres representar a Barber\u00e0 del Vall\u00e8s! Una actuaci\u00f3 m\u00e0gica a Cornell\u00e0, convidades pel Ball de Bastons de l\u2019@agrupacornella amb qui vam compartir una tarda [&hellip;]","og_url":"https:\/\/araisemprecultura.cat\/index.php\/el-ball-de-panderos-a-cornella\/noticies\/araisempre\/","og_site_name":"ARA I SEMPRE","article_published_time":"2022-12-19T23:06:00+00:00","article_modified_time":"2024-02-11T17:25:12+00:00","og_image":[{"width":"1080","height":"810","url":"https:\/\/araisemprecultura.cat\/wp-content\/uploads\/2024\/01\/320749169_878616326614666_8508028710532726909_n.jpg","type":"image\/jpeg"}],"author":"Associaci\u00f3 ARA I SEMPRE","twitter_card":"summary_large_image","twitter_misc":{"Escrit per":"Associaci\u00f3 ARA I SEMPRE","Temps estimat de lectura":"4 minuts"},"schema":{"@context":"https:\/\/schema.org","@graph":[{"@type":"Article","@id":"https:\/\/araisemprecultura.cat\/index.php\/el-ball-de-panderos-a-cornella\/noticies\/araisempre\/#article","isPartOf":{"@id":"https:\/\/araisemprecultura.cat\/index.php\/el-ball-de-panderos-a-cornella\/noticies\/araisempre\/"},"author":{"name":"Associaci\u00f3 ARA I SEMPRE","@id":"https:\/\/araisemprecultura.cat\/#\/schema\/person\/63f5d9084c529771425e563e055e9753"},"headline":"El Ball de Panderos a Cornell\u00e0","datePublished":"2022-12-19T23:06:00+00:00","dateModified":"2024-02-11T17:25:12+00:00","mainEntityOfPage":{"@id":"https:\/\/araisemprecultura.cat\/index.php\/el-ball-de-panderos-a-cornella\/noticies\/araisempre\/"},"wordCount":182,"publisher":{"@id":"https:\/\/araisemprecultura.cat\/#organization"},"articleSection":["Ball de Bastons","Ball de Panderos","Not\u00edcies"],"inLanguage":"ca"},{"@type":"WebPage","@id":"https:\/\/araisemprecultura.cat\/index.php\/el-ball-de-panderos-a-cornella\/noticies\/araisempre\/","url":"https:\/\/araisemprecultura.cat\/index.php\/el-ball-de-panderos-a-cornella\/noticies\/araisempre\/","name":"El Ball de Panderos a Cornell\u00e0 - ARA I SEMPRE","isPartOf":{"@id":"https:\/\/araisemprecultura.cat\/#website"},"datePublished":"2022-12-19T23:06:00+00:00","dateModified":"2024-02-11T17:25:12+00:00","breadcrumb":{"@id":"https:\/\/araisemprecultura.cat\/index.php\/el-ball-de-panderos-a-cornella\/noticies\/araisempre\/#breadcrumb"},"inLanguage":"ca","potentialAction":[{"@type":"ReadAction","target":["https:\/\/araisemprecultura.cat\/index.php\/el-ball-de-panderos-a-cornella\/noticies\/araisempre\/"]}]},{"@type":"BreadcrumbList","@id":"https:\/\/araisemprecultura.cat\/index.php\/el-ball-de-panderos-a-cornella\/noticies\/araisempre\/#breadcrumb","itemListElement":[{"@type":"ListItem","position":1,"name":"Inici","item":"https:\/\/araisemprecultura.cat\/"},{"@type":"ListItem","position":2,"name":"El Ball de Panderos a Cornell\u00e0"}]},{"@type":"WebSite","@id":"https:\/\/araisemprecultura.cat\/#website","url":"https:\/\/araisemprecultura.cat\/","name":"ARA I SEMPRE","description":"","publisher":{"@id":"https:\/\/araisemprecultura.cat\/#organization"},"potentialAction":[{"@type":"SearchAction","target":{"@type":"EntryPoint","urlTemplate":"https:\/\/araisemprecultura.cat\/?s={search_term_string}"},"query-input":"required name=search_term_string"}],"inLanguage":"ca"},{"@type":"Organization","@id":"https:\/\/araisemprecultura.cat\/#organization","name":"ARA I SEMPRE","url":"https:\/\/araisemprecultura.cat\/","logo":{"@type":"ImageObject","inLanguage":"ca","@id":"https:\/\/araisemprecultura.cat\/#\/schema\/logo\/image\/","url":"https:\/\/araisemprecultura.cat\/wp-content\/uploads\/2022\/02\/Disseny-imatge-ara-i-sempre-161.png","contentUrl":"https:\/\/araisemprecultura.cat\/wp-content\/uploads\/2022\/02\/Disseny-imatge-ara-i-sempre-161.png","width":"1962","height":"713","caption":"ARA I SEMPRE"},"image":{"@id":"https:\/\/araisemprecultura.cat\/#\/schema\/logo\/image\/"}},{"@type":"Person","@id":"https:\/\/araisemprecultura.cat\/#\/schema\/person\/63f5d9084c529771425e563e055e9753","name":"Associaci\u00f3 ARA I SEMPRE","image":{"@type":"ImageObject","inLanguage":"ca","@id":"https:\/\/araisemprecultura.cat\/#\/schema\/person\/image\/","url":"https:\/\/secure.gravatar.com\/avatar\/79119cae4235670f2cf10d32f7e31d7e8ddcdc1f4fa0a59abe7d167411092c01?s=96&r=g","contentUrl":"https:\/\/secure.gravatar.com\/avatar\/79119cae4235670f2cf10d32f7e31d7e8ddcdc1f4fa0a59abe7d167411092c01?s=96&r=g","caption":"Associaci\u00f3 ARA I SEMPRE"},"url":"https:\/\/araisemprecultura.cat\/index.php\/author\/araisempre\/"}]}},"_links":{"self":[{"href":"https:\/\/araisemprecultura.cat\/index.php\/wp-json\/wp\/v2\/posts\/1411","targetHints":{"allow":["GET"]}}],"collection":[{"href":"https:\/\/araisemprecultura.cat\/index.php\/wp-json\/wp\/v2\/posts"}],"about":[{"href":"https:\/\/araisemprecultura.cat\/index.php\/wp-json\/wp\/v2\/types\/post"}],"author":[{"embeddable":true,"href":"https:\/\/araisemprecultura.cat\/index.php\/wp-json\/wp\/v2\/users\/3"}],"replies":[{"embeddable":true,"href":"https:\/\/araisemprecultura.cat\/index.php\/wp-json\/wp\/v2\/comments?post=1411"}],"version-history":[{"count":7,"href":"https:\/\/araisemprecultura.cat\/index.php\/wp-json\/wp\/v2\/posts\/1411\/revisions"}],"predecessor-version":[{"id":1545,"href":"https:\/\/araisemprecultura.cat\/index.php\/wp-json\/wp\/v2\/posts\/1411\/revisions\/1545"}],"wp:featuredmedia":[{"embeddable":true,"href":"https:\/\/araisemprecultura.cat\/index.php\/wp-json\/wp\/v2\/media\/1538"}],"wp:attachment":[{"href":"https:\/\/araisemprecultura.cat\/index.php\/wp-json\/wp\/v2\/media?parent=1411"}],"wp:term":[{"taxonomy":"category","embeddable":true,"href":"https:\/\/araisemprecultura.cat\/index.php\/wp-json\/wp\/v2\/categories?post=1411"},{"taxonomy":"post_tag","embeddable":true,"href":"https:\/\/araisemprecultura.cat\/index.php\/wp-json\/wp\/v2\/tags?post=1411"}],"curies":[{"name":"wp","href":"https:\/\/api.w.org\/{rel}","templated":true}]}}