{"id":1341,"date":"2022-10-22T23:50:00","date_gmt":"2022-10-22T23:50:00","guid":{"rendered":"https:\/\/araisemprecultura.cat\/?p=1341"},"modified":"2024-02-11T17:25:30","modified_gmt":"2024-02-11T17:25:30","slug":"trobada-bastonera-infantil-de-catalunya-2022","status":"publish","type":"post","link":"https:\/\/araisemprecultura.cat\/index.php\/trobada-bastonera-infantil-de-catalunya-2022\/noticies\/araisempre\/","title":{"rendered":"Trobada Bastonera Infantil de Catalunya 2022"},"content":{"rendered":"\t\t<div data-elementor-type=\"wp-post\" data-elementor-id=\"1341\" class=\"elementor elementor-1341\">\n\t\t\t\t\t\t<section class=\"elementor-section elementor-top-section elementor-element elementor-element-4566b714 elementor-section-boxed elementor-section-height-default elementor-section-height-default\" data-id=\"4566b714\" data-element_type=\"section\" data-settings=\"{&quot;_ha_eqh_enable&quot;:false}\">\n\t\t\t\t\t\t<div class=\"elementor-container elementor-column-gap-default\">\n\t\t\t\t\t<div class=\"elementor-column elementor-col-100 elementor-top-column elementor-element elementor-element-4a5f4662\" data-id=\"4a5f4662\" data-element_type=\"column\">\n\t\t\t<div class=\"elementor-widget-wrap elementor-element-populated\">\n\t\t\t\t\t\t<div class=\"elementor-element elementor-element-28aa1c1b elementor-widget elementor-widget-text-editor\" data-id=\"28aa1c1b\" data-element_type=\"widget\" data-widget_type=\"text-editor.default\">\n\t\t\t\t<div class=\"elementor-widget-container\">\n\t\t\t<style>\/*! elementor - v3.21.0 - 18-04-2024 *\/\n.elementor-widget-text-editor.elementor-drop-cap-view-stacked .elementor-drop-cap{background-color:#69727d;color:#fff}.elementor-widget-text-editor.elementor-drop-cap-view-framed .elementor-drop-cap{color:#69727d;border:3px solid;background-color:transparent}.elementor-widget-text-editor:not(.elementor-drop-cap-view-default) .elementor-drop-cap{margin-top:8px}.elementor-widget-text-editor:not(.elementor-drop-cap-view-default) .elementor-drop-cap-letter{width:1em;height:1em}.elementor-widget-text-editor .elementor-drop-cap{float:left;text-align:center;line-height:1;font-size:50px}.elementor-widget-text-editor .elementor-drop-cap-letter{display:inline-block}<\/style>\t\t\t\t<p><!-- wp:paragraph --><\/p>\n<p style=\"text-align: justify;\"><span style=\"font-weight: 400;\">Avui hem participat en la V Trobada Bastonera Infantil, a Cardedeu, a trav\u00e9s de la Colla Bastonera Les Romanes i el Ball de Bastons de Sant Andreu! Una passada de jornada que ha comen\u00e7at amb tot de jocs aquest mat\u00ed i han acabat amb una maqu\u00edssima cercavila i ballada final, al costat de tot de colles de Catalunya!\ud83d\ude0d<\/span><\/p>\n<p style=\"text-align: justify;\"><span style=\"font-weight: 400;\">Molt contentes d&#8217;haver vingut! Marxem amb ganes de m\u00e9s m\u00e9s i MOLT M\u00c9S!\ud83e\udef6\ud83c\udffc<\/span><\/p>\n<p style=\"text-align: justify;\"><span style=\"font-weight: 400;\">Gr\u00e0cies <\/span><a href=\"https:\/\/www.instagram.com\/bastonerscardedeu\/\"><span style=\"font-weight: 400;\">@bastonerscardedeu<\/span><\/a><span style=\"font-weight: 400;\"> i <\/span><a href=\"https:\/\/www.instagram.com\/balldebastons\/\"><span style=\"font-weight: 400;\">@balldebastons<\/span><\/a><span style=\"font-weight: 400;\"> per fer-ho possible! VISCA EL BALL DE BASTONS! ARA I SEMPRE! \ud83d\udc99\ud83d\udc9b\u2764\ufe0f<\/span><span style=\"font-weight: 400;\">\ud83d\udc9c<\/span><\/p>\n<p><!-- \/wp:paragraph --><\/p>\t\t\t\t\t\t<\/div>\n\t\t\t\t<\/div>\n\t\t\t\t<div class=\"elementor-element elementor-element-b0052ce elementor-arrows-position-inside elementor-pagination-position-outside elementor-widget elementor-widget-image-carousel\" data-id=\"b0052ce\" data-element_type=\"widget\" data-settings=\"{&quot;slides_to_show&quot;:&quot;1&quot;,&quot;navigation&quot;:&quot;both&quot;,&quot;autoplay&quot;:&quot;yes&quot;,&quot;pause_on_hover&quot;:&quot;yes&quot;,&quot;pause_on_interaction&quot;:&quot;yes&quot;,&quot;autoplay_speed&quot;:5000,&quot;infinite&quot;:&quot;yes&quot;,&quot;effect&quot;:&quot;slide&quot;,&quot;speed&quot;:500}\" data-widget_type=\"image-carousel.default\">\n\t\t\t\t<div class=\"elementor-widget-container\">\n\t\t\t<style>\/*! elementor - v3.21.0 - 18-04-2024 *\/\n.elementor-widget-image-carousel .swiper,.elementor-widget-image-carousel .swiper-container{position:static}.elementor-widget-image-carousel .swiper-container .swiper-slide figure,.elementor-widget-image-carousel .swiper .swiper-slide figure{line-height:inherit}.elementor-widget-image-carousel .swiper-slide{text-align:center}.elementor-image-carousel-wrapper:not(.swiper-container-initialized):not(.swiper-initialized) .swiper-slide{max-width:calc(100% \/ var(--e-image-carousel-slides-to-show, 3))}<\/style>\t\t<div class=\"elementor-image-carousel-wrapper swiper\" dir=\"ltr\">\n\t\t\t<div class=\"elementor-image-carousel swiper-wrapper\" aria-live=\"off\">\n\t\t\t\t\t\t\t\t<div class=\"swiper-slide\" role=\"group\" aria-roledescription=\"slide\" aria-label=\"1 de 7\"><figure class=\"swiper-slide-inner\"><img decoding=\"async\" class=\"swiper-slide-image\" src=\"https:\/\/araisemprecultura.cat\/wp-content\/uploads\/2024\/01\/AvuihemparticipatenlaVTrobadaBastoneraInfantilaCardedeuUnapassadadejornadaquehacomencatambtotdejocsaquestmatiihanacabatambunamaquissimacercavilaiballadafinala-1.jpg\" alt=\"Avui+hem+participat+en+la+V+Trobada+Bastonera+Infantil,+a+Cardedeu!+Una+passada+de+jornada+que+ha+comen\u00e7at+amb+tot+de+jocs+aquest+mat\u00ed+i+han+acabat+amb+una+maqu\u00edssima+cercavila+i+ballada+final,+a (1)\" \/><\/figure><\/div><div class=\"swiper-slide\" role=\"group\" aria-roledescription=\"slide\" aria-label=\"2 de 7\"><figure class=\"swiper-slide-inner\"><img decoding=\"async\" class=\"swiper-slide-image\" src=\"https:\/\/araisemprecultura.cat\/wp-content\/uploads\/2024\/01\/AvuihemparticipatenlaVTrobadaBastoneraInfantilaCardedeuUnapassadadejornadaquehacomencatambtotdejocsaquestmatiihanacabatambunamaquissimacercavilaiballadafinala-2.jpg\" alt=\"Avui+hem+participat+en+la+V+Trobada+Bastonera+Infantil,+a+Cardedeu!+Una+passada+de+jornada+que+ha+comen\u00e7at+amb+tot+de+jocs+aquest+mat\u00ed+i+han+acabat+amb+una+maqu\u00edssima+cercavila+i+ballada+final,+a (2)\" \/><\/figure><\/div><div class=\"swiper-slide\" role=\"group\" aria-roledescription=\"slide\" aria-label=\"3 de 7\"><figure class=\"swiper-slide-inner\"><img decoding=\"async\" class=\"swiper-slide-image\" src=\"https:\/\/araisemprecultura.cat\/wp-content\/uploads\/2024\/01\/AvuihemparticipatenlaVTrobadaBastoneraInfantilaCardedeuUnapassadadejornadaquehacomencatambtotdejocsaquestmatiihanacabatambunamaquissimacercavilaiballadafinala-3.jpg\" alt=\"Avui+hem+participat+en+la+V+Trobada+Bastonera+Infantil,+a+Cardedeu!+Una+passada+de+jornada+que+ha+comen\u00e7at+amb+tot+de+jocs+aquest+mat\u00ed+i+han+acabat+amb+una+maqu\u00edssima+cercavila+i+ballada+final,+a (3)\" \/><\/figure><\/div><div class=\"swiper-slide\" role=\"group\" aria-roledescription=\"slide\" aria-label=\"4 de 7\"><figure class=\"swiper-slide-inner\"><img decoding=\"async\" class=\"swiper-slide-image\" src=\"https:\/\/araisemprecultura.cat\/wp-content\/uploads\/2024\/01\/AvuihemparticipatenlaVTrobadaBastoneraInfantilaCardedeuUnapassadadejornadaquehacomencatambtotdejocsaquestmatiihanacabatambunamaquissimacercavilaiballadafinala-4.jpg\" alt=\"Avui+hem+participat+en+la+V+Trobada+Bastonera+Infantil,+a+Cardedeu!+Una+passada+de+jornada+que+ha+comen\u00e7at+amb+tot+de+jocs+aquest+mat\u00ed+i+han+acabat+amb+una+maqu\u00edssima+cercavila+i+ballada+final,+a (4)\" \/><\/figure><\/div><div class=\"swiper-slide\" role=\"group\" aria-roledescription=\"slide\" aria-label=\"5 de 7\"><figure class=\"swiper-slide-inner\"><img decoding=\"async\" class=\"swiper-slide-image\" src=\"https:\/\/araisemprecultura.cat\/wp-content\/uploads\/2024\/01\/AvuihemparticipatenlaVTrobadaBastoneraInfantilaCardedeuUnapassadadejornadaquehacomencatambtotdejocsaquestmatiihanacabatambunamaquissimacercavilaiballadafinala-5.jpg\" alt=\"Avui+hem+participat+en+la+V+Trobada+Bastonera+Infantil,+a+Cardedeu!+Una+passada+de+jornada+que+ha+comen\u00e7at+amb+tot+de+jocs+aquest+mat\u00ed+i+han+acabat+amb+una+maqu\u00edssima+cercavila+i+ballada+final,+a (5)\" \/><\/figure><\/div><div class=\"swiper-slide\" role=\"group\" aria-roledescription=\"slide\" aria-label=\"6 de 7\"><figure class=\"swiper-slide-inner\"><img decoding=\"async\" class=\"swiper-slide-image\" src=\"https:\/\/araisemprecultura.cat\/wp-content\/uploads\/2024\/01\/AvuihemparticipatenlaVTrobadaBastoneraInfantilaCardedeuUnapassadadejornadaquehacomencatambtotdejocsaquestmatiihanacabatambunamaquissimacercavilaiballadafinala-6.jpg\" alt=\"Avui+hem+participat+en+la+V+Trobada+Bastonera+Infantil,+a+Cardedeu!+Una+passada+de+jornada+que+ha+comen\u00e7at+amb+tot+de+jocs+aquest+mat\u00ed+i+han+acabat+amb+una+maqu\u00edssima+cercavila+i+ballada+final,+a (6)\" \/><\/figure><\/div><div class=\"swiper-slide\" role=\"group\" aria-roledescription=\"slide\" aria-label=\"7 de 7\"><figure class=\"swiper-slide-inner\"><img decoding=\"async\" class=\"swiper-slide-image\" src=\"https:\/\/araisemprecultura.cat\/wp-content\/uploads\/2024\/01\/AvuihemparticipatenlaVTrobadaBastoneraInfantilaCardedeuUnapassadadejornadaquehacomencatambtotdejocsaquestmatiihanacabatambunamaquissimacercavilaiballadafinalalco.jpg\" alt=\"Avui+hem+participat+en+la+V+Trobada+Bastonera+Infantil,+a+Cardedeu!+Una+passada+de+jornada+que+ha+comen\u00e7at+amb+tot+de+jocs+aquest+mat\u00ed+i+han+acabat+amb+una+maqu\u00edssima+cercavila+i+ballada+final,+al+co\" \/><\/figure><\/div>\t\t\t<\/div>\n\t\t\t\t\t\t\t\t\t\t\t\t<div class=\"elementor-swiper-button elementor-swiper-button-prev\" role=\"button\" tabindex=\"0\">\n\t\t\t\t\t\t<i aria-hidden=\"true\" class=\"eicon-chevron-left\"><\/i>\t\t\t\t\t<\/div>\n\t\t\t\t\t<div class=\"elementor-swiper-button elementor-swiper-button-next\" role=\"button\" tabindex=\"0\">\n\t\t\t\t\t\t<i aria-hidden=\"true\" class=\"eicon-chevron-right\"><\/i>\t\t\t\t\t<\/div>\n\t\t\t\t\n\t\t\t\t\t\t\t\t\t<div class=\"swiper-pagination\"><\/div>\n\t\t\t\t\t\t\t\t\t<\/div>\n\t\t\t\t<\/div>\n\t\t\t\t<\/div>\n\t\t\t\t\t<\/div>\n\t\t<\/div>\n\t\t\t\t\t<\/div>\n\t\t<\/section>\n\t\t\t\t<\/div>\n\t\t","protected":false},"excerpt":{"rendered":"<p>Avui hem participat en la V Trobada Bastonera Infantil, a Cardedeu, a trav\u00e9s de la Colla Bastonera Les Romanes i el Ball de Bastons de Sant Andreu! Una passada de jornada que ha comen\u00e7at amb tot de jocs aquest mat\u00ed i han acabat amb una maqu\u00edssima cercavila i ballada final, al costat de tot de [&hellip;]<\/p>\n","protected":false},"author":3,"featured_media":1455,"comment_status":"closed","ping_status":"closed","sticky":false,"template":"","format":"standard","meta":{"_acf_changed":false,"footnotes":""},"categories":[7,1],"tags":[],"class_list":["post-1341","post","type-post","status-publish","format-standard","has-post-thumbnail","hentry","category-ball-de-bastons","category-noticies"],"acf":[],"yoast_head":"<!-- This site is optimized with the Yoast SEO plugin v21.8 - https:\/\/yoast.com\/wordpress\/plugins\/seo\/ -->\n<title>Trobada Bastonera Infantil de Catalunya 2022 - ARA I SEMPRE<\/title>\n<meta name=\"robots\" content=\"index, follow, max-snippet:-1, max-image-preview:large, max-video-preview:-1\" \/>\n<link rel=\"canonical\" href=\"https:\/\/araisemprecultura.cat\/index.php\/trobada-bastonera-infantil-de-catalunya-2022\/noticies\/araisempre\/\" \/>\n<meta property=\"og:locale\" content=\"ca_ES\" \/>\n<meta property=\"og:type\" content=\"article\" \/>\n<meta property=\"og:title\" content=\"Trobada Bastonera Infantil de Catalunya 2022 - ARA I SEMPRE\" \/>\n<meta property=\"og:description\" content=\"Avui hem participat en la V Trobada Bastonera Infantil, a Cardedeu, a trav\u00e9s de la Colla Bastonera Les Romanes i el Ball de Bastons de Sant Andreu! Una passada de jornada que ha comen\u00e7at amb tot de jocs aquest mat\u00ed i han acabat amb una maqu\u00edssima cercavila i ballada final, al costat de tot de [&hellip;]\" \/>\n<meta property=\"og:url\" content=\"https:\/\/araisemprecultura.cat\/index.php\/trobada-bastonera-infantil-de-catalunya-2022\/noticies\/araisempre\/\" \/>\n<meta property=\"og:site_name\" content=\"ARA I SEMPRE\" \/>\n<meta property=\"article:published_time\" content=\"2022-10-22T23:50:00+00:00\" \/>\n<meta property=\"article:modified_time\" content=\"2024-02-11T17:25:30+00:00\" \/>\n<meta property=\"og:image\" content=\"https:\/\/araisemprecultura.cat\/wp-content\/uploads\/2024\/01\/AvuihemparticipatenlaVTrobadaBastoneraInfantilaCardedeuUnapassadadejornadaquehacomencatambtotdejocsaquestmatiihanacabatambunamaquissimacercavilaiballadafinala-2.jpg\" \/>\n\t<meta property=\"og:image:width\" content=\"1080\" \/>\n\t<meta property=\"og:image:height\" content=\"720\" \/>\n\t<meta property=\"og:image:type\" content=\"image\/jpeg\" \/>\n<meta name=\"author\" content=\"Associaci\u00f3 ARA I SEMPRE\" \/>\n<meta name=\"twitter:card\" content=\"summary_large_image\" \/>\n<meta name=\"twitter:label1\" content=\"Escrit per\" \/>\n\t<meta name=\"twitter:data1\" content=\"Associaci\u00f3 ARA I SEMPRE\" \/>\n\t<meta name=\"twitter:label2\" content=\"Temps estimat de lectura\" \/>\n\t<meta name=\"twitter:data2\" content=\"3 minuts\" \/>\n<script type=\"application\/ld+json\" class=\"yoast-schema-graph\">{\"@context\":\"https:\/\/schema.org\",\"@graph\":[{\"@type\":\"Article\",\"@id\":\"https:\/\/araisemprecultura.cat\/index.php\/trobada-bastonera-infantil-de-catalunya-2022\/noticies\/araisempre\/#article\",\"isPartOf\":{\"@id\":\"https:\/\/araisemprecultura.cat\/index.php\/trobada-bastonera-infantil-de-catalunya-2022\/noticies\/araisempre\/\"},\"author\":{\"name\":\"Associaci\u00f3 ARA I SEMPRE\",\"@id\":\"https:\/\/araisemprecultura.cat\/#\/schema\/person\/63f5d9084c529771425e563e055e9753\"},\"headline\":\"Trobada Bastonera Infantil de Catalunya 2022\",\"datePublished\":\"2022-10-22T23:50:00+00:00\",\"dateModified\":\"2024-02-11T17:25:30+00:00\",\"mainEntityOfPage\":{\"@id\":\"https:\/\/araisemprecultura.cat\/index.php\/trobada-bastonera-infantil-de-catalunya-2022\/noticies\/araisempre\/\"},\"wordCount\":98,\"publisher\":{\"@id\":\"https:\/\/araisemprecultura.cat\/#organization\"},\"articleSection\":[\"Ball de Bastons\",\"Not\u00edcies\"],\"inLanguage\":\"ca\"},{\"@type\":\"WebPage\",\"@id\":\"https:\/\/araisemprecultura.cat\/index.php\/trobada-bastonera-infantil-de-catalunya-2022\/noticies\/araisempre\/\",\"url\":\"https:\/\/araisemprecultura.cat\/index.php\/trobada-bastonera-infantil-de-catalunya-2022\/noticies\/araisempre\/\",\"name\":\"Trobada Bastonera Infantil de Catalunya 2022 - ARA I SEMPRE\",\"isPartOf\":{\"@id\":\"https:\/\/araisemprecultura.cat\/#website\"},\"datePublished\":\"2022-10-22T23:50:00+00:00\",\"dateModified\":\"2024-02-11T17:25:30+00:00\",\"breadcrumb\":{\"@id\":\"https:\/\/araisemprecultura.cat\/index.php\/trobada-bastonera-infantil-de-catalunya-2022\/noticies\/araisempre\/#breadcrumb\"},\"inLanguage\":\"ca\",\"potentialAction\":[{\"@type\":\"ReadAction\",\"target\":[\"https:\/\/araisemprecultura.cat\/index.php\/trobada-bastonera-infantil-de-catalunya-2022\/noticies\/araisempre\/\"]}]},{\"@type\":\"BreadcrumbList\",\"@id\":\"https:\/\/araisemprecultura.cat\/index.php\/trobada-bastonera-infantil-de-catalunya-2022\/noticies\/araisempre\/#breadcrumb\",\"itemListElement\":[{\"@type\":\"ListItem\",\"position\":1,\"name\":\"Inici\",\"item\":\"https:\/\/araisemprecultura.cat\/\"},{\"@type\":\"ListItem\",\"position\":2,\"name\":\"Trobada Bastonera Infantil de Catalunya 2022\"}]},{\"@type\":\"WebSite\",\"@id\":\"https:\/\/araisemprecultura.cat\/#website\",\"url\":\"https:\/\/araisemprecultura.cat\/\",\"name\":\"ARA I SEMPRE\",\"description\":\"\",\"publisher\":{\"@id\":\"https:\/\/araisemprecultura.cat\/#organization\"},\"potentialAction\":[{\"@type\":\"SearchAction\",\"target\":{\"@type\":\"EntryPoint\",\"urlTemplate\":\"https:\/\/araisemprecultura.cat\/?s={search_term_string}\"},\"query-input\":\"required name=search_term_string\"}],\"inLanguage\":\"ca\"},{\"@type\":\"Organization\",\"@id\":\"https:\/\/araisemprecultura.cat\/#organization\",\"name\":\"ARA I SEMPRE\",\"url\":\"https:\/\/araisemprecultura.cat\/\",\"logo\":{\"@type\":\"ImageObject\",\"inLanguage\":\"ca\",\"@id\":\"https:\/\/araisemprecultura.cat\/#\/schema\/logo\/image\/\",\"url\":\"https:\/\/araisemprecultura.cat\/wp-content\/uploads\/2022\/02\/Disseny-imatge-ara-i-sempre-161.png\",\"contentUrl\":\"https:\/\/araisemprecultura.cat\/wp-content\/uploads\/2022\/02\/Disseny-imatge-ara-i-sempre-161.png\",\"width\":\"1962\",\"height\":\"713\",\"caption\":\"ARA I SEMPRE\"},\"image\":{\"@id\":\"https:\/\/araisemprecultura.cat\/#\/schema\/logo\/image\/\"}},{\"@type\":\"Person\",\"@id\":\"https:\/\/araisemprecultura.cat\/#\/schema\/person\/63f5d9084c529771425e563e055e9753\",\"name\":\"Associaci\u00f3 ARA I SEMPRE\",\"image\":{\"@type\":\"ImageObject\",\"inLanguage\":\"ca\",\"@id\":\"https:\/\/araisemprecultura.cat\/#\/schema\/person\/image\/\",\"url\":\"https:\/\/secure.gravatar.com\/avatar\/79119cae4235670f2cf10d32f7e31d7e8ddcdc1f4fa0a59abe7d167411092c01?s=96&r=g\",\"contentUrl\":\"https:\/\/secure.gravatar.com\/avatar\/79119cae4235670f2cf10d32f7e31d7e8ddcdc1f4fa0a59abe7d167411092c01?s=96&r=g\",\"caption\":\"Associaci\u00f3 ARA I SEMPRE\"},\"url\":\"https:\/\/araisemprecultura.cat\/index.php\/author\/araisempre\/\"}]}<\/script>\n<!-- \/ Yoast SEO plugin. -->","yoast_head_json":{"title":"Trobada Bastonera Infantil de Catalunya 2022 - ARA I SEMPRE","robots":{"index":"index","follow":"follow","max-snippet":"max-snippet:-1","max-image-preview":"max-image-preview:large","max-video-preview":"max-video-preview:-1"},"canonical":"https:\/\/araisemprecultura.cat\/index.php\/trobada-bastonera-infantil-de-catalunya-2022\/noticies\/araisempre\/","og_locale":"ca_ES","og_type":"article","og_title":"Trobada Bastonera Infantil de Catalunya 2022 - ARA I SEMPRE","og_description":"Avui hem participat en la V Trobada Bastonera Infantil, a Cardedeu, a trav\u00e9s de la Colla Bastonera Les Romanes i el Ball de Bastons de Sant Andreu! Una passada de jornada que ha comen\u00e7at amb tot de jocs aquest mat\u00ed i han acabat amb una maqu\u00edssima cercavila i ballada final, al costat de tot de [&hellip;]","og_url":"https:\/\/araisemprecultura.cat\/index.php\/trobada-bastonera-infantil-de-catalunya-2022\/noticies\/araisempre\/","og_site_name":"ARA I SEMPRE","article_published_time":"2022-10-22T23:50:00+00:00","article_modified_time":"2024-02-11T17:25:30+00:00","og_image":[{"width":"1080","height":"720","url":"https:\/\/araisemprecultura.cat\/wp-content\/uploads\/2024\/01\/AvuihemparticipatenlaVTrobadaBastoneraInfantilaCardedeuUnapassadadejornadaquehacomencatambtotdejocsaquestmatiihanacabatambunamaquissimacercavilaiballadafinala-2.jpg","type":"image\/jpeg"}],"author":"Associaci\u00f3 ARA I SEMPRE","twitter_card":"summary_large_image","twitter_misc":{"Escrit per":"Associaci\u00f3 ARA I SEMPRE","Temps estimat de lectura":"3 minuts"},"schema":{"@context":"https:\/\/schema.org","@graph":[{"@type":"Article","@id":"https:\/\/araisemprecultura.cat\/index.php\/trobada-bastonera-infantil-de-catalunya-2022\/noticies\/araisempre\/#article","isPartOf":{"@id":"https:\/\/araisemprecultura.cat\/index.php\/trobada-bastonera-infantil-de-catalunya-2022\/noticies\/araisempre\/"},"author":{"name":"Associaci\u00f3 ARA I SEMPRE","@id":"https:\/\/araisemprecultura.cat\/#\/schema\/person\/63f5d9084c529771425e563e055e9753"},"headline":"Trobada Bastonera Infantil de Catalunya 2022","datePublished":"2022-10-22T23:50:00+00:00","dateModified":"2024-02-11T17:25:30+00:00","mainEntityOfPage":{"@id":"https:\/\/araisemprecultura.cat\/index.php\/trobada-bastonera-infantil-de-catalunya-2022\/noticies\/araisempre\/"},"wordCount":98,"publisher":{"@id":"https:\/\/araisemprecultura.cat\/#organization"},"articleSection":["Ball de Bastons","Not\u00edcies"],"inLanguage":"ca"},{"@type":"WebPage","@id":"https:\/\/araisemprecultura.cat\/index.php\/trobada-bastonera-infantil-de-catalunya-2022\/noticies\/araisempre\/","url":"https:\/\/araisemprecultura.cat\/index.php\/trobada-bastonera-infantil-de-catalunya-2022\/noticies\/araisempre\/","name":"Trobada Bastonera Infantil de Catalunya 2022 - ARA I SEMPRE","isPartOf":{"@id":"https:\/\/araisemprecultura.cat\/#website"},"datePublished":"2022-10-22T23:50:00+00:00","dateModified":"2024-02-11T17:25:30+00:00","breadcrumb":{"@id":"https:\/\/araisemprecultura.cat\/index.php\/trobada-bastonera-infantil-de-catalunya-2022\/noticies\/araisempre\/#breadcrumb"},"inLanguage":"ca","potentialAction":[{"@type":"ReadAction","target":["https:\/\/araisemprecultura.cat\/index.php\/trobada-bastonera-infantil-de-catalunya-2022\/noticies\/araisempre\/"]}]},{"@type":"BreadcrumbList","@id":"https:\/\/araisemprecultura.cat\/index.php\/trobada-bastonera-infantil-de-catalunya-2022\/noticies\/araisempre\/#breadcrumb","itemListElement":[{"@type":"ListItem","position":1,"name":"Inici","item":"https:\/\/araisemprecultura.cat\/"},{"@type":"ListItem","position":2,"name":"Trobada Bastonera Infantil de Catalunya 2022"}]},{"@type":"WebSite","@id":"https:\/\/araisemprecultura.cat\/#website","url":"https:\/\/araisemprecultura.cat\/","name":"ARA I SEMPRE","description":"","publisher":{"@id":"https:\/\/araisemprecultura.cat\/#organization"},"potentialAction":[{"@type":"SearchAction","target":{"@type":"EntryPoint","urlTemplate":"https:\/\/araisemprecultura.cat\/?s={search_term_string}"},"query-input":"required name=search_term_string"}],"inLanguage":"ca"},{"@type":"Organization","@id":"https:\/\/araisemprecultura.cat\/#organization","name":"ARA I SEMPRE","url":"https:\/\/araisemprecultura.cat\/","logo":{"@type":"ImageObject","inLanguage":"ca","@id":"https:\/\/araisemprecultura.cat\/#\/schema\/logo\/image\/","url":"https:\/\/araisemprecultura.cat\/wp-content\/uploads\/2022\/02\/Disseny-imatge-ara-i-sempre-161.png","contentUrl":"https:\/\/araisemprecultura.cat\/wp-content\/uploads\/2022\/02\/Disseny-imatge-ara-i-sempre-161.png","width":"1962","height":"713","caption":"ARA I SEMPRE"},"image":{"@id":"https:\/\/araisemprecultura.cat\/#\/schema\/logo\/image\/"}},{"@type":"Person","@id":"https:\/\/araisemprecultura.cat\/#\/schema\/person\/63f5d9084c529771425e563e055e9753","name":"Associaci\u00f3 ARA I SEMPRE","image":{"@type":"ImageObject","inLanguage":"ca","@id":"https:\/\/araisemprecultura.cat\/#\/schema\/person\/image\/","url":"https:\/\/secure.gravatar.com\/avatar\/79119cae4235670f2cf10d32f7e31d7e8ddcdc1f4fa0a59abe7d167411092c01?s=96&r=g","contentUrl":"https:\/\/secure.gravatar.com\/avatar\/79119cae4235670f2cf10d32f7e31d7e8ddcdc1f4fa0a59abe7d167411092c01?s=96&r=g","caption":"Associaci\u00f3 ARA I SEMPRE"},"url":"https:\/\/araisemprecultura.cat\/index.php\/author\/araisempre\/"}]}},"_links":{"self":[{"href":"https:\/\/araisemprecultura.cat\/index.php\/wp-json\/wp\/v2\/posts\/1341","targetHints":{"allow":["GET"]}}],"collection":[{"href":"https:\/\/araisemprecultura.cat\/index.php\/wp-json\/wp\/v2\/posts"}],"about":[{"href":"https:\/\/araisemprecultura.cat\/index.php\/wp-json\/wp\/v2\/types\/post"}],"author":[{"embeddable":true,"href":"https:\/\/araisemprecultura.cat\/index.php\/wp-json\/wp\/v2\/users\/3"}],"replies":[{"embeddable":true,"href":"https:\/\/araisemprecultura.cat\/index.php\/wp-json\/wp\/v2\/comments?post=1341"}],"version-history":[{"count":7,"href":"https:\/\/araisemprecultura.cat\/index.php\/wp-json\/wp\/v2\/posts\/1341\/revisions"}],"predecessor-version":[{"id":1466,"href":"https:\/\/araisemprecultura.cat\/index.php\/wp-json\/wp\/v2\/posts\/1341\/revisions\/1466"}],"wp:featuredmedia":[{"embeddable":true,"href":"https:\/\/araisemprecultura.cat\/index.php\/wp-json\/wp\/v2\/media\/1455"}],"wp:attachment":[{"href":"https:\/\/araisemprecultura.cat\/index.php\/wp-json\/wp\/v2\/media?parent=1341"}],"wp:term":[{"taxonomy":"category","embeddable":true,"href":"https:\/\/araisemprecultura.cat\/index.php\/wp-json\/wp\/v2\/categories?post=1341"},{"taxonomy":"post_tag","embeddable":true,"href":"https:\/\/araisemprecultura.cat\/index.php\/wp-json\/wp\/v2\/tags?post=1341"}],"curies":[{"name":"wp","href":"https:\/\/api.w.org\/{rel}","templated":true}]}}